{"id":3107,"date":"2024-06-01T13:06:35","date_gmt":"2024-06-01T11:06:35","guid":{"rendered":"https:\/\/agora.xtec.cat\/ins-intermunicipal\/?p=3107"},"modified":"2024-06-01T13:06:35","modified_gmt":"2024-06-01T11:06:35","slug":"ofertes-de-feina-a-lalt-penedes-31-de-maig","status":"publish","type":"post","link":"https:\/\/agora.xtec.cat\/ins-intermunicipal\/formacio-professional\/feina-fp\/ofertes-de-feina-a-lalt-penedes-31-de-maig\/","title":{"rendered":"Ofertes de feina a l&#8217;Alt Pened\u00e8s 31 de maig"},"content":{"rendered":"<p>Compartim amb vosaltres les<a href=\"https:\/\/drive.google.com\/file\/d\/12kRrERIk7y1IxS9NkeSeXSWOmhw5pjqs\/view?usp=sharing\"> ofertes de feina actualitzades<\/a> que l\u2019Oficina Municipal del Treball de Vilafranca del Pened\u00e8s ens ha preparat. Trobareu vacants vinculades als estudis que tenim a l\u2019Institut Intermunicipal del Pened\u00e8s. L\u2019oficina ens informa sobre <a href=\"https:\/\/drive.google.com\/file\/d\/1xm47w5oo26mUb__wEi3JihOmbYvX0h3l\/view?usp=sharing\">com s\u2019ha de procedir<\/a> per formalitzar les inscripcions. L&#8217;oficina informa tamb\u00e9 que hi ha cursos oberts amb per\u00edode de preinscripci\u00f3. Per a m\u00e9s informaci\u00f3 podeu accedir al seg\u00fcent <a href=\"https:\/\/ocupacio.vilafranca.cat\/servei-les-persones\/formacio\">enlla\u00e7<\/a>.<\/p>\n","protected":false},"excerpt":{"rendered":"<p>Compartim amb vosaltres les<a href=\"https:\/\/drive.google.com\/file\/d\/12kRrERIk7y1IxS9NkeSeXSWOmhw5pjqs\/view?usp=sharing\"> ofertes de feina actualitzades<\/a> que l\u2019Oficina Municipal del Treball de Vilafranca del Pened\u00e8s ens ha preparat. Trobareu vacants vinculades als estudis que tenim a l\u2019Institut Intermunicipal del Pened\u00e8s. L\u2019oficina ens informa sobre <a href=\"https:\/\/drive.google.com\/file\/d\/1xm47w5oo26mUb__wEi3JihOmbYvX0h3l\/view?usp=sharing\">com s\u2019ha de procedir<\/a> per formalitzar les&hellip;  <a href=\"https:\/\/agora.xtec.cat\/ins-intermunicipal\/formacio-professional\/feina-fp\/ofertes-de-feina-a-lalt-penedes-31-de-maig\/\" title=\"Read Ofertes de feina a l&#8217;Alt Pened\u00e8s 31 de maig\">Llegeix m\u00e9s\u00bb<\/a><\/p>\n","protected":false},"author":8,"featured_media":0,"comment_status":"closed","ping_status":"closed","sticky":false,"template":"","format":"standard","meta":{"_bbp_topic_count":0,"_bbp_reply_count":0,"_bbp_total_topic_count":0,"_bbp_total_reply_count":0,"_bbp_voice_count":0,"_bbp_anonymous_reply_count":0,"_bbp_topic_count_hidden":0,"_bbp_reply_count_hidden":0,"_bbp_forum_subforum_count":0,"footnotes":""},"categories":[189],"tags":[183],"class_list":["post-3107","post","type-post","status-publish","format-standard","hentry","category-feina-fp","tag-fp"],"post_mailing_queue_ids":[],"_links":{"self":[{"href":"https:\/\/agora.xtec.cat\/ins-intermunicipal\/wp-json\/wp\/v2\/posts\/3107","targetHints":{"allow":["GET"]}}],"collection":[{"href":"https:\/\/agora.xtec.cat\/ins-intermunicipal\/wp-json\/wp\/v2\/posts"}],"about":[{"href":"https:\/\/agora.xtec.cat\/ins-intermunicipal\/wp-json\/wp\/v2\/types\/post"}],"author":[{"embeddable":true,"href":"https:\/\/agora.xtec.cat\/ins-intermunicipal\/wp-json\/wp\/v2\/users\/8"}],"replies":[{"embeddable":true,"href":"https:\/\/agora.xtec.cat\/ins-intermunicipal\/wp-json\/wp\/v2\/comments?post=3107"}],"version-history":[{"count":1,"href":"https:\/\/agora.xtec.cat\/ins-intermunicipal\/wp-json\/wp\/v2\/posts\/3107\/revisions"}],"predecessor-version":[{"id":3108,"href":"https:\/\/agora.xtec.cat\/ins-intermunicipal\/wp-json\/wp\/v2\/posts\/3107\/revisions\/3108"}],"wp:attachment":[{"href":"https:\/\/agora.xtec.cat\/ins-intermunicipal\/wp-json\/wp\/v2\/media?parent=3107"}],"wp:term":[{"taxonomy":"category","embeddable":true,"href":"https:\/\/agora.xtec.cat\/ins-intermunicipal\/wp-json\/wp\/v2\/categories?post=3107"},{"taxonomy":"post_tag","embeddable":true,"href":"https:\/\/agora.xtec.cat\/ins-intermunicipal\/wp-json\/wp\/v2\/tags?post=3107"}],"curies":[{"name":"wp","href":"https:\/\/api.w.org\/{rel}","templated":true}]}}