{"id":3093,"date":"2024-05-30T11:44:23","date_gmt":"2024-05-30T09:44:23","guid":{"rendered":"https:\/\/agora.xtec.cat\/ins-intermunicipal\/?p=3093"},"modified":"2024-05-30T11:46:02","modified_gmt":"2024-05-30T09:46:02","slug":"subhasta-benefica-del-projecte-solidart","status":"publish","type":"post","link":"https:\/\/agora.xtec.cat\/ins-intermunicipal\/general\/subhasta-benefica-del-projecte-solidart\/","title":{"rendered":"Subhasta ben\u00e8fica del Projecte SolidArt"},"content":{"rendered":"<p style=\"text-align: justify;\"><a href=\"https:\/\/agora.xtec.cat\/ins-intermunicipal\/wp-content\/uploads\/usu2220\/2024\/05\/Cartell-Solidart-expo-subhasta-e1717061649342.jpg\"><img loading=\"lazy\" decoding=\"async\" class=\"alignleft wp-image-3094 \" src=\"https:\/\/agora.xtec.cat\/ins-intermunicipal\/wp-content\/uploads\/usu2220\/2024\/05\/Cartell-Solidart-expo-subhasta-212x300.jpg\" alt=\"\" width=\"323\" height=\"457\" \/><\/a>Avui es far\u00e0 la subhasta ben\u00e8fica de les obres del <a href=\"https:\/\/agora.xtec.cat\/ins-intermunicipal\/general\/el-projecte-solidart-de-linstitut-intermunicipal-amb-som-sant-sadurni-i-la-fundacio-mas-alborna\/\" target=\"_blank\" rel=\"noopener\">Projecte SolidArt.<\/a> Concretament seran subhastades les obres elaborades pels alumnes de 3r d&#8217;ESO del nostre institut que pr\u00e8viament han estat exposades als aparadors dels comer\u00e7os de Sant Sadurn\u00ed d&#8217;Anoia gr\u00e0cies a la col\u00b7laboraci\u00f3 de <a href=\"http:\/\/www.somsantsadurni.com\/\" target=\"_blank\" rel=\"noopener\">Som Sant Sadurn\u00ed.<\/a> Els guanys que se n&#8217;obtinguin es donaran a la <a href=\"https:\/\/masalborna.org\/\" target=\"_blank\" rel=\"noopener\">Fundaci\u00f3 Mas Alborn\u00e0.<\/a><\/p>\n<p style=\"text-align: justify;\">Us convidem a participar a la subhasta, avui 30 de maig a les 7 de la tarda al Casal d&#8217;Entitats de Sant Sadurn\u00ed d&#8217;Anoia.<\/p>\n","protected":false},"excerpt":{"rendered":"<p><a href=\"https:\/\/agora.xtec.cat\/ins-intermunicipal\/wp-content\/uploads\/usu2220\/2024\/05\/Cartell-Solidart-expo-subhasta-e1717061649342.jpg\"><\/a>Avui es far\u00e0 la subhasta ben\u00e8fica de les obres del <a href=\"https:\/\/agora.xtec.cat\/ins-intermunicipal\/general\/el-projecte-solidart-de-linstitut-intermunicipal-amb-som-sant-sadurni-i-la-fundacio-mas-alborna\/\" target=\"_blank\" rel=\"noopener\">Projecte SolidArt.<\/a> Concretament seran subhastades les obres elaborades pels alumnes de 3r d&#8217;ESO del nostre institut que pr\u00e8viament han estat exposades als aparadors dels comer\u00e7os de Sant Sadurn\u00ed d&#8217;Anoia gr\u00e0cies a&hellip;  <a href=\"https:\/\/agora.xtec.cat\/ins-intermunicipal\/general\/subhasta-benefica-del-projecte-solidart\/\" title=\"Read Subhasta ben\u00e8fica del Projecte SolidArt\">Llegeix m\u00e9s\u00bb<\/a><\/p>\n","protected":false},"author":7,"featured_media":3094,"comment_status":"closed","ping_status":"closed","sticky":false,"template":"","format":"standard","meta":{"_bbp_topic_count":0,"_bbp_reply_count":0,"_bbp_total_topic_count":0,"_bbp_total_reply_count":0,"_bbp_voice_count":0,"_bbp_anonymous_reply_count":0,"_bbp_topic_count_hidden":0,"_bbp_reply_count_hidden":0,"_bbp_forum_subforum_count":0,"footnotes":""},"categories":[6,3,1,29],"tags":[462,479,461,473],"class_list":["post-3093","post","type-post","status-publish","format-standard","has-post-thumbnail","hentry","category-3eso","category-eso","category-general","category-portada","tag-fundacio-mas-alborna","tag-projecte-solidart","tag-som-sant-sadurni","tag-subhasta"],"post_mailing_queue_ids":[],"_links":{"self":[{"href":"https:\/\/agora.xtec.cat\/ins-intermunicipal\/wp-json\/wp\/v2\/posts\/3093","targetHints":{"allow":["GET"]}}],"collection":[{"href":"https:\/\/agora.xtec.cat\/ins-intermunicipal\/wp-json\/wp\/v2\/posts"}],"about":[{"href":"https:\/\/agora.xtec.cat\/ins-intermunicipal\/wp-json\/wp\/v2\/types\/post"}],"author":[{"embeddable":true,"href":"https:\/\/agora.xtec.cat\/ins-intermunicipal\/wp-json\/wp\/v2\/users\/7"}],"replies":[{"embeddable":true,"href":"https:\/\/agora.xtec.cat\/ins-intermunicipal\/wp-json\/wp\/v2\/comments?post=3093"}],"version-history":[{"count":3,"href":"https:\/\/agora.xtec.cat\/ins-intermunicipal\/wp-json\/wp\/v2\/posts\/3093\/revisions"}],"predecessor-version":[{"id":3097,"href":"https:\/\/agora.xtec.cat\/ins-intermunicipal\/wp-json\/wp\/v2\/posts\/3093\/revisions\/3097"}],"wp:featuredmedia":[{"embeddable":true,"href":"https:\/\/agora.xtec.cat\/ins-intermunicipal\/wp-json\/wp\/v2\/media\/3094"}],"wp:attachment":[{"href":"https:\/\/agora.xtec.cat\/ins-intermunicipal\/wp-json\/wp\/v2\/media?parent=3093"}],"wp:term":[{"taxonomy":"category","embeddable":true,"href":"https:\/\/agora.xtec.cat\/ins-intermunicipal\/wp-json\/wp\/v2\/categories?post=3093"},{"taxonomy":"post_tag","embeddable":true,"href":"https:\/\/agora.xtec.cat\/ins-intermunicipal\/wp-json\/wp\/v2\/tags?post=3093"}],"curies":[{"name":"wp","href":"https:\/\/api.w.org\/{rel}","templated":true}]}}