{"id":3082,"date":"2024-05-28T12:43:47","date_gmt":"2024-05-28T10:43:47","guid":{"rendered":"https:\/\/agora.xtec.cat\/ins-intermunicipal\/?p=3082"},"modified":"2024-06-05T13:06:24","modified_gmt":"2024-06-05T11:06:24","slug":"presentacio-dels-projectes-entorns-de-natura","status":"publish","type":"post","link":"https:\/\/agora.xtec.cat\/ins-intermunicipal\/general\/presentacio-dels-projectes-entorns-de-natura\/","title":{"rendered":"Presentaci\u00f3 dels projectes Entorns de Natura"},"content":{"rendered":"<p align=\"justify\"><span style=\"color: #222222;\"><span style=\"font-family: Arial, sans-serif;\"><span style=\"font-size: small;\"><a href=\"https:\/\/agora.xtec.cat\/ins-intermunicipal\/wp-content\/uploads\/usu2220\/2024\/05\/Invitacio-a-la-Fassina-de-Can-Guineu-2-1.png\"><img loading=\"lazy\" decoding=\"async\" class=\"alignleft wp-image-3148 \" src=\"https:\/\/agora.xtec.cat\/ins-intermunicipal\/wp-content\/uploads\/usu2220\/2024\/05\/Invitacio-a-la-Fassina-de-Can-Guineu-2-1-212x300.png\" alt=\"\" width=\"310\" height=\"439\" srcset=\"https:\/\/agora.xtec.cat\/ins-intermunicipal\/wp-content\/uploads\/usu2220\/2024\/05\/Invitacio-a-la-Fassina-de-Can-Guineu-2-1-212x300.png 212w, https:\/\/agora.xtec.cat\/ins-intermunicipal\/wp-content\/uploads\/usu2220\/2024\/05\/Invitacio-a-la-Fassina-de-Can-Guineu-2-1-724x1024.png 724w, https:\/\/agora.xtec.cat\/ins-intermunicipal\/wp-content\/uploads\/usu2220\/2024\/05\/Invitacio-a-la-Fassina-de-Can-Guineu-2-1-768x1086.png 768w, https:\/\/agora.xtec.cat\/ins-intermunicipal\/wp-content\/uploads\/usu2220\/2024\/05\/Invitacio-a-la-Fassina-de-Can-Guineu-2-1.png 900w\" sizes=\"auto, (max-width: 310px) 100vw, 310px\" \/><\/a>Des del projecte <\/span><\/span><\/span><span style=\"color: #222222;\"><span style=\"font-family: Arial, sans-serif;\"><span style=\"font-size: small;\"><b>Entorns de Natura <\/b>dels alumnes de 4t d&#8217;ESO<\/span><\/span><\/span><span style=\"color: #222222;\"><span style=\"font-family: Arial, sans-serif;\"><span style=\"font-size: small;\"> i des de l&#8217;assignatura de <\/span><\/span><\/span><b style=\"font-family: Arial, sans-serif; font-size: small;\">Programaci\u00f3 <\/b>de <span style=\"font-family: inherit; font-size: 1em;\"><span style=\"font-family: Arial, sans-serif;\"><span style=\"font-size: small;\">1r de Batxillerat<b>, <\/b><\/span><\/span><\/span><span style=\"font-family: inherit; font-size: 1em;\"><span style=\"font-family: Arial, sans-serif;\"><span style=\"font-size: small;\">hem organitzat una acte a la <\/span><\/span><\/span><span style=\"font-family: inherit; font-size: 1em;\"><span style=\"font-family: Arial, sans-serif;\"><span style=\"font-size: small;\">Fassina de Can Guineu <\/span><\/span><\/span><span style=\"font-family: inherit; font-size: 1em;\"><span style=\"font-family: Arial, sans-serif;\"><span style=\"font-size: small;\">de Sant Sadurn\u00ed d\u2019Anoia (<\/span><\/span><\/span><span style=\"font-family: inherit; font-size: 1em;\"><span style=\"font-family: Arial, sans-serif;\"><span style=\"font-size: small;\">Carrer de l&#8217;Hospital, 23<\/span><\/span><\/span><span style=\"font-family: inherit; font-size: 1em;\"><span style=\"font-family: Arial, sans-serif;\"><span style=\"font-size: small;\">) el <\/span><\/span><\/span><span style=\"font-family: inherit; font-size: 1em;\"><span style=\"font-family: Arial, sans-serif;\"><span style=\"font-size: small;\">dissabte 15 de juny d&#8217;11 del mat\u00ed fins a la 1 del migdia <\/span><\/span><\/span><span style=\"font-family: inherit; font-size: 1em;\"><span style=\"font-family: Arial, sans-serif;\"><span style=\"font-size: small;\">per presentar els productes finals dels respectius projectes.\u00a0<\/span><\/span><\/span><\/p>\n<p align=\"justify\"><span style=\"color: #222222;\"><span style=\"font-family: Arial, sans-serif;\"><span style=\"font-size: small;\">Els alumnes de 4t han estudiat les diferents poblacions d&#8217;<\/span><\/span><\/span><span style=\"color: #222222;\"><span style=\"font-family: Arial, sans-serif;\"><span style=\"font-size: small;\">Orenetes, Ratpenats, Vespa velutina i L\u00edquens<\/span><\/span><\/span> <span style=\"color: #222222;\"><span style=\"font-family: Arial, sans-serif;\"><span style=\"font-size: small;\">de Sant Sadurn\u00ed d&#8217;Anoia, amb l&#8217;objectiu de crear una base de dades que s&#8217;actualitzi peri\u00f2dicament i sigui accessible per a la comunitat cient\u00edfica. Aix\u00ed doncs, grups de voluntaris dels diferents projectes presentaran els respectius resultats. <\/span><\/span><\/span><span style=\"color: #222222;\"><span style=\"font-family: Arial, sans-serif;\"><span style=\"font-size: small;\">Al seu torn, els alumnes de 1r de batxillerat presentaran la web que han creat per <\/span><\/span><\/span><span style=\"color: #222222;\"><span style=\"font-family: Arial, sans-serif;\"><span style=\"font-size: small;\">Can Mas de la Riera i que<\/span><\/span><\/span><span style=\"color: #222222;\"><span style=\"font-family: Arial, sans-serif;\"><span style=\"font-size: small;\"> inclour\u00e0 els resultats de les investigacions fetes pels alumnes de 4t d\u2019ESO.<\/span><\/span><\/span><\/p>\n<p align=\"justify\"><span style=\"color: #222222;\"><span style=\"font-family: Arial, sans-serif;\"><span style=\"font-size: small;\">Volem convidar-vos a l\u2019acte de presentaci\u00f3 del projectes i, tenint en compte que l&#8217;aforament de la Fassina \u00e9s de 200 persones, us demanem que ompliu aquest <\/span><\/span><\/span><a href=\"https:\/\/docs.google.com\/forms\/d\/1lN-a6iEk1HniVXsHxf_U1cDUSCUhF0iC_6yziG4eGqs\/edit\"><span style=\"color: #1155cc;\"><span style=\"font-family: Arial, sans-serif;\"><span style=\"font-size: small;\"><u>formulari d&#8217;assist\u00e8ncia.<\/u><\/span><\/span><\/span><\/a> <span style=\"color: #222222;\"><span style=\"font-family: Arial, sans-serif;\"><span style=\"font-size: small;\">Us hi esperem!<\/span><\/span><\/span><\/p>\n<p>&nbsp;<\/p>\n","protected":false},"excerpt":{"rendered":"<p><a href=\"https:\/\/agora.xtec.cat\/ins-intermunicipal\/wp-content\/uploads\/usu2220\/2024\/05\/Invitacio-a-la-Fassina-de-Can-Guineu-2-1.png\"><\/a>Des del projecte Entorns de Natura dels alumnes de 4t d&#8217;ESO i des de l&#8217;assignatura de Programaci\u00f3 de 1r de Batxillerat, hem organitzat una acte a la Fassina de Can Guineu de Sant Sadurn\u00ed d\u2019Anoia (Carrer de l&#8217;Hospital, 23) el dissabte 15 de juny&hellip;  <a href=\"https:\/\/agora.xtec.cat\/ins-intermunicipal\/general\/presentacio-dels-projectes-entorns-de-natura\/\" title=\"Read Presentaci\u00f3 dels projectes Entorns de Natura\">Llegeix m\u00e9s\u00bb<\/a><\/p>\n","protected":false},"author":7,"featured_media":3088,"comment_status":"closed","ping_status":"closed","sticky":false,"template":"","format":"standard","meta":{"_bbp_topic_count":0,"_bbp_reply_count":0,"_bbp_total_topic_count":0,"_bbp_total_reply_count":0,"_bbp_voice_count":0,"_bbp_anonymous_reply_count":0,"_bbp_topic_count_hidden":0,"_bbp_reply_count_hidden":0,"_bbp_forum_subforum_count":0,"footnotes":""},"categories":[1,29],"tags":[485,486,380],"class_list":["post-3082","post","type-post","status-publish","format-standard","has-post-thumbnail","hentry","category-general","category-portada","tag-entorns-de-natura","tag-fassina-de-can-guineu","tag-programacio"],"post_mailing_queue_ids":[],"_links":{"self":[{"href":"https:\/\/agora.xtec.cat\/ins-intermunicipal\/wp-json\/wp\/v2\/posts\/3082","targetHints":{"allow":["GET"]}}],"collection":[{"href":"https:\/\/agora.xtec.cat\/ins-intermunicipal\/wp-json\/wp\/v2\/posts"}],"about":[{"href":"https:\/\/agora.xtec.cat\/ins-intermunicipal\/wp-json\/wp\/v2\/types\/post"}],"author":[{"embeddable":true,"href":"https:\/\/agora.xtec.cat\/ins-intermunicipal\/wp-json\/wp\/v2\/users\/7"}],"replies":[{"embeddable":true,"href":"https:\/\/agora.xtec.cat\/ins-intermunicipal\/wp-json\/wp\/v2\/comments?post=3082"}],"version-history":[{"count":6,"href":"https:\/\/agora.xtec.cat\/ins-intermunicipal\/wp-json\/wp\/v2\/posts\/3082\/revisions"}],"predecessor-version":[{"id":3151,"href":"https:\/\/agora.xtec.cat\/ins-intermunicipal\/wp-json\/wp\/v2\/posts\/3082\/revisions\/3151"}],"wp:featuredmedia":[{"embeddable":true,"href":"https:\/\/agora.xtec.cat\/ins-intermunicipal\/wp-json\/wp\/v2\/media\/3088"}],"wp:attachment":[{"href":"https:\/\/agora.xtec.cat\/ins-intermunicipal\/wp-json\/wp\/v2\/media?parent=3082"}],"wp:term":[{"taxonomy":"category","embeddable":true,"href":"https:\/\/agora.xtec.cat\/ins-intermunicipal\/wp-json\/wp\/v2\/categories?post=3082"},{"taxonomy":"post_tag","embeddable":true,"href":"https:\/\/agora.xtec.cat\/ins-intermunicipal\/wp-json\/wp\/v2\/tags?post=3082"}],"curies":[{"name":"wp","href":"https:\/\/api.w.org\/{rel}","templated":true}]}}