{"id":3038,"date":"2024-05-24T13:08:30","date_gmt":"2024-05-24T11:08:30","guid":{"rendered":"https:\/\/agora.xtec.cat\/ins-intermunicipal\/?p=3038"},"modified":"2024-05-24T13:08:30","modified_gmt":"2024-05-24T11:08:30","slug":"landrea-gonzalez-premiada-pel-seu-treball-de-recerca","status":"publish","type":"post","link":"https:\/\/agora.xtec.cat\/ins-intermunicipal\/general\/landrea-gonzalez-premiada-pel-seu-treball-de-recerca\/","title":{"rendered":"L&#8217;Andrea Gonz\u00e1lez, premiada pel seu Treball de Recerca"},"content":{"rendered":"<p align=\"justify\"><a href=\"https:\/\/agora.xtec.cat\/ins-intermunicipal\/wp-content\/uploads\/usu2220\/2024\/05\/IMG-20240523-WA0003-e1716548412472.jpg\"><img loading=\"lazy\" decoding=\"async\" class=\"wp-image-3039  alignleft\" src=\"https:\/\/agora.xtec.cat\/ins-intermunicipal\/wp-content\/uploads\/usu2220\/2024\/05\/IMG-20240523-WA0003-300x200.jpg\" alt=\"\" width=\"365\" height=\"243\" \/><\/a>L\u2019Andrea Gonz\u00e1lez, alumna de 2n de Batxillerat del nostre institut, ha obtingut el 1r premi del concurs de p\u00f2sters de la XVIII edici\u00f3 dels Premis als Treballs de recerca de Batxillerat que concedeix l\u2019<a href=\"http:\/\/iec.cat\" target=\"_blank\" rel=\"noopener\">Institut d\u2019Estudis Catalans<\/a> en l&#8217;\u00e0mbit de la Qu\u00edmica 2024 pel seu treball titulat <b>Pluja \u00e0cida, la petjada de la industrialitzaci\u00f3<\/b>. A m\u00e9s del premi a l\u2019Andrea i per gentilesa de <a href=\"https:\/\/pidiscat.cat\/ca\/\" target=\"_blank\" rel=\"noopener\">Pidiscat<\/a>, <span lang=\"ca-ES\">la <a href=\"https:\/\/scq.iec.cat\/\" target=\"_blank\" rel=\"noopener\">Societat Catalana de Qu\u00edmica<\/a><\/span> <span lang=\"ca-ES\">ha fet entrega a l\u2019Institut Intermunicipal del Pened\u00e8s <\/span><span lang=\"ca-ES\">d\u2019<\/span><span lang=\"ca-ES\">un val de 100\u20ac <\/span><span lang=\"ca-ES\">per<\/span><span lang=\"ca-ES\"> material de laboratori.<\/span><\/p>\n<p align=\"justify\">Felicitem l\u2019Andrea pel seu premi, destaquem el seu esfor\u00e7 constant i l\u2019encoratgem a seguir aix\u00ed en els seus estudis futurs.<\/p>\n","protected":false},"excerpt":{"rendered":"<p><a href=\"https:\/\/agora.xtec.cat\/ins-intermunicipal\/wp-content\/uploads\/usu2220\/2024\/05\/IMG-20240523-WA0003-e1716548412472.jpg\"><\/a>L\u2019Andrea Gonz\u00e1lez, alumna de 2n de Batxillerat del nostre institut, ha obtingut el 1r premi del concurs de p\u00f2sters de la XVIII edici\u00f3 dels Premis als Treballs de recerca de Batxillerat que concedeix l\u2019<a href=\"http:\/\/iec.cat\" target=\"_blank\" rel=\"noopener\">Institut d\u2019Estudis Catalans<\/a> en l&#8217;\u00e0mbit de la Qu\u00edmica&hellip;  <a href=\"https:\/\/agora.xtec.cat\/ins-intermunicipal\/general\/landrea-gonzalez-premiada-pel-seu-treball-de-recerca\/\" title=\"Read L&#8217;Andrea Gonz\u00e1lez, premiada pel seu Treball de Recerca\">Llegeix m\u00e9s\u00bb<\/a><\/p>\n","protected":false},"author":7,"featured_media":3039,"comment_status":"closed","ping_status":"closed","sticky":false,"template":"","format":"standard","meta":{"_bbp_topic_count":0,"_bbp_reply_count":0,"_bbp_total_topic_count":0,"_bbp_total_reply_count":0,"_bbp_voice_count":0,"_bbp_anonymous_reply_count":0,"_bbp_topic_count_hidden":0,"_bbp_reply_count_hidden":0,"_bbp_forum_subforum_count":0,"footnotes":""},"categories":[107,8,1,29],"tags":[418,198,173,195,194],"class_list":["post-3038","post","type-post","status-publish","format-standard","has-post-thumbnail","hentry","category-bat2","category-bat","category-general","category-portada","tag-andrea-gonzalez","tag-iec","tag-premis","tag-scq","tag-treball-de-recerca"],"post_mailing_queue_ids":[],"_links":{"self":[{"href":"https:\/\/agora.xtec.cat\/ins-intermunicipal\/wp-json\/wp\/v2\/posts\/3038","targetHints":{"allow":["GET"]}}],"collection":[{"href":"https:\/\/agora.xtec.cat\/ins-intermunicipal\/wp-json\/wp\/v2\/posts"}],"about":[{"href":"https:\/\/agora.xtec.cat\/ins-intermunicipal\/wp-json\/wp\/v2\/types\/post"}],"author":[{"embeddable":true,"href":"https:\/\/agora.xtec.cat\/ins-intermunicipal\/wp-json\/wp\/v2\/users\/7"}],"replies":[{"embeddable":true,"href":"https:\/\/agora.xtec.cat\/ins-intermunicipal\/wp-json\/wp\/v2\/comments?post=3038"}],"version-history":[{"count":3,"href":"https:\/\/agora.xtec.cat\/ins-intermunicipal\/wp-json\/wp\/v2\/posts\/3038\/revisions"}],"predecessor-version":[{"id":3042,"href":"https:\/\/agora.xtec.cat\/ins-intermunicipal\/wp-json\/wp\/v2\/posts\/3038\/revisions\/3042"}],"wp:featuredmedia":[{"embeddable":true,"href":"https:\/\/agora.xtec.cat\/ins-intermunicipal\/wp-json\/wp\/v2\/media\/3039"}],"wp:attachment":[{"href":"https:\/\/agora.xtec.cat\/ins-intermunicipal\/wp-json\/wp\/v2\/media?parent=3038"}],"wp:term":[{"taxonomy":"category","embeddable":true,"href":"https:\/\/agora.xtec.cat\/ins-intermunicipal\/wp-json\/wp\/v2\/categories?post=3038"},{"taxonomy":"post_tag","embeddable":true,"href":"https:\/\/agora.xtec.cat\/ins-intermunicipal\/wp-json\/wp\/v2\/tags?post=3038"}],"curies":[{"name":"wp","href":"https:\/\/api.w.org\/{rel}","templated":true}]}}