{"id":2926,"date":"2024-05-16T13:13:12","date_gmt":"2024-05-16T11:13:12","guid":{"rendered":"https:\/\/agora.xtec.cat\/ins-intermunicipal\/?p=2926"},"modified":"2024-05-16T13:36:53","modified_gmt":"2024-05-16T11:36:53","slug":"ruta-solidart-amb-els-usuaris-de-la-fundacio-mas-alborna","status":"publish","type":"post","link":"https:\/\/agora.xtec.cat\/ins-intermunicipal\/general\/ruta-solidart-amb-els-usuaris-de-la-fundacio-mas-alborna\/","title":{"rendered":"Ruta SolidArt amb els usuaris de la Fundaci\u00f3 Mas Alborn\u00e0"},"content":{"rendered":"<p align=\"justify\"><span style=\"color: #000000;\"><span style=\"font-family: Arial, sans-serif;\"><span style=\"font-size: medium;\">Avui un grup d\u2019alumnes de 3r d\u2019ESO format pel Bernat Mart\u00edn Ros, l\u2019Adri\u00e1n Acedo Gil, l\u2019Eloi Centelles Cruces, la Sanae Moaouia, l\u2019\u00c0ngela Pardo Perez i la Daniela Osuna Gonz\u00e1lez, hem acompanyat els usuaris de la <a href=\"https:\/\/masalborna.org\/\" target=\"_blank\" rel=\"noopener\">Fundaci\u00f3 Mas Alborn\u00e0<\/a> a fer una ruta guiada per Sant Sadurn\u00ed d\u2019Anoia amb l\u2019objectiu de poder veure els quadres del projecte SolidArt que s\u00f3n exposats als aparadors d\u2019una colla de botigues membres de<a href=\"http:\/\/www.somsantsadurni.com\/\" target=\"_blank\" rel=\"noopener\"> Som Sant Sadurn\u00ed.<\/a> Durant el recorregut, hem fet una breu explicaci\u00f3 del projecte SolidArt i tamb\u00e9 de les obres exposades. Ha estat per tots una una activitat i una experi\u00e8ncia molt enriquidora que repetirem la setmana que ve amb un altre grup.<\/span><\/span><\/span><\/p>\n<p align=\"justify\"><a href=\"https:\/\/agora.xtec.cat\/ins-intermunicipal\/wp-content\/uploads\/usu2220\/2024\/05\/WhatsApp-Image-2024-05-16-at-12.42.49-e1715857455498.jpeg\"><img loading=\"lazy\" decoding=\"async\" class=\"alignleft wp-image-2935 size-medium\" src=\"https:\/\/agora.xtec.cat\/ins-intermunicipal\/wp-content\/uploads\/usu2220\/2024\/05\/WhatsApp-Image-2024-05-16-at-12.42.49-300x225.jpeg\" alt=\"\" width=\"300\" height=\"225\" \/><\/a><a href=\"https:\/\/agora.xtec.cat\/ins-intermunicipal\/wp-content\/uploads\/usu2220\/2024\/05\/WhatsApp-Image-2024-05-16-at-12.42.51-e1715857545217.jpeg\"><img loading=\"lazy\" decoding=\"async\" class=\"alignleft wp-image-2929 size-medium\" src=\"https:\/\/agora.xtec.cat\/ins-intermunicipal\/wp-content\/uploads\/usu2220\/2024\/05\/WhatsApp-Image-2024-05-16-at-12.42.51-300x225.jpeg\" alt=\"\" width=\"300\" height=\"225\" \/><\/a><a href=\"https:\/\/agora.xtec.cat\/ins-intermunicipal\/wp-content\/uploads\/usu2220\/2024\/05\/WhatsApp-Image-2024-05-16-at-12.42.50-e1715857516858.jpeg\"><img loading=\"lazy\" decoding=\"async\" class=\"alignleft wp-image-2931 size-medium\" src=\"https:\/\/agora.xtec.cat\/ins-intermunicipal\/wp-content\/uploads\/usu2220\/2024\/05\/WhatsApp-Image-2024-05-16-at-12.42.50-300x225.jpeg\" alt=\"\" width=\"300\" height=\"225\" \/><\/a><a href=\"https:\/\/agora.xtec.cat\/ins-intermunicipal\/wp-content\/uploads\/usu2220\/2024\/05\/WhatsApp-Image-2024-05-16-at-12.42.52-e1715857531176.jpeg\"><img loading=\"lazy\" decoding=\"async\" class=\"alignleft wp-image-2930 size-medium\" src=\"https:\/\/agora.xtec.cat\/ins-intermunicipal\/wp-content\/uploads\/usu2220\/2024\/05\/WhatsApp-Image-2024-05-16-at-12.42.52-300x225.jpeg\" alt=\"\" width=\"300\" height=\"225\" \/><\/a><a href=\"https:\/\/agora.xtec.cat\/ins-intermunicipal\/wp-content\/uploads\/usu2220\/2024\/05\/WhatsApp-Image-2024-05-16-at-12.42.49-1-e1715857485430.jpeg\"><img loading=\"lazy\" decoding=\"async\" class=\"alignleft wp-image-2933 size-medium\" src=\"https:\/\/agora.xtec.cat\/ins-intermunicipal\/wp-content\/uploads\/usu2220\/2024\/05\/WhatsApp-Image-2024-05-16-at-12.42.49-1-300x225.jpeg\" alt=\"\" width=\"300\" height=\"225\" \/><\/a><a href=\"https:\/\/agora.xtec.cat\/ins-intermunicipal\/wp-content\/uploads\/usu2220\/2024\/05\/WhatsApp-Image-2024-05-16-at-12.42.48-e1715857501603.jpeg\"><img loading=\"lazy\" decoding=\"async\" class=\"alignleft wp-image-2932 size-medium\" src=\"https:\/\/agora.xtec.cat\/ins-intermunicipal\/wp-content\/uploads\/usu2220\/2024\/05\/WhatsApp-Image-2024-05-16-at-12.42.48-300x225.jpeg\" alt=\"\" width=\"300\" height=\"225\" \/><\/a><a href=\"https:\/\/agora.xtec.cat\/ins-intermunicipal\/wp-content\/uploads\/usu2220\/2024\/05\/WhatsApp-Image-2024-05-16-at-12.42.49-2-e1715857470947.jpeg\"><img loading=\"lazy\" decoding=\"async\" class=\"alignleft wp-image-2934 size-medium\" src=\"https:\/\/agora.xtec.cat\/ins-intermunicipal\/wp-content\/uploads\/usu2220\/2024\/05\/WhatsApp-Image-2024-05-16-at-12.42.49-2-300x225.jpeg\" alt=\"\" width=\"300\" height=\"225\" \/><\/a><a href=\"https:\/\/agora.xtec.cat\/ins-intermunicipal\/wp-content\/uploads\/usu2220\/2024\/05\/WhatsApp-Image-2024-05-16-at-12.42.44-e1715857434922.jpeg\"><img loading=\"lazy\" decoding=\"async\" class=\"alignleft wp-image-2936 size-medium\" src=\"https:\/\/agora.xtec.cat\/ins-intermunicipal\/wp-content\/uploads\/usu2220\/2024\/05\/WhatsApp-Image-2024-05-16-at-12.42.44-300x225.jpeg\" alt=\"\" width=\"300\" height=\"225\" \/><\/a><a href=\"https:\/\/agora.xtec.cat\/ins-intermunicipal\/wp-content\/uploads\/usu2220\/2024\/05\/WhatsApp-Image-2024-05-16-at-12.42.45-e1715857411401.jpeg\"><img loading=\"lazy\" decoding=\"async\" class=\"alignleft wp-image-2937 size-medium\" src=\"https:\/\/agora.xtec.cat\/ins-intermunicipal\/wp-content\/uploads\/usu2220\/2024\/05\/WhatsApp-Image-2024-05-16-at-12.42.45-300x225.jpeg\" alt=\"\" width=\"300\" height=\"225\" \/><\/a><\/p>\n","protected":false},"excerpt":{"rendered":"<p>Avui un grup d\u2019alumnes de 3r d\u2019ESO format pel Bernat Mart\u00edn Ros, l\u2019Adri\u00e1n Acedo Gil, l\u2019Eloi Centelles Cruces, la Sanae Moaouia, l\u2019\u00c0ngela Pardo Perez i la Daniela Osuna Gonz\u00e1lez, hem acompanyat els usuaris de la <a href=\"https:\/\/masalborna.org\/\" target=\"_blank\" rel=\"noopener\">Fundaci\u00f3 Mas Alborn\u00e0<\/a> a fer una ruta&hellip;  <a href=\"https:\/\/agora.xtec.cat\/ins-intermunicipal\/general\/ruta-solidart-amb-els-usuaris-de-la-fundacio-mas-alborna\/\" title=\"Read Ruta SolidArt amb els usuaris de la Fundaci\u00f3 Mas Alborn\u00e0\">Llegeix m\u00e9s\u00bb<\/a><\/p>\n","protected":false},"author":7,"featured_media":2931,"comment_status":"closed","ping_status":"closed","sticky":false,"template":"","format":"standard","meta":{"_bbp_topic_count":0,"_bbp_reply_count":0,"_bbp_total_topic_count":0,"_bbp_total_reply_count":0,"_bbp_voice_count":0,"_bbp_anonymous_reply_count":0,"_bbp_topic_count_hidden":0,"_bbp_reply_count_hidden":0,"_bbp_forum_subforum_count":0,"footnotes":""},"categories":[6,3,1,29],"tags":[462,460,461],"class_list":["post-2926","post","type-post","status-publish","format-standard","has-post-thumbnail","hentry","category-3eso","category-eso","category-general","category-portada","tag-fundacio-mas-alborna","tag-solidart","tag-som-sant-sadurni"],"post_mailing_queue_ids":[],"_links":{"self":[{"href":"https:\/\/agora.xtec.cat\/ins-intermunicipal\/wp-json\/wp\/v2\/posts\/2926","targetHints":{"allow":["GET"]}}],"collection":[{"href":"https:\/\/agora.xtec.cat\/ins-intermunicipal\/wp-json\/wp\/v2\/posts"}],"about":[{"href":"https:\/\/agora.xtec.cat\/ins-intermunicipal\/wp-json\/wp\/v2\/types\/post"}],"author":[{"embeddable":true,"href":"https:\/\/agora.xtec.cat\/ins-intermunicipal\/wp-json\/wp\/v2\/users\/7"}],"replies":[{"embeddable":true,"href":"https:\/\/agora.xtec.cat\/ins-intermunicipal\/wp-json\/wp\/v2\/comments?post=2926"}],"version-history":[{"count":3,"href":"https:\/\/agora.xtec.cat\/ins-intermunicipal\/wp-json\/wp\/v2\/posts\/2926\/revisions"}],"predecessor-version":[{"id":2938,"href":"https:\/\/agora.xtec.cat\/ins-intermunicipal\/wp-json\/wp\/v2\/posts\/2926\/revisions\/2938"}],"wp:featuredmedia":[{"embeddable":true,"href":"https:\/\/agora.xtec.cat\/ins-intermunicipal\/wp-json\/wp\/v2\/media\/2931"}],"wp:attachment":[{"href":"https:\/\/agora.xtec.cat\/ins-intermunicipal\/wp-json\/wp\/v2\/media?parent=2926"}],"wp:term":[{"taxonomy":"category","embeddable":true,"href":"https:\/\/agora.xtec.cat\/ins-intermunicipal\/wp-json\/wp\/v2\/categories?post=2926"},{"taxonomy":"post_tag","embeddable":true,"href":"https:\/\/agora.xtec.cat\/ins-intermunicipal\/wp-json\/wp\/v2\/tags?post=2926"}],"curies":[{"name":"wp","href":"https:\/\/api.w.org\/{rel}","templated":true}]}}