{"id":2901,"date":"2024-05-15T09:39:53","date_gmt":"2024-05-15T07:39:53","guid":{"rendered":"https:\/\/agora.xtec.cat\/ins-intermunicipal\/?p=2901"},"modified":"2024-05-15T09:39:53","modified_gmt":"2024-05-15T07:39:53","slug":"trobada-dels-alumnes-de-laula-dacollida-amb-llurs-families","status":"publish","type":"post","link":"https:\/\/agora.xtec.cat\/ins-intermunicipal\/general\/trobada-dels-alumnes-de-laula-dacollida-amb-llurs-families\/","title":{"rendered":"Trobada dels alumnes de l&#8217;Aula d&#8217;Acollida amb llurs fam\u00edlies"},"content":{"rendered":"<p align=\"justify\"><span style=\"color: #000000;\"><span style=\"font-family: Arial, sans-serif;\"><span style=\"font-size: medium;\"><a href=\"https:\/\/agora.xtec.cat\/ins-intermunicipal\/wp-content\/uploads\/usu2220\/2024\/05\/IMG_20240426_125135-1.jpg\"><img loading=\"lazy\" decoding=\"async\" class=\"alignleft wp-image-2908 \" src=\"https:\/\/agora.xtec.cat\/ins-intermunicipal\/wp-content\/uploads\/usu2220\/2024\/05\/IMG_20240426_125135-1-226x300.jpg\" alt=\"\" width=\"206\" height=\"273\" srcset=\"https:\/\/agora.xtec.cat\/ins-intermunicipal\/wp-content\/uploads\/usu2220\/2024\/05\/IMG_20240426_125135-1-226x300.jpg 226w, https:\/\/agora.xtec.cat\/ins-intermunicipal\/wp-content\/uploads\/usu2220\/2024\/05\/IMG_20240426_125135-1-771x1024.jpg 771w, https:\/\/agora.xtec.cat\/ins-intermunicipal\/wp-content\/uploads\/usu2220\/2024\/05\/IMG_20240426_125135-1-768x1020.jpg 768w, https:\/\/agora.xtec.cat\/ins-intermunicipal\/wp-content\/uploads\/usu2220\/2024\/05\/IMG_20240426_125135-1.jpg 900w\" sizes=\"auto, (max-width: 206px) 100vw, 206px\" \/><\/a>Els alumnes de l\u2019aula d\u2019acollida i les seves fam\u00edlies van fer una trobada a l\u2019institut per cloure una situaci\u00f3 d\u2019aprenentatge en la qual feia temps que els alumnes hi treballaven. Aquesta situaci\u00f3 d\u2019aprenentatge els va permetre treballar moltes q\u00fcestions ling\u00fc\u00edstiques i, tamb\u00e9, alguns Objectius de Desenvolupament Sostenible (ODS) com la petjada de carboni i la compra de proximitat i de temporada.<\/span><\/span><\/span><\/p>\n<p align=\"justify\"><span style=\"color: #000000;\"><span style=\"font-family: Arial, sans-serif;\"><span style=\"font-size: medium;\">A m\u00e9s de redactar un text per compartir les seves experi\u00e8ncies, van preparar la trobada amb les mares i pares i els hi van explicar que \u00e9s l\u2019aula d\u2019acollida i les feines i activitats que havien fet. Posteriorment, a m\u00e9s de compartir les menges que havien preparat, van fer jocs de llengua en els quals intervenien tant les lleng\u00fces d\u2019origen de les respectives fam\u00edlies com el catal\u00e0.<\/span><\/span><\/span><\/p>\n<p align=\"justify\"><span style=\"color: #000000;\"><span style=\"font-family: Arial, sans-serif;\"><span style=\"font-size: medium;\">Els alumnes de l\u2019aula d\u2019acollida es mostren contents de l\u2019activitat i esperen poder-la tornar a repetir.<\/span><\/span><\/span><\/p>\n<p align=\"justify\"><a href=\"https:\/\/agora.xtec.cat\/ins-intermunicipal\/wp-content\/uploads\/usu2220\/2024\/05\/IMG_20240426_1340594-1.jpg\"><img loading=\"lazy\" decoding=\"async\" class=\"alignleft wp-image-2906 \" src=\"https:\/\/agora.xtec.cat\/ins-intermunicipal\/wp-content\/uploads\/usu2220\/2024\/05\/IMG_20240426_1340594-1-300x226.jpg\" alt=\"\" width=\"326\" height=\"245\" srcset=\"https:\/\/agora.xtec.cat\/ins-intermunicipal\/wp-content\/uploads\/usu2220\/2024\/05\/IMG_20240426_1340594-1-300x226.jpg 300w, https:\/\/agora.xtec.cat\/ins-intermunicipal\/wp-content\/uploads\/usu2220\/2024\/05\/IMG_20240426_1340594-1-768x579.jpg 768w, https:\/\/agora.xtec.cat\/ins-intermunicipal\/wp-content\/uploads\/usu2220\/2024\/05\/IMG_20240426_1340594-1-200x150.jpg 200w, https:\/\/agora.xtec.cat\/ins-intermunicipal\/wp-content\/uploads\/usu2220\/2024\/05\/IMG_20240426_1340594-1.jpg 900w\" sizes=\"auto, (max-width: 326px) 100vw, 326px\" \/><\/a> <a href=\"https:\/\/agora.xtec.cat\/ins-intermunicipal\/wp-content\/uploads\/usu2220\/2024\/05\/IMG_20240426_133753-1.jpg\"><img loading=\"lazy\" decoding=\"async\" class=\"alignleft wp-image-2907 \" src=\"https:\/\/agora.xtec.cat\/ins-intermunicipal\/wp-content\/uploads\/usu2220\/2024\/05\/IMG_20240426_133753-1-300x226.jpg\" alt=\"\" width=\"328\" height=\"247\" srcset=\"https:\/\/agora.xtec.cat\/ins-intermunicipal\/wp-content\/uploads\/usu2220\/2024\/05\/IMG_20240426_133753-1-300x226.jpg 300w, https:\/\/agora.xtec.cat\/ins-intermunicipal\/wp-content\/uploads\/usu2220\/2024\/05\/IMG_20240426_133753-1-768x579.jpg 768w, https:\/\/agora.xtec.cat\/ins-intermunicipal\/wp-content\/uploads\/usu2220\/2024\/05\/IMG_20240426_133753-1-200x150.jpg 200w, https:\/\/agora.xtec.cat\/ins-intermunicipal\/wp-content\/uploads\/usu2220\/2024\/05\/IMG_20240426_133753-1.jpg 900w\" sizes=\"auto, (max-width: 328px) 100vw, 328px\" \/><\/a><a href=\"https:\/\/agora.xtec.cat\/ins-intermunicipal\/wp-content\/uploads\/usu2220\/2024\/05\/IMG_20240426_125323-1.jpg\"><img loading=\"lazy\" decoding=\"async\" class=\"alignleft wp-image-2909 \" src=\"https:\/\/agora.xtec.cat\/ins-intermunicipal\/wp-content\/uploads\/usu2220\/2024\/05\/IMG_20240426_125323-1-300x226.jpg\" alt=\"\" width=\"326\" height=\"245\" srcset=\"https:\/\/agora.xtec.cat\/ins-intermunicipal\/wp-content\/uploads\/usu2220\/2024\/05\/IMG_20240426_125323-1-300x226.jpg 300w, https:\/\/agora.xtec.cat\/ins-intermunicipal\/wp-content\/uploads\/usu2220\/2024\/05\/IMG_20240426_125323-1-768x579.jpg 768w, https:\/\/agora.xtec.cat\/ins-intermunicipal\/wp-content\/uploads\/usu2220\/2024\/05\/IMG_20240426_125323-1-200x150.jpg 200w, https:\/\/agora.xtec.cat\/ins-intermunicipal\/wp-content\/uploads\/usu2220\/2024\/05\/IMG_20240426_125323-1.jpg 900w\" sizes=\"auto, (max-width: 326px) 100vw, 326px\" \/><\/a><\/p>\n","protected":false},"excerpt":{"rendered":"<p><a href=\"https:\/\/agora.xtec.cat\/ins-intermunicipal\/wp-content\/uploads\/usu2220\/2024\/05\/IMG_20240426_125135-1.jpg\"><\/a>Els alumnes de l\u2019aula d\u2019acollida i les seves fam\u00edlies van fer una trobada a l\u2019institut per cloure una situaci\u00f3 d\u2019aprenentatge en la qual feia temps que els alumnes hi treballaven. Aquesta situaci\u00f3 d\u2019aprenentatge els va permetre treballar moltes q\u00fcestions ling\u00fc\u00edstiques i, tamb\u00e9, alguns Objectius&hellip;  <a href=\"https:\/\/agora.xtec.cat\/ins-intermunicipal\/general\/trobada-dels-alumnes-de-laula-dacollida-amb-llurs-families\/\" title=\"Read Trobada dels alumnes de l&#8217;Aula d&#8217;Acollida amb llurs fam\u00edlies\">Llegeix m\u00e9s\u00bb<\/a><\/p>\n","protected":false},"author":7,"featured_media":2906,"comment_status":"closed","ping_status":"closed","sticky":false,"template":"","format":"standard","meta":{"_bbp_topic_count":0,"_bbp_reply_count":0,"_bbp_total_topic_count":0,"_bbp_total_reply_count":0,"_bbp_voice_count":0,"_bbp_anonymous_reply_count":0,"_bbp_topic_count_hidden":0,"_bbp_reply_count_hidden":0,"_bbp_forum_subforum_count":0,"footnotes":""},"categories":[162,1,29],"tags":[161,478,477,476],"class_list":["post-2901","post","type-post","status-publish","format-standard","has-post-thumbnail","hentry","category-aula-dacollida","category-general","category-portada","tag-aula-acollida","tag-catala","tag-llengues","tag-trobada"],"post_mailing_queue_ids":[],"_links":{"self":[{"href":"https:\/\/agora.xtec.cat\/ins-intermunicipal\/wp-json\/wp\/v2\/posts\/2901","targetHints":{"allow":["GET"]}}],"collection":[{"href":"https:\/\/agora.xtec.cat\/ins-intermunicipal\/wp-json\/wp\/v2\/posts"}],"about":[{"href":"https:\/\/agora.xtec.cat\/ins-intermunicipal\/wp-json\/wp\/v2\/types\/post"}],"author":[{"embeddable":true,"href":"https:\/\/agora.xtec.cat\/ins-intermunicipal\/wp-json\/wp\/v2\/users\/7"}],"replies":[{"embeddable":true,"href":"https:\/\/agora.xtec.cat\/ins-intermunicipal\/wp-json\/wp\/v2\/comments?post=2901"}],"version-history":[{"count":6,"href":"https:\/\/agora.xtec.cat\/ins-intermunicipal\/wp-json\/wp\/v2\/posts\/2901\/revisions"}],"predecessor-version":[{"id":2912,"href":"https:\/\/agora.xtec.cat\/ins-intermunicipal\/wp-json\/wp\/v2\/posts\/2901\/revisions\/2912"}],"wp:featuredmedia":[{"embeddable":true,"href":"https:\/\/agora.xtec.cat\/ins-intermunicipal\/wp-json\/wp\/v2\/media\/2906"}],"wp:attachment":[{"href":"https:\/\/agora.xtec.cat\/ins-intermunicipal\/wp-json\/wp\/v2\/media?parent=2901"}],"wp:term":[{"taxonomy":"category","embeddable":true,"href":"https:\/\/agora.xtec.cat\/ins-intermunicipal\/wp-json\/wp\/v2\/categories?post=2901"},{"taxonomy":"post_tag","embeddable":true,"href":"https:\/\/agora.xtec.cat\/ins-intermunicipal\/wp-json\/wp\/v2\/tags?post=2901"}],"curies":[{"name":"wp","href":"https:\/\/api.w.org\/{rel}","templated":true}]}}