{"id":2848,"date":"2024-05-09T10:00:26","date_gmt":"2024-05-09T08:00:26","guid":{"rendered":"https:\/\/agora.xtec.cat\/ins-intermunicipal\/?p=2848"},"modified":"2024-05-09T10:01:51","modified_gmt":"2024-05-09T08:01:51","slug":"exposicio-del-projecte-solidart","status":"publish","type":"post","link":"https:\/\/agora.xtec.cat\/ins-intermunicipal\/general\/exposicio-del-projecte-solidart\/","title":{"rendered":"Exposici\u00f3 del Projecte SolidArt"},"content":{"rendered":"<p align=\"justify\"><a href=\"https:\/\/agora.xtec.cat\/ins-intermunicipal\/wp-content\/uploads\/usu2220\/2024\/05\/IMG-20240503-WA0035-e1715241330790.jpg\"><img loading=\"lazy\" decoding=\"async\" class=\"wp-image-2851 alignleft\" src=\"https:\/\/agora.xtec.cat\/ins-intermunicipal\/wp-content\/uploads\/usu2220\/2024\/05\/IMG-20240503-WA0035-e1715241330790-300x177.jpg\" alt=\"\" width=\"503\" height=\"297\" srcset=\"https:\/\/agora.xtec.cat\/ins-intermunicipal\/wp-content\/uploads\/usu2220\/2024\/05\/IMG-20240503-WA0035-e1715241330790-300x177.jpg 300w, https:\/\/agora.xtec.cat\/ins-intermunicipal\/wp-content\/uploads\/usu2220\/2024\/05\/IMG-20240503-WA0035-e1715241330790-1024x605.jpg 1024w, https:\/\/agora.xtec.cat\/ins-intermunicipal\/wp-content\/uploads\/usu2220\/2024\/05\/IMG-20240503-WA0035-e1715241330790-768x453.jpg 768w, https:\/\/agora.xtec.cat\/ins-intermunicipal\/wp-content\/uploads\/usu2220\/2024\/05\/IMG-20240503-WA0035-e1715241330790.jpg 1477w\" sizes=\"auto, (max-width: 503px) 100vw, 503px\" \/><\/a>Divendres passat es va inaugurar l&#8217;exposici\u00f3 del Projecte SolidArt dels alumnes de 3r d&#8217;ESO del nostre institut. En aquest projecte, que es fa des de les assignatures de Ci\u00e8ncies Socials i Educaci\u00f3 Visual i Pl\u00e0stica, els alumnes hi estan treballant des del passat setembre amb l&#8217;objectiu de col\u00b7laborar amb una entitat sense \u00e0nim de lucre del nostre entorn.<\/p>\n<p align=\"justify\">Les obres elaborades i seleccionades pels alumnes de 3r d&#8217;ESO s&#8217;exposen als aparadors que ens han cedit les botigues associades a <a href=\"http:\/\/www.somsantsadurni.com\/\" target=\"_blank\" rel=\"noopener\">Som Sant Sadurn\u00ed<\/a> i seran subhastades de forma ben\u00e8fica el proper 30 de maig per destinar \u00edntegrament els guanys que se n&#8217;obtinguin a la <a href=\"https:\/\/masalborna.org\/\" target=\"_blank\" rel=\"noopener\">Fundaci\u00f3 Mas Alborn\u00e0.<\/a><\/p>\n<p align=\"justify\">La inauguraci\u00f3 i presentaci\u00f3 de l&#8217;exposici\u00f3 es va fer al terrat de la <a href=\"https:\/\/fondaneus.com\/\" target=\"_blank\" rel=\"noopener\">Fonda Neus<\/a> i hi van intervenir amb els respectius parlaments els tres agents implicats en el projecte: l&#8217;alumnat de 3r d&#8217;ESO de l&#8217;Institut Intermunicipal del Pened\u00e8s, els representants de Som Sant Sadurn\u00ed i la coordinadora i usuaris de la resid\u00e8ncia de la Fundaci\u00f3 Mas Alborn\u00e0.<\/p>\n<p align=\"justify\">Ara us esperem el dia 30 de maig a les 7 de la tarda al Casal d&#8217;Entitats i us convidem a participar a la subhasta ben\u00e8fica de les obres d&#8217;art.<\/p>\n","protected":false},"excerpt":{"rendered":"<p><a href=\"https:\/\/agora.xtec.cat\/ins-intermunicipal\/wp-content\/uploads\/usu2220\/2024\/05\/IMG-20240503-WA0035-e1715241330790.jpg\"><\/a>Divendres passat es va inaugurar l&#8217;exposici\u00f3 del Projecte SolidArt dels alumnes de 3r d&#8217;ESO del nostre institut. En aquest projecte, que es fa des de les assignatures de Ci\u00e8ncies Socials i Educaci\u00f3 Visual i Pl\u00e0stica, els alumnes hi estan treballant des del passat setembre&hellip;  <a href=\"https:\/\/agora.xtec.cat\/ins-intermunicipal\/general\/exposicio-del-projecte-solidart\/\" title=\"Read Exposici\u00f3 del Projecte SolidArt\">Llegeix m\u00e9s\u00bb<\/a><\/p>\n","protected":false},"author":7,"featured_media":2851,"comment_status":"closed","ping_status":"closed","sticky":false,"template":"","format":"standard","meta":{"_bbp_topic_count":0,"_bbp_reply_count":0,"_bbp_total_topic_count":0,"_bbp_total_reply_count":0,"_bbp_voice_count":0,"_bbp_anonymous_reply_count":0,"_bbp_topic_count_hidden":0,"_bbp_reply_count_hidden":0,"_bbp_forum_subforum_count":0,"footnotes":""},"categories":[6,3,1,29],"tags":[474,475,472,463,462,460,461,473],"class_list":["post-2848","post","type-post","status-publish","format-standard","has-post-thumbnail","hentry","category-3eso","category-eso","category-general","category-portada","tag-ciencies-socials","tag-educacio-visual-i-plastica","tag-exposicio","tag-fonda-neus","tag-fundacio-mas-alborna","tag-solidart","tag-som-sant-sadurni","tag-subhasta"],"post_mailing_queue_ids":[],"_links":{"self":[{"href":"https:\/\/agora.xtec.cat\/ins-intermunicipal\/wp-json\/wp\/v2\/posts\/2848","targetHints":{"allow":["GET"]}}],"collection":[{"href":"https:\/\/agora.xtec.cat\/ins-intermunicipal\/wp-json\/wp\/v2\/posts"}],"about":[{"href":"https:\/\/agora.xtec.cat\/ins-intermunicipal\/wp-json\/wp\/v2\/types\/post"}],"author":[{"embeddable":true,"href":"https:\/\/agora.xtec.cat\/ins-intermunicipal\/wp-json\/wp\/v2\/users\/7"}],"replies":[{"embeddable":true,"href":"https:\/\/agora.xtec.cat\/ins-intermunicipal\/wp-json\/wp\/v2\/comments?post=2848"}],"version-history":[{"count":5,"href":"https:\/\/agora.xtec.cat\/ins-intermunicipal\/wp-json\/wp\/v2\/posts\/2848\/revisions"}],"predecessor-version":[{"id":2854,"href":"https:\/\/agora.xtec.cat\/ins-intermunicipal\/wp-json\/wp\/v2\/posts\/2848\/revisions\/2854"}],"wp:featuredmedia":[{"embeddable":true,"href":"https:\/\/agora.xtec.cat\/ins-intermunicipal\/wp-json\/wp\/v2\/media\/2851"}],"wp:attachment":[{"href":"https:\/\/agora.xtec.cat\/ins-intermunicipal\/wp-json\/wp\/v2\/media?parent=2848"}],"wp:term":[{"taxonomy":"category","embeddable":true,"href":"https:\/\/agora.xtec.cat\/ins-intermunicipal\/wp-json\/wp\/v2\/categories?post=2848"},{"taxonomy":"post_tag","embeddable":true,"href":"https:\/\/agora.xtec.cat\/ins-intermunicipal\/wp-json\/wp\/v2\/tags?post=2848"}],"curies":[{"name":"wp","href":"https:\/\/api.w.org\/{rel}","templated":true}]}}