{"id":2821,"date":"2024-05-03T11:41:08","date_gmt":"2024-05-03T09:41:08","guid":{"rendered":"https:\/\/agora.xtec.cat\/ins-intermunicipal\/?p=2821"},"modified":"2024-05-03T19:07:33","modified_gmt":"2024-05-03T17:07:33","slug":"exit-dassistencia-a-les-jornades-de-portes-obertes-de-formacio-professional","status":"publish","type":"post","link":"https:\/\/agora.xtec.cat\/ins-intermunicipal\/general\/exit-dassistencia-a-les-jornades-de-portes-obertes-de-formacio-professional\/","title":{"rendered":"\u00c8xit d&#8217;assist\u00e8ncia a la jornada de portes obertes de Formaci\u00f3 Professional"},"content":{"rendered":"<p>La sala d&#8217;actes i els tallers de l&#8217;Institut Intermunicipal del Pened\u00e8s van acollir ahir fam\u00edlies i alumnes en una de les jornades de portes obertes amb m\u00e9s participaci\u00f3 dels darrers anys. El centre obre cada any les portes del centre per mostrar l&#8217;oferta i el model pedag\u00f2gic abans de l&#8217;inici de les preinscripcions. Despr\u00e9s de la rebuda per part del director de l&#8217;Inter, Sergi Badenes, el cap d&#8217;estudis d&#8217;FP, Pep Bertran, va presentar les coordinadores dels tres \u00e0mbits o fam\u00edlies professionals que hi ha al centre i la responsable d&#8217;Orientaci\u00f3 Educativa i Diversitat del centre que van presentar l&#8217;oferta pel curs que ve. L&#8217;\u00cdnter ofereix: dins de l&#8217;\u00e0mbit Sanitari, el CFGM de Farm\u00e0cia i Parafarm\u00e0cia; dins l&#8217;\u00e0mbit de Serveis Socioculturals i d&#8217;Atenci\u00f3 a la Comunitat, el CFGM d&#8217;Atenci\u00f3 a la Depend\u00e8ncia, CFGS d&#8217;Educaci\u00f3 Infantil i CFGS d&#8217;Integraci\u00f3 Social; i dins de l&#8217;\u00e0mbit d&#8217;Administraci\u00f3 i Gesti\u00f3, els CFGM de Gesti\u00f3 Administrativa i CFGS d&#8217;Administraci\u00f3 i Finances. L&#8217;\u00cdnter completa la seva oferta educativa de Formaci\u00f3 Professional amb el Programa de Formaci\u00f3 i Insersi\u00f3, PFI, d&#8217;Auxiliar en Centres Sanitaris.<\/p>\n<p>Despr\u00e9s de l&#8217;acollida inicial, les fam\u00edlies i els menors es van despla\u00e7ar fins als laboratoris i tallers de cada \u00e0mbit per veure les instal\u00b7lacions i aclarir tots els dubtes sobre l&#8217;acc\u00e9s, l&#8217;oferta, les dates de preinscripci\u00f3 i de matr\u00edcula que el Departament ha marcat per al curs vinent. Hi va haver moltes preguntes i inter\u00e8s per formar part a partir del curs que ve de la fam\u00edlia de l&#8217;\u00cdnter. Us adjuntem la presentaci\u00f3 que vam fer. Per accedir-hi podeu clicar en la imatge seg\u00fcent.<\/p>\n<p><a href=\"https:\/\/drive.google.com\/file\/d\/1RmHpz1AChcEDxmkM1aljyq4_54jOZCqF\/view?usp=sharing\"><img loading=\"lazy\" decoding=\"async\" class=\"alignnone size-medium wp-image-2831\" src=\"https:\/\/agora.xtec.cat\/ins-intermunicipal\/wp-content\/uploads\/usu2220\/2024\/05\/Presentacio-Portes-Obertes-FP-300x169.png\" alt=\"\" width=\"300\" height=\"169\" srcset=\"https:\/\/agora.xtec.cat\/ins-intermunicipal\/wp-content\/uploads\/usu2220\/2024\/05\/Presentacio-Portes-Obertes-FP-300x169.png 300w, https:\/\/agora.xtec.cat\/ins-intermunicipal\/wp-content\/uploads\/usu2220\/2024\/05\/Presentacio-Portes-Obertes-FP-1024x578.png 1024w, https:\/\/agora.xtec.cat\/ins-intermunicipal\/wp-content\/uploads\/usu2220\/2024\/05\/Presentacio-Portes-Obertes-FP-768x433.png 768w, https:\/\/agora.xtec.cat\/ins-intermunicipal\/wp-content\/uploads\/usu2220\/2024\/05\/Presentacio-Portes-Obertes-FP-1536x866.png 1536w, https:\/\/agora.xtec.cat\/ins-intermunicipal\/wp-content\/uploads\/usu2220\/2024\/05\/Presentacio-Portes-Obertes-FP.png 1702w\" sizes=\"auto, (max-width: 300px) 100vw, 300px\" \/>\u00a0<\/a><\/p>\n<p>El curs que ve, el gruix d&#8217;alumnat d&#8217;FP al centre seguir\u00e0 ampliant-se, ja que s&#8217;incorporen els segons cursos del CFGM de Farm\u00e0cia i Parafarm\u00e0cia i CFGS d&#8217;Integraci\u00f3 Social que hem iniciat aquest curs.<\/p>\n<p>Us recordem les dades que marca el Departament:<\/p>\n<p>Per al <strong>PFI<\/strong>: la preinscripci\u00f3 es fa <strong>del 2 al 9 de maig<\/strong>. Us deixem, a m\u00e9s, l&#8217;enlla\u00e7 on apareixen <a href=\"https:\/\/preinscripcio.gencat.cat\/ca\/estudis\/pfi\/informat\/calendari\/\">totes les dates<\/a> per fer la preinscripci\u00f3.<\/p>\n<p>Per als <strong>cicles de grau mitj\u00e0 i superior<\/strong>: la preinscripci\u00f3 es far\u00e0 <strong>entre el 24 i el 30 de maig<\/strong>. A m\u00e9s, us deixem l&#8217;enlla\u00e7 per tenir les dates a m\u00e0 del grau <a href=\"https:\/\/preinscripcio.gencat.cat\/ca\/estudis\/fp-grau-mitja\/informat\/calendari\/index.html\">mitj\u00e0<\/a> i del grau <a href=\"https:\/\/preinscripcio.gencat.cat\/ca\/estudis\/fp-grau-superior\/informat\/calendari\/\">superior<\/a> perqu\u00e8 tingueu clar tot el proc\u00e9s.<\/p>\n<p><a href=\"https:\/\/agora.xtec.cat\/ins-intermunicipal\/wp-content\/uploads\/usu2220\/2024\/05\/IMG20240502182024.jpg\"><img loading=\"lazy\" decoding=\"async\" class=\"alignnone size-medium wp-image-2825\" src=\"https:\/\/agora.xtec.cat\/ins-intermunicipal\/wp-content\/uploads\/usu2220\/2024\/05\/IMG20240502182024-300x169.jpg\" alt=\"\" width=\"300\" height=\"169\" srcset=\"https:\/\/agora.xtec.cat\/ins-intermunicipal\/wp-content\/uploads\/usu2220\/2024\/05\/IMG20240502182024-300x169.jpg 300w, https:\/\/agora.xtec.cat\/ins-intermunicipal\/wp-content\/uploads\/usu2220\/2024\/05\/IMG20240502182024-1024x576.jpg 1024w, https:\/\/agora.xtec.cat\/ins-intermunicipal\/wp-content\/uploads\/usu2220\/2024\/05\/IMG20240502182024-768x432.jpg 768w, https:\/\/agora.xtec.cat\/ins-intermunicipal\/wp-content\/uploads\/usu2220\/2024\/05\/IMG20240502182024-1536x864.jpg 1536w, https:\/\/agora.xtec.cat\/ins-intermunicipal\/wp-content\/uploads\/usu2220\/2024\/05\/IMG20240502182024-2048x1152.jpg 2048w\" sizes=\"auto, (max-width: 300px) 100vw, 300px\" \/><\/a> <a href=\"https:\/\/agora.xtec.cat\/ins-intermunicipal\/wp-content\/uploads\/usu2220\/2024\/05\/IMG20240502182047.jpg\"><img loading=\"lazy\" decoding=\"async\" class=\"alignnone size-medium wp-image-2823\" src=\"https:\/\/agora.xtec.cat\/ins-intermunicipal\/wp-content\/uploads\/usu2220\/2024\/05\/IMG20240502182047-300x169.jpg\" alt=\"\" width=\"300\" height=\"169\" srcset=\"https:\/\/agora.xtec.cat\/ins-intermunicipal\/wp-content\/uploads\/usu2220\/2024\/05\/IMG20240502182047-300x169.jpg 300w, https:\/\/agora.xtec.cat\/ins-intermunicipal\/wp-content\/uploads\/usu2220\/2024\/05\/IMG20240502182047-1024x576.jpg 1024w, https:\/\/agora.xtec.cat\/ins-intermunicipal\/wp-content\/uploads\/usu2220\/2024\/05\/IMG20240502182047-768x432.jpg 768w, https:\/\/agora.xtec.cat\/ins-intermunicipal\/wp-content\/uploads\/usu2220\/2024\/05\/IMG20240502182047-1536x864.jpg 1536w, https:\/\/agora.xtec.cat\/ins-intermunicipal\/wp-content\/uploads\/usu2220\/2024\/05\/IMG20240502182047-2048x1152.jpg 2048w\" sizes=\"auto, (max-width: 300px) 100vw, 300px\" \/><\/a><\/p>\n<p>&nbsp;<\/p>\n<p>&nbsp;<\/p>\n<p>&nbsp;<\/p>\n","protected":false},"excerpt":{"rendered":"<p>La sala d&#8217;actes i els tallers de l&#8217;Institut Intermunicipal del Pened\u00e8s van acollir ahir fam\u00edlies i alumnes en una de les jornades de portes obertes amb m\u00e9s participaci\u00f3 dels darrers anys. El centre obre cada any les portes del centre per mostrar l&#8217;oferta i el&hellip;  <a href=\"https:\/\/agora.xtec.cat\/ins-intermunicipal\/general\/exit-dassistencia-a-les-jornades-de-portes-obertes-de-formacio-professional\/\" title=\"Read \u00c8xit d&#8217;assist\u00e8ncia a la jornada de portes obertes de Formaci\u00f3 Professional\">Llegeix m\u00e9s\u00bb<\/a><\/p>\n","protected":false},"author":8,"featured_media":2824,"comment_status":"closed","ping_status":"closed","sticky":false,"template":"","format":"standard","meta":{"_bbp_topic_count":0,"_bbp_reply_count":0,"_bbp_total_topic_count":0,"_bbp_total_reply_count":0,"_bbp_voice_count":0,"_bbp_anonymous_reply_count":0,"_bbp_topic_count_hidden":0,"_bbp_reply_count_hidden":0,"_bbp_forum_subforum_count":0,"footnotes":""},"categories":[30,1,29],"tags":[183],"class_list":["post-2821","post","type-post","status-publish","format-standard","has-post-thumbnail","hentry","category-formacio-professional","category-general","category-portada","tag-fp"],"post_mailing_queue_ids":[],"_links":{"self":[{"href":"https:\/\/agora.xtec.cat\/ins-intermunicipal\/wp-json\/wp\/v2\/posts\/2821","targetHints":{"allow":["GET"]}}],"collection":[{"href":"https:\/\/agora.xtec.cat\/ins-intermunicipal\/wp-json\/wp\/v2\/posts"}],"about":[{"href":"https:\/\/agora.xtec.cat\/ins-intermunicipal\/wp-json\/wp\/v2\/types\/post"}],"author":[{"embeddable":true,"href":"https:\/\/agora.xtec.cat\/ins-intermunicipal\/wp-json\/wp\/v2\/users\/8"}],"replies":[{"embeddable":true,"href":"https:\/\/agora.xtec.cat\/ins-intermunicipal\/wp-json\/wp\/v2\/comments?post=2821"}],"version-history":[{"count":6,"href":"https:\/\/agora.xtec.cat\/ins-intermunicipal\/wp-json\/wp\/v2\/posts\/2821\/revisions"}],"predecessor-version":[{"id":2837,"href":"https:\/\/agora.xtec.cat\/ins-intermunicipal\/wp-json\/wp\/v2\/posts\/2821\/revisions\/2837"}],"wp:featuredmedia":[{"embeddable":true,"href":"https:\/\/agora.xtec.cat\/ins-intermunicipal\/wp-json\/wp\/v2\/media\/2824"}],"wp:attachment":[{"href":"https:\/\/agora.xtec.cat\/ins-intermunicipal\/wp-json\/wp\/v2\/media?parent=2821"}],"wp:term":[{"taxonomy":"category","embeddable":true,"href":"https:\/\/agora.xtec.cat\/ins-intermunicipal\/wp-json\/wp\/v2\/categories?post=2821"},{"taxonomy":"post_tag","embeddable":true,"href":"https:\/\/agora.xtec.cat\/ins-intermunicipal\/wp-json\/wp\/v2\/tags?post=2821"}],"curies":[{"name":"wp","href":"https:\/\/api.w.org\/{rel}","templated":true}]}}