{"id":2801,"date":"2024-05-02T09:41:00","date_gmt":"2024-05-02T07:41:00","guid":{"rendered":"https:\/\/agora.xtec.cat\/ins-intermunicipal\/?p=2801"},"modified":"2024-05-02T09:41:00","modified_gmt":"2024-05-02T07:41:00","slug":"xerrada-sobre-biotecnologia","status":"publish","type":"post","link":"https:\/\/agora.xtec.cat\/ins-intermunicipal\/general\/xerrada-sobre-biotecnologia\/","title":{"rendered":"Xerrada sobre BioTecnologia"},"content":{"rendered":"<p style=\"text-align: justify;\"><a href=\"https:\/\/agora.xtec.cat\/ins-intermunicipal\/wp-content\/uploads\/usu2220\/2024\/05\/Foto-1-.jpeg\"><img loading=\"lazy\" decoding=\"async\" class=\"alignleft wp-image-2802 size-medium\" src=\"https:\/\/agora.xtec.cat\/ins-intermunicipal\/wp-content\/uploads\/usu2220\/2024\/05\/Foto-1--300x225.jpeg\" alt=\"\" width=\"300\" height=\"225\" srcset=\"https:\/\/agora.xtec.cat\/ins-intermunicipal\/wp-content\/uploads\/usu2220\/2024\/05\/Foto-1--300x225.jpeg 300w, https:\/\/agora.xtec.cat\/ins-intermunicipal\/wp-content\/uploads\/usu2220\/2024\/05\/Foto-1--1024x768.jpeg 1024w, https:\/\/agora.xtec.cat\/ins-intermunicipal\/wp-content\/uploads\/usu2220\/2024\/05\/Foto-1--768x576.jpeg 768w, https:\/\/agora.xtec.cat\/ins-intermunicipal\/wp-content\/uploads\/usu2220\/2024\/05\/Foto-1--1536x1152.jpeg 1536w, https:\/\/agora.xtec.cat\/ins-intermunicipal\/wp-content\/uploads\/usu2220\/2024\/05\/Foto-1--200x150.jpeg 200w, https:\/\/agora.xtec.cat\/ins-intermunicipal\/wp-content\/uploads\/usu2220\/2024\/05\/Foto-1-.jpeg 1600w\" sizes=\"auto, (max-width: 300px) 100vw, 300px\" \/><\/a>Despr\u00e9s d&#8217;haver pogut assistir a la <a href=\"https:\/\/agora.xtec.cat\/ins-intermunicipal\/general\/xerrada-sobre-biomedicina\/\" target=\"_blank\" rel=\"noopener\">xerrada sobre Biomedicina<\/a>, els alumnes de l&#8217;assignatura de Biomedicina de 1r de Batxillerat tamb\u00e9 van poder participar a la xerrada sobre BioTecnologia que es va fer el passat dimecres 24 d&#8217;abril.<\/p>\n<p style=\"text-align: justify;\">En Nico Tophuira, exalumne del nostre institut\u00a0 i<a href=\"https:\/\/web.ub.edu\/web\/estudis\/w\/grau-g1033\" target=\"_blank\" rel=\"noopener\"> graduat en BioTecnologia<\/a> per la Universitat de Barcelona, ens va venir a explicar en qu\u00e8 consisteix aquest grau, quines sortides laborals t\u00e9 i, sobretot, quins usos i aplicacions t\u00e9 aquesta \u00e0rea de la ci\u00e8ncia en la societat canviant en qu\u00e8 vivim.<\/p>\n","protected":false},"excerpt":{"rendered":"<p><a href=\"https:\/\/agora.xtec.cat\/ins-intermunicipal\/wp-content\/uploads\/usu2220\/2024\/05\/Foto-1-.jpeg\"><\/a>Despr\u00e9s d&#8217;haver pogut assistir a la <a href=\"https:\/\/agora.xtec.cat\/ins-intermunicipal\/general\/xerrada-sobre-biomedicina\/\" target=\"_blank\" rel=\"noopener\">xerrada sobre Biomedicina<\/a>, els alumnes de l&#8217;assignatura de Biomedicina de 1r de Batxillerat tamb\u00e9 van poder participar a la xerrada sobre BioTecnologia que es va fer el passat dimecres 24 d&#8217;abril.<br \/>\nEn Nico Tophuira, exalumne del&hellip;  <a href=\"https:\/\/agora.xtec.cat\/ins-intermunicipal\/general\/xerrada-sobre-biotecnologia\/\" title=\"Read Xerrada sobre BioTecnologia\">Llegeix m\u00e9s\u00bb<\/a><\/p>\n","protected":false},"author":7,"featured_media":2802,"comment_status":"closed","ping_status":"closed","sticky":false,"template":"","format":"standard","meta":{"_bbp_topic_count":0,"_bbp_reply_count":0,"_bbp_total_topic_count":0,"_bbp_total_reply_count":0,"_bbp_voice_count":0,"_bbp_anonymous_reply_count":0,"_bbp_topic_count_hidden":0,"_bbp_reply_count_hidden":0,"_bbp_forum_subforum_count":0,"footnotes":""},"categories":[106,8,1,29],"tags":[438,245,466],"class_list":["post-2801","post","type-post","status-publish","format-standard","has-post-thumbnail","hentry","category-bat1","category-bat","category-general","category-portada","tag-biomedicina","tag-biotecnologia","tag-nico-tophuira"],"post_mailing_queue_ids":[],"_links":{"self":[{"href":"https:\/\/agora.xtec.cat\/ins-intermunicipal\/wp-json\/wp\/v2\/posts\/2801","targetHints":{"allow":["GET"]}}],"collection":[{"href":"https:\/\/agora.xtec.cat\/ins-intermunicipal\/wp-json\/wp\/v2\/posts"}],"about":[{"href":"https:\/\/agora.xtec.cat\/ins-intermunicipal\/wp-json\/wp\/v2\/types\/post"}],"author":[{"embeddable":true,"href":"https:\/\/agora.xtec.cat\/ins-intermunicipal\/wp-json\/wp\/v2\/users\/7"}],"replies":[{"embeddable":true,"href":"https:\/\/agora.xtec.cat\/ins-intermunicipal\/wp-json\/wp\/v2\/comments?post=2801"}],"version-history":[{"count":2,"href":"https:\/\/agora.xtec.cat\/ins-intermunicipal\/wp-json\/wp\/v2\/posts\/2801\/revisions"}],"predecessor-version":[{"id":2804,"href":"https:\/\/agora.xtec.cat\/ins-intermunicipal\/wp-json\/wp\/v2\/posts\/2801\/revisions\/2804"}],"wp:featuredmedia":[{"embeddable":true,"href":"https:\/\/agora.xtec.cat\/ins-intermunicipal\/wp-json\/wp\/v2\/media\/2802"}],"wp:attachment":[{"href":"https:\/\/agora.xtec.cat\/ins-intermunicipal\/wp-json\/wp\/v2\/media?parent=2801"}],"wp:term":[{"taxonomy":"category","embeddable":true,"href":"https:\/\/agora.xtec.cat\/ins-intermunicipal\/wp-json\/wp\/v2\/categories?post=2801"},{"taxonomy":"post_tag","embeddable":true,"href":"https:\/\/agora.xtec.cat\/ins-intermunicipal\/wp-json\/wp\/v2\/tags?post=2801"}],"curies":[{"name":"wp","href":"https:\/\/api.w.org\/{rel}","templated":true}]}}