{"id":2796,"date":"2024-04-30T17:27:21","date_gmt":"2024-04-30T15:27:21","guid":{"rendered":"https:\/\/agora.xtec.cat\/ins-intermunicipal\/?p=2796"},"modified":"2024-04-30T17:28:23","modified_gmt":"2024-04-30T15:28:23","slug":"lalumnat-deducacio","status":"publish","type":"post","link":"https:\/\/agora.xtec.cat\/ins-intermunicipal\/general\/lalumnat-deducacio\/","title":{"rendered":"L&#8217;alumnat d&#8217;Educaci\u00f3 Infantil posa en pr\u00e0ctica din\u00e0miques de grup a dues escoles de Sant Sadurn\u00ed d&#8217;Anoia"},"content":{"rendered":"<p>L&#8217;alumnat de 2n curs del CFGS d&#8217;Educaci\u00f3 infantil, ha posat en pr\u00e0ctica din\u00e0miques de grup amb infants d&#8217;educaci\u00f3 infantil d&#8217;IE Jacint Verdaguer i del Centre Vilarnau de Sant Sadurn\u00ed d&#8217;Anoia. Es tracta d&#8217;una experi\u00e8ncia d&#8217;aprenentatge servei que correspon als continguts de Gesti\u00f3 de grups, del m\u00f2dul professional d&#8217;Habilitats Socials. L&#8217;alumnat ha cercat i creat diferents din\u00e0miques i ha pogut comprovar la necessitat d&#8217;adaptaci\u00f3 davant de situacions reals.<\/p>\n<p><a href=\"https:\/\/agora.xtec.cat\/ins-intermunicipal\/wp-content\/uploads\/usu2220\/2024\/04\/20240426_154657-scaled.jpg\"><img loading=\"lazy\" decoding=\"async\" class=\"alignnone size-large wp-image-2797\" src=\"https:\/\/agora.xtec.cat\/ins-intermunicipal\/wp-content\/uploads\/usu2220\/2024\/04\/20240426_154657-1024x1024.jpg\" alt=\"\" width=\"1024\" height=\"1024\" srcset=\"https:\/\/agora.xtec.cat\/ins-intermunicipal\/wp-content\/uploads\/usu2220\/2024\/04\/20240426_154657-1024x1024.jpg 1024w, https:\/\/agora.xtec.cat\/ins-intermunicipal\/wp-content\/uploads\/usu2220\/2024\/04\/20240426_154657-300x300.jpg 300w, https:\/\/agora.xtec.cat\/ins-intermunicipal\/wp-content\/uploads\/usu2220\/2024\/04\/20240426_154657-150x150.jpg 150w, https:\/\/agora.xtec.cat\/ins-intermunicipal\/wp-content\/uploads\/usu2220\/2024\/04\/20240426_154657-768x768.jpg 768w, https:\/\/agora.xtec.cat\/ins-intermunicipal\/wp-content\/uploads\/usu2220\/2024\/04\/20240426_154657-1536x1536.jpg 1536w, https:\/\/agora.xtec.cat\/ins-intermunicipal\/wp-content\/uploads\/usu2220\/2024\/04\/20240426_154657-2048x2048.jpg 2048w\" sizes=\"auto, (max-width: 1024px) 100vw, 1024px\" \/><\/a><\/p>\n","protected":false},"excerpt":{"rendered":"<p>L&#8217;alumnat de 2n curs del CFGS d&#8217;Educaci\u00f3 infantil, ha posat en pr\u00e0ctica din\u00e0miques de grup amb infants d&#8217;educaci\u00f3 infantil d&#8217;IE Jacint Verdaguer i del Centre Vilarnau de Sant Sadurn\u00ed d&#8217;Anoia. Es tracta d&#8217;una experi\u00e8ncia d&#8217;aprenentatge servei que correspon als continguts de Gesti\u00f3 de grups, del&hellip;  <a href=\"https:\/\/agora.xtec.cat\/ins-intermunicipal\/general\/lalumnat-deducacio\/\" title=\"Read L&#8217;alumnat d&#8217;Educaci\u00f3 Infantil posa en pr\u00e0ctica din\u00e0miques de grup a dues escoles de Sant Sadurn\u00ed d&#8217;Anoia\">Llegeix m\u00e9s\u00bb<\/a><\/p>\n","protected":false},"author":8,"featured_media":2797,"comment_status":"closed","ping_status":"closed","sticky":false,"template":"","format":"standard","meta":{"_bbp_topic_count":0,"_bbp_reply_count":0,"_bbp_total_topic_count":0,"_bbp_total_reply_count":0,"_bbp_voice_count":0,"_bbp_anonymous_reply_count":0,"_bbp_topic_count_hidden":0,"_bbp_reply_count_hidden":0,"_bbp_forum_subforum_count":0,"footnotes":""},"categories":[30,1,29],"tags":[252],"class_list":["post-2796","post","type-post","status-publish","format-standard","has-post-thumbnail","hentry","category-formacio-professional","category-general","category-portada","tag-cfgs-deducacio-infantil"],"post_mailing_queue_ids":[],"_links":{"self":[{"href":"https:\/\/agora.xtec.cat\/ins-intermunicipal\/wp-json\/wp\/v2\/posts\/2796","targetHints":{"allow":["GET"]}}],"collection":[{"href":"https:\/\/agora.xtec.cat\/ins-intermunicipal\/wp-json\/wp\/v2\/posts"}],"about":[{"href":"https:\/\/agora.xtec.cat\/ins-intermunicipal\/wp-json\/wp\/v2\/types\/post"}],"author":[{"embeddable":true,"href":"https:\/\/agora.xtec.cat\/ins-intermunicipal\/wp-json\/wp\/v2\/users\/8"}],"replies":[{"embeddable":true,"href":"https:\/\/agora.xtec.cat\/ins-intermunicipal\/wp-json\/wp\/v2\/comments?post=2796"}],"version-history":[{"count":3,"href":"https:\/\/agora.xtec.cat\/ins-intermunicipal\/wp-json\/wp\/v2\/posts\/2796\/revisions"}],"predecessor-version":[{"id":2800,"href":"https:\/\/agora.xtec.cat\/ins-intermunicipal\/wp-json\/wp\/v2\/posts\/2796\/revisions\/2800"}],"wp:featuredmedia":[{"embeddable":true,"href":"https:\/\/agora.xtec.cat\/ins-intermunicipal\/wp-json\/wp\/v2\/media\/2797"}],"wp:attachment":[{"href":"https:\/\/agora.xtec.cat\/ins-intermunicipal\/wp-json\/wp\/v2\/media?parent=2796"}],"wp:term":[{"taxonomy":"category","embeddable":true,"href":"https:\/\/agora.xtec.cat\/ins-intermunicipal\/wp-json\/wp\/v2\/categories?post=2796"},{"taxonomy":"post_tag","embeddable":true,"href":"https:\/\/agora.xtec.cat\/ins-intermunicipal\/wp-json\/wp\/v2\/tags?post=2796"}],"curies":[{"name":"wp","href":"https:\/\/api.w.org\/{rel}","templated":true}]}}