{"id":2772,"date":"2024-04-26T12:32:14","date_gmt":"2024-04-26T10:32:14","guid":{"rendered":"https:\/\/agora.xtec.cat\/ins-intermunicipal\/?p=2772"},"modified":"2025-07-30T08:07:28","modified_gmt":"2025-07-30T06:07:28","slug":"preinscripcio-fp-curs-2025-26-telematica","status":"publish","type":"post","link":"https:\/\/agora.xtec.cat\/ins-intermunicipal\/general\/preinscripcio-fp-curs-2025-26-telematica\/","title":{"rendered":"Preinscripci\u00f3 FP Curs 2025\/26 \u2013 Telem\u00e0tica"},"content":{"rendered":"<p><strong>Preinscricpi\u00f3 PFI<\/strong><\/p>\n<p>Les sol\u00b7licituds s\u2019han de presentar en format telem\u00e0tic, <strong>no hi ha la possibilitat de full de preinscripci\u00f3 en paper. <\/strong><\/p>\n<p><strong>*Si no te&#8217;n surts, demana hora i vine a l&#8217;institut a fer la preinscripci\u00f3: <\/strong><a href=\"https:\/\/forms.gle\/PVvHZwFXxEBABecu8\" target=\"_blank\" rel=\"noopener\">formulari de cita pr\u00e8via<\/a> (espai PFI de suport a les fam\u00edlies) o escriu un correu a <a href=\"mailto:tutoriapfi@intermunicipal.cat\">tutoriapfi@intermunicipal.cat<\/a><\/p>\n<p><span class=\"gmail_default\">El tr\u00e0mit es pot fer en l\u00ednia a trav\u00e9s del portal<\/span><a href=\"https:\/\/preinscripcio.gencat.cat\/ca\/estudis\/pfi\/inici\/\" target=\"_blank\" rel=\"noopener\"><span class=\"gmail_default\"> https:\/\/preinscripcio.gencat.cat\/ca\/estudis\/pfi\/inici\/<\/span><\/a><\/p>\n<p><strong>Mitjan\u00e7ant sol\u00b7licitud Electr\u00f2nica:<\/strong>\u00a0cal identificaci\u00f3 digital<\/p>\n<ul>\n<li>Per fer aquesta sol\u00b7licitud caldr\u00e0 identificar-se amb un certificat digital (DNIe, Cl@ve, T-CAT). Si no es disposa de certificat digital, us en podeu generar un de forma f\u00e0cil amb l\u2019<a href=\"https:\/\/idcatmobil.seu.cat\/\" target=\"_blank\" rel=\"noopener noreferrer\" data-saferedirecturl=\"https:\/\/www.google.com\/url?q=https:\/\/idcatmobil.seu.cat\/&amp;source=gmail&amp;ust=1645514283802000&amp;usg=AOvVaw0x8OQM1mX4rx0LvaJsqdOZ\">IdCat M\u00f2bil<\/a><\/li>\n<li><a href=\"https:\/\/youtu.be\/xylI9d-nFBM\" target=\"_blank\" rel=\"noopener noreferrer\">Tutorial: com obtenir l\u2019IdCat M\u00f2bil<\/a><\/li>\n<li><a href=\"https:\/\/accesvalidat.ensenyament.gencat.cat\/wayf\/wayf-IDP-SM.html?entityID=https%3A%2F%2Faccesvalidat.ensenyament.gencat.cat&amp;return=https%3A%2F%2Faccesvalidat.ensenyament.gencat.cat%2FShibboleth.sso%2FLogin%3FSAMLDS%3D1%26target%3Dhttps%253A%252F%252Faccesvalidat.ensenyament.gencat.cat%252Fpls%252Fapex%252Ff%253Fp%253D20190029072543618\" target=\"_blank\" rel=\"noopener noreferrer\" data-saferedirecturl=\"https:\/\/www.google.com\/url?q=https:\/\/accesvalidat.ensenyament.gencat.cat\/wayf\/wayf-IDP-SM.html?entityID%3Dhttps%253A%252F%252Faccesvalidat.ensenyament.gencat.cat%26return%3Dhttps%253A%252F%252Faccesvalidat.ensenyament.gencat.cat%252FShibboleth.sso%252FLogin%253FSAMLDS%253D1%2526target%253Dhttps%25253A%25252F%25252Faccesvalidat.ensenyament.gencat.cat%25252Fpls%25252Fapex%25252Ff%25253Fp%25253D20190029072543618&amp;source=gmail&amp;ust=1645514283802000&amp;usg=AOvVaw1AknpKPUB_dNR1O0m_OrO5\">Cercador RALC\/IDALU de l\u2019alumne\/a.<\/a><\/li>\n<li><a href=\"https:\/\/educacio.gencat.cat\/ca\/tramits\/tramits-temes\/preinscripcio-pfi\" target=\"_blank\" rel=\"noopener\">Formulari preinscripci\u00f3 (codi del centre 08077472):<\/a> Del 6 al 13 de maig de 2025<\/li>\n<\/ul>\n<p><strong>Cal fer la matr\u00edcula del 7 a l&#8217;11 de juliol de 2025: <\/strong>Enlla\u00e7 a la matr\u00edcula (*pendent d&#8217;actualitzar).<\/p>\n<p><strong>Llistats Preinscripci\u00f3 PFI 2025\/26:<\/strong><\/p>\n<ul>\n<li>Oferta inicial de places Auxiliar en centres sanitaris: <a href=\"https:\/\/agora.xtec.cat\/ins-intermunicipal\/wp-content\/uploads\/usu2220\/2025\/05\/INFORME_OFERTA-INICIAL-DE-PLACES_PFI_2526.pdf\" target=\"_blank\" rel=\"noopener\">Veure llistat (PDF)<\/a><\/li>\n<li>Llista de sol\u00b7licituds que han demanat el centre i l&#8217;ensenyament en primera petici\u00f3 amb la puntuaci\u00f3 provisional (*actualitzat 28\/05\/2025): <a href=\"https:\/\/agora.xtec.cat\/ins-intermunicipal\/wp-content\/uploads\/usu2220\/2025\/05\/INFORME_BAREM_PROVISIONAL_BAREM_PFI_2526.pdf\" target=\"_blank\" rel=\"noopener\">Veure llistat (PDF)<\/a><\/li>\n<li>Llista de sol\u00b7licituds que han demanat el centre i l&#8217;ensenyament en primera petici\u00f3 amb la puntuaci\u00f3 resoltes les reclamacions (*actualitzat 06\/06\/2025): <a href=\"https:\/\/agora.xtec.cat\/ins-intermunicipal\/wp-content\/uploads\/usu2220\/2025\/06\/INFORME_BAREM_RESOLTES_BAREM_PFI_2526.pdf\" target=\"_blank\" rel=\"noopener\">Veure llistat (PDF)<\/a><\/li>\n<li>Llista de sol\u00b7licituds que han demanat el centre i l&#8217;ensenyament en primera petici\u00f3 ordenada (*actualitzat 13\/06\/2025): <a href=\"https:\/\/agora.xtec.cat\/ins-intermunicipal\/wp-content\/uploads\/usu2220\/2025\/06\/INFORME_BAREM_DEFINITIU_BAREM_PFI_2526.pdf\" target=\"_blank\" rel=\"noopener\">Veure llistat (PDF)<\/a><\/li>\n<li>Llista d&#8217;alumnes assignats al centre amb indicaci\u00f3 de la primera petici\u00f3 (*actualitzat 04\/07\/2025): <a href=\"https:\/\/agora.xtec.cat\/ins-intermunicipal\/wp-content\/uploads\/usu2220\/2025\/07\/INFORME_ASSIGNADES_INFORME_ASSIGNADES_PFI_2526_04072025.pdf\" target=\"_blank\" rel=\"noopener\">Veure llistat PDF<\/a><\/li>\n<li>Llista d&#8217;espera (*actualitzat 04\/07\/2025): <a href=\"https:\/\/agora.xtec.cat\/ins-intermunicipal\/wp-content\/uploads\/usu2220\/2025\/07\/INFORME_LLISTA_ESPERA_OME_LLISTA_ESPERA_PFI_2526.pdf\" target=\"_blank\" rel=\"noopener\">Veure llistat PDF<\/a><\/li>\n<\/ul>\n<hr \/>\n<p><strong>Preinscricpi\u00f3 Cicles Formatius Grau Mitj\u00e0<\/strong><\/p>\n<p>Les sol\u00b7licituds s\u2019han de presentar en format telem\u00e0tic, <strong>no hi ha la possibilitat de full de preinscripci\u00f3 en paper.<\/strong><\/p>\n<p><span class=\"gmail_default\">El tr\u00e0mit es pot fer en l\u00ednia a trav\u00e9s del portal<\/span><a href=\"https:\/\/preinscripcio.gencat.cat\/ca\/estudis\/fp-grau-mitja\/inici\/\" target=\"_blank\" rel=\"noopener\"><span class=\"gmail_default\"> https:\/\/preinscripcio.gencat.cat\/ca\/estudis\/fp-grau-mitja\/inici\/<\/span><\/a><\/p>\n<p><strong>Mitjan\u00e7ant sol\u00b7licitud Electr\u00f2nica:<\/strong>\u00a0cal identificaci\u00f3 digital<\/p>\n<ul>\n<li>Per fer aquesta sol\u00b7licitud caldr\u00e0 identificar-se amb un certificat digital (DNIe, Cl@ve, T-CAT). Si no es disposa de certificat digital, us en podeu generar un de forma f\u00e0cil amb l\u2019<a href=\"https:\/\/idcatmobil.seu.cat\/\" target=\"_blank\" rel=\"noopener noreferrer\" data-saferedirecturl=\"https:\/\/www.google.com\/url?q=https:\/\/idcatmobil.seu.cat\/&amp;source=gmail&amp;ust=1645514283802000&amp;usg=AOvVaw0x8OQM1mX4rx0LvaJsqdOZ\">IdCat M\u00f2bil<\/a><\/li>\n<li><a href=\"https:\/\/youtu.be\/xylI9d-nFBM\" target=\"_blank\" rel=\"noopener noreferrer\">Tutorial: com obtenir l\u2019IdCat M\u00f2bil<\/a><\/li>\n<li><a href=\"https:\/\/accesvalidat.ensenyament.gencat.cat\/wayf\/wayf-IDP-SM.html?entityID=https%3A%2F%2Faccesvalidat.ensenyament.gencat.cat&amp;return=https%3A%2F%2Faccesvalidat.ensenyament.gencat.cat%2FShibboleth.sso%2FLogin%3FSAMLDS%3D1%26target%3Dhttps%253A%252F%252Faccesvalidat.ensenyament.gencat.cat%252Fpls%252Fapex%252Ff%253Fp%253D20190029072543618\" target=\"_blank\" rel=\"noopener noreferrer\" data-saferedirecturl=\"https:\/\/www.google.com\/url?q=https:\/\/accesvalidat.ensenyament.gencat.cat\/wayf\/wayf-IDP-SM.html?entityID%3Dhttps%253A%252F%252Faccesvalidat.ensenyament.gencat.cat%26return%3Dhttps%253A%252F%252Faccesvalidat.ensenyament.gencat.cat%252FShibboleth.sso%252FLogin%253FSAMLDS%253D1%2526target%253Dhttps%25253A%25252F%25252Faccesvalidat.ensenyament.gencat.cat%25252Fpls%25252Fapex%25252Ff%25253Fp%25253D20190029072543618&amp;source=gmail&amp;ust=1645514283802000&amp;usg=AOvVaw1AknpKPUB_dNR1O0m_OrO5\">Cercador RALC\/IDALU de l\u2019alumne\/a.<\/a><\/li>\n<li><a href=\"https:\/\/educacio.gencat.cat\/ca\/tramits\/tramits-temes\/preinscripcio-fp-gm\" target=\"_blank\" rel=\"noopener\">Formulari preinscripci\u00f3 (codi del centre 08077472):<\/a> Del 23 al 29 de maig de 2025<\/li>\n<\/ul>\n<p><strong>Cal fer la matr\u00edcula de l&#8217;11 al 14 de juliol de 2025 per alumnat assignat en primera tanda.<\/strong><\/p>\n<p><strong>Cal fer la matr\u00edcula del 21 al 22 de juliol de 2025 per alumnat assignat en segona tanda.<\/strong><\/p>\n<p><strong>Cal fer la matr\u00edcula del 30 al 31 de juliol de 2025 per alumnat assignat en tercera tanda.<\/strong><\/p>\n<p><strong>Llistats Preinscripci\u00f3 CFGM 2025\/26:<\/strong><\/p>\n<ul>\n<li style=\"list-style-type: none;\">\n<ul>\n<li>Oferta inicial de places Cicles Formatius Grau Mitj\u00e0: <a href=\"https:\/\/agora.xtec.cat\/ins-intermunicipal\/wp-content\/uploads\/usu2220\/2025\/05\/INFORME_OFERTA_OME_INFORME_OFERTA_CFGM_2526.pdf\" target=\"_blank\" rel=\"noopener\">Veure llistat (PDF)<\/a><\/li>\n<li>Llista de sol\u00b7licituds que han demanat el centre i l&#8217;ensenyament en primera petici\u00f3 amb la puntuaci\u00f3 provisional (*actualitzat 27\/06\/2025): <a href=\"https:\/\/agora.xtec.cat\/ins-intermunicipal\/wp-content\/uploads\/usu2220\/2025\/06\/INFORME_BAREM_PROVISIONAL_BAREM_CFGM_2526.pdf\" target=\"_blank\" rel=\"noopener\">Veure llistat PDF<\/a><\/li>\n<li>Llista de sol\u00b7licituds que han demanat el centre i l&#8217;ensenyament en primera petici\u00f3 amb la puntuaci\u00f3 resoltes les reclamacions (*actualitzat 07\/07\/2025): <a href=\"https:\/\/agora.xtec.cat\/ins-intermunicipal\/wp-content\/uploads\/usu2220\/2025\/07\/INFORME_BAREM_RESOLTES_BAREM_CFGM_2526.pdf\" target=\"_blank\" rel=\"noopener\">Veure llistat PDF<\/a><\/li>\n<li>Alumnes assignats al centre en primera tanda (*actualitzat 10\/07\/2025): <a href=\"https:\/\/agora.xtec.cat\/ins-intermunicipal\/wp-content\/uploads\/usu2220\/2025\/07\/INFORME_ASSIGNADES_INFORME_ASSIGNADES_CFGM_2526.pdf\" target=\"_blank\" rel=\"noopener\">Veure llistat PDF<\/a><\/li>\n<li>Alumnes assignats al centre en segona tanda (*actualitzat 18\/07\/2025): <a href=\"https:\/\/agora.xtec.cat\/ins-intermunicipal\/wp-content\/uploads\/usu2220\/2025\/07\/INFORME_ASSIGNADES_INFORME_ASSIGNADES-_CFGM_2T.pdf\" target=\"_blank\" rel=\"noopener\">Veure llistat PDF<\/a><\/li>\n<li>Alumnes assignats al centre en tercera tanda (*actualitzat 29\/07\/2025): <a href=\"https:\/\/agora.xtec.cat\/ins-intermunicipal\/wp-content\/uploads\/usu2220\/2025\/07\/INFORME_ASSIGNADES_INFORME_ASSIGNADES_CFPM-3T-2.pdf-2.pdf\">Veure llistat PDF<\/a><\/li>\n<\/ul>\n<\/li>\n<\/ul>\n<hr \/>\n<p><strong>Preinscricpi\u00f3 Cicles Formatius Grau Superior<\/strong><\/p>\n<p>Les sol\u00b7licituds s\u2019han de presentar en format telem\u00e0tic, <strong>no hi ha la possibilitat de full de preinscripci\u00f3 en paper.<\/strong><\/p>\n<p><span class=\"gmail_default\">El tr\u00e0mit es pot fer en l\u00ednia a trav\u00e9s del portal <a href=\"https:\/\/preinscripcio.gencat.cat\/ca\/estudis\/fp-grau-superior\/inici\/\" target=\"_blank\" rel=\"noopener\">https:\/\/preinscripcio.gencat.cat\/ca\/estudis\/fp-grau-superior\/inici\/<\/a><\/span><\/p>\n<p><strong>Mitjan\u00e7ant sol\u00b7licitud Electr\u00f2nica:<\/strong>\u00a0cal identificaci\u00f3 digital<\/p>\n<ul>\n<li>Per fer aquesta sol\u00b7licitud caldr\u00e0 identificar-se amb un certificat digital (DNIe, Cl@ve, T-CAT). Si no es disposa de certificat digital, us en podeu generar un de forma f\u00e0cil amb l\u2019<a href=\"https:\/\/idcatmobil.seu.cat\/\" target=\"_blank\" rel=\"noopener noreferrer\" data-saferedirecturl=\"https:\/\/www.google.com\/url?q=https:\/\/idcatmobil.seu.cat\/&amp;source=gmail&amp;ust=1645514283802000&amp;usg=AOvVaw0x8OQM1mX4rx0LvaJsqdOZ\">IdCat M\u00f2bil<\/a><\/li>\n<li><a href=\"https:\/\/youtu.be\/xylI9d-nFBM\" target=\"_blank\" rel=\"noopener noreferrer\">Tutorial: com obtenir l\u2019IdCat M\u00f2bil<\/a><\/li>\n<li><a href=\"https:\/\/accesvalidat.ensenyament.gencat.cat\/wayf\/wayf-IDP-SM.html?entityID=https%3A%2F%2Faccesvalidat.ensenyament.gencat.cat&amp;return=https%3A%2F%2Faccesvalidat.ensenyament.gencat.cat%2FShibboleth.sso%2FLogin%3FSAMLDS%3D1%26target%3Dhttps%253A%252F%252Faccesvalidat.ensenyament.gencat.cat%252Fpls%252Fapex%252Ff%253Fp%253D20190029072543618\" target=\"_blank\" rel=\"noopener noreferrer\" data-saferedirecturl=\"https:\/\/www.google.com\/url?q=https:\/\/accesvalidat.ensenyament.gencat.cat\/wayf\/wayf-IDP-SM.html?entityID%3Dhttps%253A%252F%252Faccesvalidat.ensenyament.gencat.cat%26return%3Dhttps%253A%252F%252Faccesvalidat.ensenyament.gencat.cat%252FShibboleth.sso%252FLogin%253FSAMLDS%253D1%2526target%253Dhttps%25253A%25252F%25252Faccesvalidat.ensenyament.gencat.cat%25252Fpls%25252Fapex%25252Ff%25253Fp%25253D20190029072543618&amp;source=gmail&amp;ust=1645514283802000&amp;usg=AOvVaw1AknpKPUB_dNR1O0m_OrO5\">Cercador RALC\/IDALU de l\u2019alumne\/a.<\/a><\/li>\n<li><a href=\"https:\/\/educacio.gencat.cat\/ca\/tramits\/tramits-temes\/preinscripcio-fp-gs\" target=\"_blank\" rel=\"noopener\">Formulari preinscripci\u00f3 (codi del centre 08077472):<\/a> Del 23 al 29 de maig de 2025.<\/li>\n<\/ul>\n<p><strong>Cal fer la matr\u00edcula de l&#8217;11 al 14 de juliol de 2025 per alumnat assignat en primera tanda.<\/strong><\/p>\n<p><strong>Cal fer la matr\u00edcula del 21 al 22 de juliol de 2025 per alumnat assignat en segona tanda.<\/strong><\/p>\n<p><strong>Cal fer la matr\u00edcula del 30 al 31 de juliol de 2025 per alumnat assignat en tercera tanda.<\/strong><\/p>\n<p><strong>Llistats Preinscripci\u00f3 CFGS 2025\/26:<\/strong><\/p>\n<ul>\n<li>Oferta inicial de places Cicles Formatius Grau Superior: <a href=\"https:\/\/agora.xtec.cat\/ins-intermunicipal\/wp-content\/uploads\/usu2220\/2025\/05\/INFORME_OFERTA_OME_INFORME_OFERTA_CFGS_2526.pdf\" target=\"_blank\" rel=\"noopener\">Veure llistat (PDF)<\/a><\/li>\n<li>Llista de sol\u00b7licituds que han demanat el centre i l&#8217;ensenyament en primera petici\u00f3 amb la puntuaci\u00f3 provisional (*actualitzat 27\/06\/2025): <a href=\"https:\/\/agora.xtec.cat\/ins-intermunicipal\/wp-content\/uploads\/usu2220\/2025\/06\/INFORME_BAREM_PROVISIONAL_BAREM_CFGS_2526.pdf\" target=\"_blank\" rel=\"noopener\">Veure llistat PDF<\/a><\/li>\n<li>Llista de sol\u00b7licituds que han demanat el centre i l&#8217;ensenyament en primera petici\u00f3 amb la puntuaci\u00f3 resoltes les reclamacions (*actualitzat 07\/07\/2025): <a href=\"https:\/\/agora.xtec.cat\/ins-intermunicipal\/wp-content\/uploads\/usu2220\/2025\/07\/INFORME_BAREM_RESOLTES_BAREM_CFGS_2526.pdf\" target=\"_blank\" rel=\"noopener\">Veure llistat PDF<\/a><\/li>\n<li>Alumnes assignats al centre en primera tanda (*actualitzat 10\/07\/2025): <a href=\"https:\/\/agora.xtec.cat\/ins-intermunicipal\/wp-content\/uploads\/usu2220\/2025\/07\/INFORME_ASSIGNADES_INFORME_ASSIGNADES_CFGS_2526.pdf\" target=\"_blank\" rel=\"noopener\">Veure llistat PDF<\/a><\/li>\n<li>Alumnes assignats al centre en segona tanda (*actualitzat 18\/07\/2025): <a href=\"https:\/\/agora.xtec.cat\/ins-intermunicipal\/wp-content\/uploads\/usu2220\/2025\/07\/INFORME_ASSIGNADES_INFORME_ASSIGNADES-_CFGS_2T.pdf\" target=\"_blank\" rel=\"noopener\">Veure llistat PDF<\/a><\/li>\n<li>Alumnes assignats al centre en tercera tanda (*actualitzat 29\/07\/2025): <a href=\"https:\/\/agora.xtec.cat\/ins-intermunicipal\/wp-content\/uploads\/usu2220\/2025\/07\/INFORME_ASSIGNADES_INFORME_ASSIGNADES_CFPS_3T-5.pdf\">Veure llistat PDF<\/a><\/li>\n<\/ul>\n<p><em><strong>Enlla\u00e7os i consultes sobre la preinscripci\u00f3:<\/strong><\/em><\/p>\n<ul>\n<li><a href=\"https:\/\/preinscripcio.gencat.cat\/ca\/estudis\/eso\/ajuda\/pindoles-multimedia\/\" target=\"_blank\" rel=\"noopener noreferrer\">Dubtes de com emplenar la sol\u00b7licitud de preinscripci\u00f3<\/a>\u00a0(v\u00eddeos explicatius)<\/li>\n<li><a href=\"https:\/\/preinscripcio.gencat.cat\/ca\/inici\/index.html\" target=\"_blank\" rel=\"noopener\">Web del Departament d\u2019Educaci\u00f3<\/a><\/li>\n<\/ul>\n<p>Si teniu dubtes, podeu trucar al Centre de 09:00 h a 14:00 h al 938912061.<\/p>\n","protected":false},"excerpt":{"rendered":"<p>Preinscricpi\u00f3 PFI<br \/>\nLes sol\u00b7licituds s\u2019han de presentar en format telem\u00e0tic, no hi ha la possibilitat de full de preinscripci\u00f3 en paper.<br \/>\n*Si no te&#8217;n surts, demana hora i vine a l&#8217;institut a fer la preinscripci\u00f3: <a href=\"https:\/\/forms.gle\/PVvHZwFXxEBABecu8\" target=\"_blank\" rel=\"noopener\">formulari de cita pr\u00e8via<\/a> (espai PFI de suport&hellip;  <a href=\"https:\/\/agora.xtec.cat\/ins-intermunicipal\/general\/preinscripcio-fp-curs-2025-26-telematica\/\" title=\"Read Preinscripci\u00f3 FP Curs 2025\/26 \u2013 Telem\u00e0tica\">Llegeix m\u00e9s\u00bb<\/a><\/p>\n","protected":false},"author":6,"featured_media":4693,"comment_status":"closed","ping_status":"closed","sticky":false,"template":"","format":"standard","meta":{"_bbp_topic_count":0,"_bbp_reply_count":0,"_bbp_total_topic_count":0,"_bbp_total_reply_count":0,"_bbp_voice_count":0,"_bbp_anonymous_reply_count":0,"_bbp_topic_count_hidden":0,"_bbp_reply_count_hidden":0,"_bbp_forum_subforum_count":0,"footnotes":""},"categories":[30,1,29],"tags":[],"class_list":["post-2772","post","type-post","status-publish","format-standard","has-post-thumbnail","hentry","category-formacio-professional","category-general","category-portada"],"post_mailing_queue_ids":[],"_links":{"self":[{"href":"https:\/\/agora.xtec.cat\/ins-intermunicipal\/wp-json\/wp\/v2\/posts\/2772","targetHints":{"allow":["GET"]}}],"collection":[{"href":"https:\/\/agora.xtec.cat\/ins-intermunicipal\/wp-json\/wp\/v2\/posts"}],"about":[{"href":"https:\/\/agora.xtec.cat\/ins-intermunicipal\/wp-json\/wp\/v2\/types\/post"}],"author":[{"embeddable":true,"href":"https:\/\/agora.xtec.cat\/ins-intermunicipal\/wp-json\/wp\/v2\/users\/6"}],"replies":[{"embeddable":true,"href":"https:\/\/agora.xtec.cat\/ins-intermunicipal\/wp-json\/wp\/v2\/comments?post=2772"}],"version-history":[{"count":8,"href":"https:\/\/agora.xtec.cat\/ins-intermunicipal\/wp-json\/wp\/v2\/posts\/2772\/revisions"}],"predecessor-version":[{"id":5100,"href":"https:\/\/agora.xtec.cat\/ins-intermunicipal\/wp-json\/wp\/v2\/posts\/2772\/revisions\/5100"}],"wp:featuredmedia":[{"embeddable":true,"href":"https:\/\/agora.xtec.cat\/ins-intermunicipal\/wp-json\/wp\/v2\/media\/4693"}],"wp:attachment":[{"href":"https:\/\/agora.xtec.cat\/ins-intermunicipal\/wp-json\/wp\/v2\/media?parent=2772"}],"wp:term":[{"taxonomy":"category","embeddable":true,"href":"https:\/\/agora.xtec.cat\/ins-intermunicipal\/wp-json\/wp\/v2\/categories?post=2772"},{"taxonomy":"post_tag","embeddable":true,"href":"https:\/\/agora.xtec.cat\/ins-intermunicipal\/wp-json\/wp\/v2\/tags?post=2772"}],"curies":[{"name":"wp","href":"https:\/\/api.w.org\/{rel}","templated":true}]}}