{"id":2760,"date":"2024-04-26T10:59:59","date_gmt":"2024-04-26T08:59:59","guid":{"rendered":"https:\/\/agora.xtec.cat\/ins-intermunicipal\/?p=2760"},"modified":"2024-04-26T10:59:59","modified_gmt":"2024-04-26T08:59:59","slug":"guanyadors-del-concurs-literari-de-sant-jordi","status":"publish","type":"post","link":"https:\/\/agora.xtec.cat\/ins-intermunicipal\/general\/guanyadors-del-concurs-literari-de-sant-jordi\/","title":{"rendered":"Guanyadors del concurs literari de Sant Jordi"},"content":{"rendered":"<p align=\"justify\"><span style=\"color: #222222;\"><span style=\"font-family: Arial, Helvetica, sans-serif;\"><span style=\"font-size: medium;\">L\u2019edici\u00f3 del concurs literari de Sant Jordi d\u2019enguany es va convocar atenent a diferents modalitats. Pels alumnes d\u2019ESO, les modalitats en qu\u00e8 es podia participar eren <b>Booktr\u00e0iler<\/b>, <b>Microrelat amb IA i modificat amb intel\u00b7lig\u00e8ncia natural<\/b> i, en tercer lloc, <b>Adaptaci\u00f3 de la lletra d\u2019una can\u00e7\u00f3<\/b>. Pel que fa a Batxillerat, es podia participar amb un <b>Relat o poema de creaci\u00f3 pr\u00f2pia<\/b>.<\/span><\/span><\/span><\/p>\n<p align=\"justify\"><span style=\"color: #222222;\"><span style=\"font-family: Arial, Helvetica, sans-serif;\"><span style=\"font-size: medium;\">Els alumnes premiats han estat els seg\u00fcents:<\/span><\/span><\/span><\/p>\n<ul>\n<li>\n<p align=\"justify\"><span style=\"color: #222222;\"><span style=\"font-family: Arial, Helvetica, sans-serif;\"><span style=\"font-size: medium;\">1r d\u2019ESO: F\u00e8lix Rojas, Jordi For\u00e9s, Joan Parellada i June Iraola. Tots ells de 1r E i en la modalitat de Booktr\u00e0iler.<\/span><\/span><\/span><\/p>\n<\/li>\n<li>\n<p align=\"justify\"><span style=\"color: #222222;\"><span style=\"font-family: Arial, Helvetica, sans-serif;\"><span style=\"font-size: medium;\">2n d\u2019ESO: Marta \u00c0vila (2n C), Jana Sabat\u00e9 (2n B) i Anast\u00e0sia Acedo (2n A) en la modalitat d\u2019Adaptaci\u00f3 d\u2019una can\u00e7\u00f3, i L\u00eddia Pavaloaia (2n A) en la modalitat de Microrelat amb IA i modificat amb intel\u00b7lig\u00e8ncia natural.<\/span><\/span><\/span><\/p>\n<\/li>\n<li>\n<p align=\"justify\"><span style=\"color: #222222;\"><span style=\"font-family: Arial, Helvetica, sans-serif;\"><span style=\"font-size: medium;\">3r d\u2019ESO: Joan Amig\u00f3 de 3r C amb un Poema de creaci\u00f3 pr\u00f2pia.<\/span><\/span><\/span><\/p>\n<\/li>\n<li>\n<p align=\"justify\"><span style=\"color: #222222;\"><span style=\"font-family: Arial, Helvetica, sans-serif;\"><span style=\"font-size: medium;\">4t d\u2019ESO: \u00c0lex Hermoso en la modalitat de Booktr\u00e0iler i Oriol Guti\u00e9rrez en la modalitat de Microrelat amb IA i modificat amb intel\u00b7lig\u00e8ncia natural, tots dos de 4t D.<\/span><\/span><\/span><\/p>\n<\/li>\n<li>\n<p align=\"justify\"><span style=\"color: #222222;\"><span style=\"font-family: Arial, Helvetica, sans-serif;\"><span style=\"font-size: medium;\">1r de Batxillerat: Ferran Asensio de 1r A i Tanit Soriano de 1r C.<\/span><\/span><\/span><\/p>\n<\/li>\n<li>\n<p align=\"justify\"><span style=\"color: #222222;\"><span style=\"font-family: Arial, Helvetica, sans-serif;\"><span style=\"font-size: medium;\">2n de Batxillerat: Yasmina Cheklal, Queralt Callau i K\u00e8nia Caubet de 2n B i Ana Ll\u00e1cer de 2n A.<\/span><\/span><\/span><\/p>\n<\/li>\n<\/ul>\n<p>A tots ells, felicitats! I aprofitem, tamb\u00e9, per dir que la fira de llibres va ser un \u00e8xit, tant pel volum de llibres que els alumnes van portar com pel nombre d&#8217;intercanvis que es va fer.<\/p>\n<p><a href=\"https:\/\/agora.xtec.cat\/ins-intermunicipal\/wp-content\/uploads\/usu2220\/2024\/04\/20240423_134638-rotated.jpg\"><img loading=\"lazy\" decoding=\"async\" class=\"alignnone wp-image-2762 \" src=\"https:\/\/agora.xtec.cat\/ins-intermunicipal\/wp-content\/uploads\/usu2220\/2024\/04\/20240423_134638-rotated-e1714121835121-300x286.jpg\" alt=\"\" width=\"313\" height=\"298\" srcset=\"https:\/\/agora.xtec.cat\/ins-intermunicipal\/wp-content\/uploads\/usu2220\/2024\/04\/20240423_134638-rotated-e1714121835121-300x286.jpg 300w, https:\/\/agora.xtec.cat\/ins-intermunicipal\/wp-content\/uploads\/usu2220\/2024\/04\/20240423_134638-rotated-e1714121835121.jpg 675w\" sizes=\"auto, (max-width: 313px) 100vw, 313px\" \/><\/a> <a href=\"https:\/\/agora.xtec.cat\/ins-intermunicipal\/wp-content\/uploads\/usu2220\/2024\/04\/20240423_134737-rotated.jpg\"><img loading=\"lazy\" decoding=\"async\" class=\"alignnone wp-image-2763 size-medium\" src=\"https:\/\/agora.xtec.cat\/ins-intermunicipal\/wp-content\/uploads\/usu2220\/2024\/04\/20240423_134737-225x300.jpg\" alt=\"\" width=\"225\" height=\"300\" srcset=\"https:\/\/agora.xtec.cat\/ins-intermunicipal\/wp-content\/uploads\/usu2220\/2024\/04\/20240423_134737-225x300.jpg 225w, https:\/\/agora.xtec.cat\/ins-intermunicipal\/wp-content\/uploads\/usu2220\/2024\/04\/20240423_134737-rotated.jpg 675w\" sizes=\"auto, (max-width: 225px) 100vw, 225px\" \/><\/a> <a href=\"https:\/\/agora.xtec.cat\/ins-intermunicipal\/wp-content\/uploads\/usu2220\/2024\/04\/20240423_135016-rotated.jpg\"><img loading=\"lazy\" decoding=\"async\" class=\"alignnone wp-image-2764 size-medium\" src=\"https:\/\/agora.xtec.cat\/ins-intermunicipal\/wp-content\/uploads\/usu2220\/2024\/04\/20240423_135016-225x300.jpg\" alt=\"\" width=\"225\" height=\"300\" srcset=\"https:\/\/agora.xtec.cat\/ins-intermunicipal\/wp-content\/uploads\/usu2220\/2024\/04\/20240423_135016-225x300.jpg 225w, https:\/\/agora.xtec.cat\/ins-intermunicipal\/wp-content\/uploads\/usu2220\/2024\/04\/20240423_135016-rotated.jpg 675w\" sizes=\"auto, (max-width: 225px) 100vw, 225px\" \/><\/a><\/p>\n<p><a href=\"https:\/\/agora.xtec.cat\/ins-intermunicipal\/wp-content\/uploads\/usu2220\/2024\/04\/20240423_135120.jpg\"><img loading=\"lazy\" decoding=\"async\" class=\"alignnone wp-image-2765 size-medium\" src=\"https:\/\/agora.xtec.cat\/ins-intermunicipal\/wp-content\/uploads\/usu2220\/2024\/04\/20240423_135120-300x225.jpg\" alt=\"\" width=\"300\" height=\"225\" srcset=\"https:\/\/agora.xtec.cat\/ins-intermunicipal\/wp-content\/uploads\/usu2220\/2024\/04\/20240423_135120-300x225.jpg 300w, https:\/\/agora.xtec.cat\/ins-intermunicipal\/wp-content\/uploads\/usu2220\/2024\/04\/20240423_135120-768x576.jpg 768w, https:\/\/agora.xtec.cat\/ins-intermunicipal\/wp-content\/uploads\/usu2220\/2024\/04\/20240423_135120-200x150.jpg 200w, https:\/\/agora.xtec.cat\/ins-intermunicipal\/wp-content\/uploads\/usu2220\/2024\/04\/20240423_135120.jpg 900w\" sizes=\"auto, (max-width: 300px) 100vw, 300px\" \/><\/a> <a href=\"https:\/\/agora.xtec.cat\/ins-intermunicipal\/wp-content\/uploads\/usu2220\/2024\/04\/20240423_135149.jpg\"><img loading=\"lazy\" decoding=\"async\" class=\"alignnone wp-image-2766 size-medium\" src=\"https:\/\/agora.xtec.cat\/ins-intermunicipal\/wp-content\/uploads\/usu2220\/2024\/04\/20240423_135149-300x225.jpg\" alt=\"\" width=\"300\" height=\"225\" srcset=\"https:\/\/agora.xtec.cat\/ins-intermunicipal\/wp-content\/uploads\/usu2220\/2024\/04\/20240423_135149-300x225.jpg 300w, https:\/\/agora.xtec.cat\/ins-intermunicipal\/wp-content\/uploads\/usu2220\/2024\/04\/20240423_135149-768x576.jpg 768w, https:\/\/agora.xtec.cat\/ins-intermunicipal\/wp-content\/uploads\/usu2220\/2024\/04\/20240423_135149-200x150.jpg 200w, https:\/\/agora.xtec.cat\/ins-intermunicipal\/wp-content\/uploads\/usu2220\/2024\/04\/20240423_135149.jpg 900w\" sizes=\"auto, (max-width: 300px) 100vw, 300px\" \/><\/a> <a href=\"https:\/\/agora.xtec.cat\/ins-intermunicipal\/wp-content\/uploads\/usu2220\/2024\/04\/20240423_122652.jpg\"><img loading=\"lazy\" decoding=\"async\" class=\"alignnone wp-image-2767 size-medium\" src=\"https:\/\/agora.xtec.cat\/ins-intermunicipal\/wp-content\/uploads\/usu2220\/2024\/04\/20240423_122652-300x225.jpg\" alt=\"\" width=\"300\" height=\"225\" srcset=\"https:\/\/agora.xtec.cat\/ins-intermunicipal\/wp-content\/uploads\/usu2220\/2024\/04\/20240423_122652-300x225.jpg 300w, https:\/\/agora.xtec.cat\/ins-intermunicipal\/wp-content\/uploads\/usu2220\/2024\/04\/20240423_122652-768x576.jpg 768w, https:\/\/agora.xtec.cat\/ins-intermunicipal\/wp-content\/uploads\/usu2220\/2024\/04\/20240423_122652-200x150.jpg 200w, https:\/\/agora.xtec.cat\/ins-intermunicipal\/wp-content\/uploads\/usu2220\/2024\/04\/20240423_122652.jpg 900w\" sizes=\"auto, (max-width: 300px) 100vw, 300px\" \/><\/a><\/p>\n<p><a href=\"https:\/\/agora.xtec.cat\/ins-intermunicipal\/wp-content\/uploads\/usu2220\/2024\/04\/20240423_131250.jpg\"><img loading=\"lazy\" decoding=\"async\" class=\"alignnone wp-image-2768 size-medium\" src=\"https:\/\/agora.xtec.cat\/ins-intermunicipal\/wp-content\/uploads\/usu2220\/2024\/04\/20240423_131250-300x225.jpg\" alt=\"\" width=\"300\" height=\"225\" srcset=\"https:\/\/agora.xtec.cat\/ins-intermunicipal\/wp-content\/uploads\/usu2220\/2024\/04\/20240423_131250-300x225.jpg 300w, https:\/\/agora.xtec.cat\/ins-intermunicipal\/wp-content\/uploads\/usu2220\/2024\/04\/20240423_131250-768x576.jpg 768w, https:\/\/agora.xtec.cat\/ins-intermunicipal\/wp-content\/uploads\/usu2220\/2024\/04\/20240423_131250-200x150.jpg 200w, https:\/\/agora.xtec.cat\/ins-intermunicipal\/wp-content\/uploads\/usu2220\/2024\/04\/20240423_131250.jpg 900w\" sizes=\"auto, (max-width: 300px) 100vw, 300px\" \/><\/a> <a href=\"https:\/\/agora.xtec.cat\/ins-intermunicipal\/wp-content\/uploads\/usu2220\/2024\/04\/20240423_132254-2.jpg\"><img loading=\"lazy\" decoding=\"async\" class=\"alignnone wp-image-2769 size-medium\" src=\"https:\/\/agora.xtec.cat\/ins-intermunicipal\/wp-content\/uploads\/usu2220\/2024\/04\/20240423_132254-2-300x225.jpg\" alt=\"\" width=\"300\" height=\"225\" srcset=\"https:\/\/agora.xtec.cat\/ins-intermunicipal\/wp-content\/uploads\/usu2220\/2024\/04\/20240423_132254-2-300x225.jpg 300w, https:\/\/agora.xtec.cat\/ins-intermunicipal\/wp-content\/uploads\/usu2220\/2024\/04\/20240423_132254-2-768x576.jpg 768w, https:\/\/agora.xtec.cat\/ins-intermunicipal\/wp-content\/uploads\/usu2220\/2024\/04\/20240423_132254-2-200x150.jpg 200w, https:\/\/agora.xtec.cat\/ins-intermunicipal\/wp-content\/uploads\/usu2220\/2024\/04\/20240423_132254-2.jpg 900w\" sizes=\"auto, (max-width: 300px) 100vw, 300px\" \/><\/a><\/p>\n","protected":false},"excerpt":{"rendered":"<p>L\u2019edici\u00f3 del concurs literari de Sant Jordi d\u2019enguany es va convocar atenent a diferents modalitats. Pels alumnes d\u2019ESO, les modalitats en qu\u00e8 es podia participar eren Booktr\u00e0iler, Microrelat amb IA i modificat amb intel\u00b7lig\u00e8ncia natural i, en tercer lloc, Adaptaci\u00f3 de la lletra d\u2019una can\u00e7\u00f3.&hellip;  <a href=\"https:\/\/agora.xtec.cat\/ins-intermunicipal\/general\/guanyadors-del-concurs-literari-de-sant-jordi\/\" title=\"Read Guanyadors del concurs literari de Sant Jordi\">Llegeix m\u00e9s\u00bb<\/a><\/p>\n","protected":false},"author":7,"featured_media":2769,"comment_status":"closed","ping_status":"closed","sticky":false,"template":"","format":"standard","meta":{"_bbp_topic_count":0,"_bbp_reply_count":0,"_bbp_total_topic_count":0,"_bbp_total_reply_count":0,"_bbp_voice_count":0,"_bbp_anonymous_reply_count":0,"_bbp_topic_count_hidden":0,"_bbp_reply_count_hidden":0,"_bbp_forum_subforum_count":0,"footnotes":""},"categories":[8,3,1,29],"tags":[458,459,38],"class_list":["post-2760","post","type-post","status-publish","format-standard","has-post-thumbnail","hentry","category-bat","category-eso","category-general","category-portada","tag-concurs-literari","tag-intercanvi-de-llibres","tag-sant-jordi"],"post_mailing_queue_ids":[],"_links":{"self":[{"href":"https:\/\/agora.xtec.cat\/ins-intermunicipal\/wp-json\/wp\/v2\/posts\/2760","targetHints":{"allow":["GET"]}}],"collection":[{"href":"https:\/\/agora.xtec.cat\/ins-intermunicipal\/wp-json\/wp\/v2\/posts"}],"about":[{"href":"https:\/\/agora.xtec.cat\/ins-intermunicipal\/wp-json\/wp\/v2\/types\/post"}],"author":[{"embeddable":true,"href":"https:\/\/agora.xtec.cat\/ins-intermunicipal\/wp-json\/wp\/v2\/users\/7"}],"replies":[{"embeddable":true,"href":"https:\/\/agora.xtec.cat\/ins-intermunicipal\/wp-json\/wp\/v2\/comments?post=2760"}],"version-history":[{"count":3,"href":"https:\/\/agora.xtec.cat\/ins-intermunicipal\/wp-json\/wp\/v2\/posts\/2760\/revisions"}],"predecessor-version":[{"id":2771,"href":"https:\/\/agora.xtec.cat\/ins-intermunicipal\/wp-json\/wp\/v2\/posts\/2760\/revisions\/2771"}],"wp:featuredmedia":[{"embeddable":true,"href":"https:\/\/agora.xtec.cat\/ins-intermunicipal\/wp-json\/wp\/v2\/media\/2769"}],"wp:attachment":[{"href":"https:\/\/agora.xtec.cat\/ins-intermunicipal\/wp-json\/wp\/v2\/media?parent=2760"}],"wp:term":[{"taxonomy":"category","embeddable":true,"href":"https:\/\/agora.xtec.cat\/ins-intermunicipal\/wp-json\/wp\/v2\/categories?post=2760"},{"taxonomy":"post_tag","embeddable":true,"href":"https:\/\/agora.xtec.cat\/ins-intermunicipal\/wp-json\/wp\/v2\/tags?post=2760"}],"curies":[{"name":"wp","href":"https:\/\/api.w.org\/{rel}","templated":true}]}}