{"id":2679,"date":"2024-04-23T10:57:38","date_gmt":"2024-04-23T08:57:38","guid":{"rendered":"https:\/\/agora.xtec.cat\/ins-intermunicipal\/?p=2679"},"modified":"2024-04-23T10:59:18","modified_gmt":"2024-04-23T08:59:18","slug":"interpretant-sant-jordi-a-lescola-vedruna-el-carme","status":"publish","type":"post","link":"https:\/\/agora.xtec.cat\/ins-intermunicipal\/general\/interpretant-sant-jordi-a-lescola-vedruna-el-carme\/","title":{"rendered":"Interpretant Sant Jordi a l&#8217;Escola Vedruna &#8211; El Carme"},"content":{"rendered":"<p>L&#8217;alumnat del m\u00f2dul de Projecte del CFGS d&#8217;Educaci\u00f3 Infantil de l&#8217;\u00cdnter va participar ahir, 22 d&#8217;abril, en una jornada d&#8217;interpretaci\u00f3 de la llegenda de Sant Jordi, adre\u00e7at a l&#8217;alumnat d&#8217;Educaci\u00f3 Infantil de l&#8217;Escola Vedruna &#8211; El Carme de Sant Sadurn\u00ed d&#8217;Anoia. L&#8217;alumnat del cicle havia treballat anteriorment al taller diferents versions de la llegenda per portar-la a l&#8217;escola i s&#8217;havia generat un projecte d&#8217;aprenentatge que ara avaluaran. En total, van ser quatre representacions que van celebrar els menuts de 3 a 4 anys de l&#8217;escola. La reinterpretaci\u00f3 de la llegenda es va fer amb dos teatres de titelles, un teatre amb ombres xineses i un altre de personatges.<\/p>\n<p>L&#8217;activitat, demanada per la mateixa escola, s&#8217;emmarca dins del m\u00e8tode d&#8217;Aprenentatge-Servei, APS, que caracteritza el m\u00f2dul de Projecte. L&#8217;APS es defineix com una proposta educativa que combina processos d\u2019aprenentatge i de servei a la comunitat en un sol projecte en qu\u00e8\u00a0els participants es formen tot treballant sobre necessitats reals de l\u2019entorn amb l\u2019objectiu de millorar-lo.<\/p>\n<p>Us mostrem algunes imatges de la representaci\u00f3 a l&#8217;escola Vedruna &#8211; El Carme.<\/p>\n<p><a href=\"https:\/\/agora.xtec.cat\/ins-intermunicipal\/wp-content\/uploads\/usu2220\/2024\/04\/Imatge-de-WhatsApp-2024-04-22-a-les-21.05.35_36f4f2a4.jpg\"><img loading=\"lazy\" decoding=\"async\" class=\"alignnone size-large wp-image-2683\" src=\"https:\/\/agora.xtec.cat\/ins-intermunicipal\/wp-content\/uploads\/usu2220\/2024\/04\/Imatge-de-WhatsApp-2024-04-22-a-les-21.05.35_36f4f2a4-1024x768.jpg\" alt=\"\" width=\"1024\" height=\"768\" srcset=\"https:\/\/agora.xtec.cat\/ins-intermunicipal\/wp-content\/uploads\/usu2220\/2024\/04\/Imatge-de-WhatsApp-2024-04-22-a-les-21.05.35_36f4f2a4-1024x768.jpg 1024w, https:\/\/agora.xtec.cat\/ins-intermunicipal\/wp-content\/uploads\/usu2220\/2024\/04\/Imatge-de-WhatsApp-2024-04-22-a-les-21.05.35_36f4f2a4-300x225.jpg 300w, https:\/\/agora.xtec.cat\/ins-intermunicipal\/wp-content\/uploads\/usu2220\/2024\/04\/Imatge-de-WhatsApp-2024-04-22-a-les-21.05.35_36f4f2a4-768x576.jpg 768w, https:\/\/agora.xtec.cat\/ins-intermunicipal\/wp-content\/uploads\/usu2220\/2024\/04\/Imatge-de-WhatsApp-2024-04-22-a-les-21.05.35_36f4f2a4-1536x1152.jpg 1536w, https:\/\/agora.xtec.cat\/ins-intermunicipal\/wp-content\/uploads\/usu2220\/2024\/04\/Imatge-de-WhatsApp-2024-04-22-a-les-21.05.35_36f4f2a4-200x150.jpg 200w, https:\/\/agora.xtec.cat\/ins-intermunicipal\/wp-content\/uploads\/usu2220\/2024\/04\/Imatge-de-WhatsApp-2024-04-22-a-les-21.05.35_36f4f2a4.jpg 2048w\" sizes=\"auto, (max-width: 1024px) 100vw, 1024px\" \/><\/a><a href=\"https:\/\/agora.xtec.cat\/ins-intermunicipal\/wp-content\/uploads\/usu2220\/2024\/04\/Imatge-de-WhatsApp-2024-04-22-a-les-21.05.45_d2214c60.jpg\"><img loading=\"lazy\" decoding=\"async\" class=\"alignnone size-medium wp-image-2682\" src=\"https:\/\/agora.xtec.cat\/ins-intermunicipal\/wp-content\/uploads\/usu2220\/2024\/04\/Imatge-de-WhatsApp-2024-04-22-a-les-21.05.45_d2214c60-225x300.jpg\" alt=\"\" width=\"225\" height=\"300\" srcset=\"https:\/\/agora.xtec.cat\/ins-intermunicipal\/wp-content\/uploads\/usu2220\/2024\/04\/Imatge-de-WhatsApp-2024-04-22-a-les-21.05.45_d2214c60-225x300.jpg 225w, https:\/\/agora.xtec.cat\/ins-intermunicipal\/wp-content\/uploads\/usu2220\/2024\/04\/Imatge-de-WhatsApp-2024-04-22-a-les-21.05.45_d2214c60-768x1024.jpg 768w, https:\/\/agora.xtec.cat\/ins-intermunicipal\/wp-content\/uploads\/usu2220\/2024\/04\/Imatge-de-WhatsApp-2024-04-22-a-les-21.05.45_d2214c60-1152x1536.jpg 1152w, https:\/\/agora.xtec.cat\/ins-intermunicipal\/wp-content\/uploads\/usu2220\/2024\/04\/Imatge-de-WhatsApp-2024-04-22-a-les-21.05.45_d2214c60.jpg 1536w\" sizes=\"auto, (max-width: 225px) 100vw, 225px\" \/><\/a><\/p>\n<p><a href=\"https:\/\/agora.xtec.cat\/ins-intermunicipal\/wp-content\/uploads\/usu2220\/2024\/04\/Imatge-de-WhatsApp-2024-04-22-a-les-21.14.21_f3df8079.jpg\"><img loading=\"lazy\" decoding=\"async\" class=\"alignnone size-large wp-image-2681\" src=\"https:\/\/agora.xtec.cat\/ins-intermunicipal\/wp-content\/uploads\/usu2220\/2024\/04\/Imatge-de-WhatsApp-2024-04-22-a-les-21.14.21_f3df8079-1024x768.jpg\" alt=\"\" width=\"1024\" height=\"768\" srcset=\"https:\/\/agora.xtec.cat\/ins-intermunicipal\/wp-content\/uploads\/usu2220\/2024\/04\/Imatge-de-WhatsApp-2024-04-22-a-les-21.14.21_f3df8079-1024x768.jpg 1024w, https:\/\/agora.xtec.cat\/ins-intermunicipal\/wp-content\/uploads\/usu2220\/2024\/04\/Imatge-de-WhatsApp-2024-04-22-a-les-21.14.21_f3df8079-300x225.jpg 300w, https:\/\/agora.xtec.cat\/ins-intermunicipal\/wp-content\/uploads\/usu2220\/2024\/04\/Imatge-de-WhatsApp-2024-04-22-a-les-21.14.21_f3df8079-768x576.jpg 768w, https:\/\/agora.xtec.cat\/ins-intermunicipal\/wp-content\/uploads\/usu2220\/2024\/04\/Imatge-de-WhatsApp-2024-04-22-a-les-21.14.21_f3df8079-1536x1152.jpg 1536w, https:\/\/agora.xtec.cat\/ins-intermunicipal\/wp-content\/uploads\/usu2220\/2024\/04\/Imatge-de-WhatsApp-2024-04-22-a-les-21.14.21_f3df8079-200x150.jpg 200w, https:\/\/agora.xtec.cat\/ins-intermunicipal\/wp-content\/uploads\/usu2220\/2024\/04\/Imatge-de-WhatsApp-2024-04-22-a-les-21.14.21_f3df8079.jpg 1600w\" sizes=\"auto, (max-width: 1024px) 100vw, 1024px\" \/><\/a><\/p>\n","protected":false},"excerpt":{"rendered":"<p>L&#8217;alumnat del m\u00f2dul de Projecte del CFGS d&#8217;Educaci\u00f3 Infantil de l&#8217;\u00cdnter va participar ahir, 22 d&#8217;abril, en una jornada d&#8217;interpretaci\u00f3 de la llegenda de Sant Jordi, adre\u00e7at a l&#8217;alumnat d&#8217;Educaci\u00f3 Infantil de l&#8217;Escola Vedruna &#8211; El Carme de Sant Sadurn\u00ed d&#8217;Anoia. L&#8217;alumnat del cicle havia&hellip;  <a href=\"https:\/\/agora.xtec.cat\/ins-intermunicipal\/general\/interpretant-sant-jordi-a-lescola-vedruna-el-carme\/\" title=\"Read Interpretant Sant Jordi a l&#8217;Escola Vedruna &#8211; El Carme\">Llegeix m\u00e9s\u00bb<\/a><\/p>\n","protected":false},"author":8,"featured_media":2680,"comment_status":"closed","ping_status":"closed","sticky":false,"template":"","format":"standard","meta":{"_bbp_topic_count":0,"_bbp_reply_count":0,"_bbp_total_topic_count":0,"_bbp_total_reply_count":0,"_bbp_voice_count":0,"_bbp_anonymous_reply_count":0,"_bbp_topic_count_hidden":0,"_bbp_reply_count_hidden":0,"_bbp_forum_subforum_count":0,"footnotes":""},"categories":[30,1,29],"tags":[252],"class_list":["post-2679","post","type-post","status-publish","format-standard","has-post-thumbnail","hentry","category-formacio-professional","category-general","category-portada","tag-cfgs-deducacio-infantil"],"post_mailing_queue_ids":[],"_links":{"self":[{"href":"https:\/\/agora.xtec.cat\/ins-intermunicipal\/wp-json\/wp\/v2\/posts\/2679","targetHints":{"allow":["GET"]}}],"collection":[{"href":"https:\/\/agora.xtec.cat\/ins-intermunicipal\/wp-json\/wp\/v2\/posts"}],"about":[{"href":"https:\/\/agora.xtec.cat\/ins-intermunicipal\/wp-json\/wp\/v2\/types\/post"}],"author":[{"embeddable":true,"href":"https:\/\/agora.xtec.cat\/ins-intermunicipal\/wp-json\/wp\/v2\/users\/8"}],"replies":[{"embeddable":true,"href":"https:\/\/agora.xtec.cat\/ins-intermunicipal\/wp-json\/wp\/v2\/comments?post=2679"}],"version-history":[{"count":2,"href":"https:\/\/agora.xtec.cat\/ins-intermunicipal\/wp-json\/wp\/v2\/posts\/2679\/revisions"}],"predecessor-version":[{"id":2685,"href":"https:\/\/agora.xtec.cat\/ins-intermunicipal\/wp-json\/wp\/v2\/posts\/2679\/revisions\/2685"}],"wp:featuredmedia":[{"embeddable":true,"href":"https:\/\/agora.xtec.cat\/ins-intermunicipal\/wp-json\/wp\/v2\/media\/2680"}],"wp:attachment":[{"href":"https:\/\/agora.xtec.cat\/ins-intermunicipal\/wp-json\/wp\/v2\/media?parent=2679"}],"wp:term":[{"taxonomy":"category","embeddable":true,"href":"https:\/\/agora.xtec.cat\/ins-intermunicipal\/wp-json\/wp\/v2\/categories?post=2679"},{"taxonomy":"post_tag","embeddable":true,"href":"https:\/\/agora.xtec.cat\/ins-intermunicipal\/wp-json\/wp\/v2\/tags?post=2679"}],"curies":[{"name":"wp","href":"https:\/\/api.w.org\/{rel}","templated":true}]}}