{"id":2673,"date":"2024-04-23T09:53:26","date_gmt":"2024-04-23T07:53:26","guid":{"rendered":"https:\/\/agora.xtec.cat\/ins-intermunicipal\/?p=2673"},"modified":"2024-04-23T09:54:11","modified_gmt":"2024-04-23T07:54:11","slug":"landrea-gonzalez-a-liciq-de-tarragona","status":"publish","type":"post","link":"https:\/\/agora.xtec.cat\/ins-intermunicipal\/general\/landrea-gonzalez-a-liciq-de-tarragona\/","title":{"rendered":"L&#8217;Andrea Gonz\u00e1lez a l&#8217;ICIQ de Tarragona"},"content":{"rendered":"<p style=\"text-align: justify;\"><span style=\"color: #222222;\"><span style=\"font-family: Arial, Helvetica, sans-serif;\"><span style=\"font-size: medium;\"><a href=\"https:\/\/agora.xtec.cat\/ins-intermunicipal\/wp-content\/uploads\/usu2220\/2024\/04\/IMG-20240420-WA0000-e1713858648346.jpg\"><img loading=\"lazy\" decoding=\"async\" class=\"alignleft wp-image-2674 \" src=\"https:\/\/agora.xtec.cat\/ins-intermunicipal\/wp-content\/uploads\/usu2220\/2024\/04\/IMG-20240420-WA0000-300x226.jpg\" alt=\"\" width=\"336\" height=\"253\" \/><\/a>L&#8217;Andrea Gonz\u00e1lez, alumna de 2n curs de Batxillerat del nostre institut, va fer la presentaci\u00f3 del seu treball de recerca, titulat <\/span><\/span><\/span><i style=\"font-size: medium; font-family: Arial, Helvetica, sans-serif;\"><b>Pluja \u00e0cida, la petjada de la industrialitzaci\u00f3,<\/b><\/i><span style=\"font-size: medium; font-family: Arial, Helvetica, sans-serif;\"> a l\u2019<a href=\"https:\/\/www.iciq.org\/\" target=\"_blank\" rel=\"noopener\">Institut Catal\u00e0 d\u2019Investigaci\u00f3 Qu\u00edmica (ICIQ)<\/a> de Tarragona.\u00a0<\/span><\/p>\n<p style=\"text-align: justify;\"><span style=\"color: #222222;\"><span style=\"font-family: Arial, Helvetica, sans-serif;\"><span style=\"font-size: medium;\">La seva participaci\u00f3 en aquesta presentaci\u00f3 a l&#8217;ICIQ no nom\u00e9s li ha donat l&#8217;oportunitat de compartir el seu treball amb la comunitat cient\u00edfica, sin\u00f3 que tamb\u00e9 li ha proporcionat una valuosa experi\u00e8ncia en comunicaci\u00f3 cient\u00edfica. Per tot plegat, f<\/span><\/span><\/span><span style=\"color: #222222;\"><span style=\"font-family: Arial, Helvetica, sans-serif;\"><span style=\"font-size: medium;\">elicitem l&#8217;Andrea per la seva feina i ens congratulem de l&#8217;\u00e8xit dels treballs de recerca fets pels nostres alumnes.\u00a0<\/span><\/span><\/span><\/p>\n","protected":false},"excerpt":{"rendered":"<p><a href=\"https:\/\/agora.xtec.cat\/ins-intermunicipal\/wp-content\/uploads\/usu2220\/2024\/04\/IMG-20240420-WA0000-e1713858648346.jpg\"><\/a>L&#8217;Andrea Gonz\u00e1lez, alumna de 2n curs de Batxillerat del nostre institut, va fer la presentaci\u00f3 del seu treball de recerca, titulat Pluja \u00e0cida, la petjada de la industrialitzaci\u00f3, a l\u2019<a href=\"https:\/\/www.iciq.org\/\" target=\"_blank\" rel=\"noopener\">Institut Catal\u00e0 d\u2019Investigaci\u00f3 Qu\u00edmica (ICIQ)<\/a> de Tarragona.\u00a0<br \/>\nLa seva participaci\u00f3 en aquesta presentaci\u00f3&hellip;  <a href=\"https:\/\/agora.xtec.cat\/ins-intermunicipal\/general\/landrea-gonzalez-a-liciq-de-tarragona\/\" title=\"Read L&#8217;Andrea Gonz\u00e1lez a l&#8217;ICIQ de Tarragona\">Llegeix m\u00e9s\u00bb<\/a><\/p>\n","protected":false},"author":7,"featured_media":2674,"comment_status":"closed","ping_status":"closed","sticky":false,"template":"","format":"standard","meta":{"_bbp_topic_count":0,"_bbp_reply_count":0,"_bbp_total_topic_count":0,"_bbp_total_reply_count":0,"_bbp_voice_count":0,"_bbp_anonymous_reply_count":0,"_bbp_topic_count_hidden":0,"_bbp_reply_count_hidden":0,"_bbp_forum_subforum_count":0,"footnotes":""},"categories":[107,8,1,29],"tags":[418,456,455,330,194],"class_list":["post-2673","post","type-post","status-publish","format-standard","has-post-thumbnail","hentry","category-bat2","category-bat","category-general","category-portada","tag-andrea-gonzalez","tag-iciq","tag-pluja-acida","tag-quimica","tag-treball-de-recerca"],"post_mailing_queue_ids":[],"_links":{"self":[{"href":"https:\/\/agora.xtec.cat\/ins-intermunicipal\/wp-json\/wp\/v2\/posts\/2673","targetHints":{"allow":["GET"]}}],"collection":[{"href":"https:\/\/agora.xtec.cat\/ins-intermunicipal\/wp-json\/wp\/v2\/posts"}],"about":[{"href":"https:\/\/agora.xtec.cat\/ins-intermunicipal\/wp-json\/wp\/v2\/types\/post"}],"author":[{"embeddable":true,"href":"https:\/\/agora.xtec.cat\/ins-intermunicipal\/wp-json\/wp\/v2\/users\/7"}],"replies":[{"embeddable":true,"href":"https:\/\/agora.xtec.cat\/ins-intermunicipal\/wp-json\/wp\/v2\/comments?post=2673"}],"version-history":[{"count":4,"href":"https:\/\/agora.xtec.cat\/ins-intermunicipal\/wp-json\/wp\/v2\/posts\/2673\/revisions"}],"predecessor-version":[{"id":2678,"href":"https:\/\/agora.xtec.cat\/ins-intermunicipal\/wp-json\/wp\/v2\/posts\/2673\/revisions\/2678"}],"wp:featuredmedia":[{"embeddable":true,"href":"https:\/\/agora.xtec.cat\/ins-intermunicipal\/wp-json\/wp\/v2\/media\/2674"}],"wp:attachment":[{"href":"https:\/\/agora.xtec.cat\/ins-intermunicipal\/wp-json\/wp\/v2\/media?parent=2673"}],"wp:term":[{"taxonomy":"category","embeddable":true,"href":"https:\/\/agora.xtec.cat\/ins-intermunicipal\/wp-json\/wp\/v2\/categories?post=2673"},{"taxonomy":"post_tag","embeddable":true,"href":"https:\/\/agora.xtec.cat\/ins-intermunicipal\/wp-json\/wp\/v2\/tags?post=2673"}],"curies":[{"name":"wp","href":"https:\/\/api.w.org\/{rel}","templated":true}]}}