{"id":2664,"date":"2024-04-23T09:38:57","date_gmt":"2024-04-23T07:38:57","guid":{"rendered":"https:\/\/agora.xtec.cat\/ins-intermunicipal\/?p=2664"},"modified":"2024-04-23T09:40:45","modified_gmt":"2024-04-23T07:40:45","slug":"sant-jordi-a-la-biblioteca","status":"publish","type":"post","link":"https:\/\/agora.xtec.cat\/ins-intermunicipal\/general\/sant-jordi-a-la-biblioteca\/","title":{"rendered":"Sant Jordi a la biblioteca"},"content":{"rendered":"<p style=\"text-align: justify;\"><span style=\"font-size: medium;\">En relaci\u00f3 amb el 23 d\u2019abril, els nois i noies de 1r de batxillerat han anat, per classes, a la biblioteca del centre per fer un acostament diferent als llibres i a la lectura, durant la sessi\u00f3 de Llengua i literatura catalana.<\/span><\/p>\n<p style=\"text-align: justify;\"><span style=\"font-size: medium;\"><a href=\"https:\/\/agora.xtec.cat\/ins-intermunicipal\/wp-content\/uploads\/usu2220\/2024\/04\/BIBLIO1.jpg\"><img loading=\"lazy\" decoding=\"async\" class=\"alignleft wp-image-2668 \" src=\"https:\/\/agora.xtec.cat\/ins-intermunicipal\/wp-content\/uploads\/usu2220\/2024\/04\/BIBLIO1-300x169.jpg\" alt=\"\" width=\"400\" height=\"225\" srcset=\"https:\/\/agora.xtec.cat\/ins-intermunicipal\/wp-content\/uploads\/usu2220\/2024\/04\/BIBLIO1-300x169.jpg 300w, https:\/\/agora.xtec.cat\/ins-intermunicipal\/wp-content\/uploads\/usu2220\/2024\/04\/BIBLIO1-768x432.jpg 768w, https:\/\/agora.xtec.cat\/ins-intermunicipal\/wp-content\/uploads\/usu2220\/2024\/04\/BIBLIO1.jpg 900w\" sizes=\"auto, (max-width: 400px) 100vw, 400px\" \/><\/a>Sense voler presentar les novetats publicades, perqu\u00e8 no som una llibreria, ni tampoc presentar el fons de la biblioteca de l\u2019institut, que encara ha de cr\u00e9ixer, s\u00ed que l\u2019objectiu ha sigut obrir la mirada davant dels llibres que ens trobem en una parada i en una llibreria, perqu\u00e8 encara que puguem sentir que no ens agrada llegir, sabem tamb\u00e9 que, amb un bon acompanyament, tots podem trobar les lectures que ens fan gaudir, aprendre i desitjar seguir descobrint bons llibres.<\/span><\/p>\n<p style=\"text-align: justify;\"><span style=\"font-size: medium;\">Aix\u00ed doncs, un cop a la biblioteca hem fet grups de dos i tres alumnes i sobre les taules cada grup s\u2019ha trobat uns llibres i durant una estona han hagut de comentar entre ells quin era el tema que compartien, triar-ne un i despr\u00e9s, cada grup, mostrar els llibres als companys, explicar el fil que els unia i recomanar-ne un o dos de manera argumentada i llegir-ne algun fragment en veu alta.<\/span><\/p>\n<p style=\"text-align: justify;\"><span style=\"font-size: medium;\">Els diferents llibres eren de poesia, narrativa (novel\u00b7la i conte), pol\u00edtica, c\u00f2mic i novel\u00b7la gr\u00e0fica per a totes les edats i llibres de divulgaci\u00f3 en tota mena de temes (esports, assetjament, viatges, ci\u00e8ncia, lleng\u00fces del m\u00f3n, m\u00fasica,&#8230;); hem comentat els diferents formats, mides i curiositats de presentaci\u00f3, des de desplegables fins a les<a href=\"https:\/\/agora.xtec.cat\/ins-intermunicipal\/wp-content\/uploads\/usu2220\/2024\/04\/BIBLIO-3.jpg\"><img loading=\"lazy\" decoding=\"async\" class=\"alignright wp-image-2667 \" src=\"https:\/\/agora.xtec.cat\/ins-intermunicipal\/wp-content\/uploads\/usu2220\/2024\/04\/BIBLIO-3-300x169.jpg\" alt=\"\" width=\"509\" height=\"287\" srcset=\"https:\/\/agora.xtec.cat\/ins-intermunicipal\/wp-content\/uploads\/usu2220\/2024\/04\/BIBLIO-3-300x169.jpg 300w, https:\/\/agora.xtec.cat\/ins-intermunicipal\/wp-content\/uploads\/usu2220\/2024\/04\/BIBLIO-3-768x432.jpg 768w, https:\/\/agora.xtec.cat\/ins-intermunicipal\/wp-content\/uploads\/usu2220\/2024\/04\/BIBLIO-3.jpg 900w\" sizes=\"auto, (max-width: 509px) 100vw, 509px\" \/><\/a> difer\u00e8ncies entre les cobertes dures i toves.<\/span><\/p>\n<p style=\"text-align: justify;\"><span style=\"font-size: medium;\">El m\u00e9s important han sigut 3 aspectes: poder tocar, tenir a les mans, olorar, passar p\u00e0gines, veure il\u00b7lustracions i fotografies, poder-ne parlar coneixent el contingut de cada llibre, per poder suggerir camins de lectura i finalment tenir temps per dedicar a descobrir-los.<\/span><\/p>\n<p style=\"text-align: justify;\"><span style=\"font-size: medium;\">Aquest petit tast ha volgut, per al 23 d\u2019abril i per a cada dia, ampliar les possibilitats de lectura per a qui ja llegeix habitualment i sobretot mostrar que hi ha lectures infinites i que amb un bon acompanyament i temps \u00e9s ben possible trobar el llibre en el qual submergir-nos. Molt bon 23 d\u2019abril!<\/span><\/p>\n","protected":false},"excerpt":{"rendered":"<p>En relaci\u00f3 amb el 23 d\u2019abril, els nois i noies de 1r de batxillerat han anat, per classes, a la biblioteca del centre per fer un acostament diferent als llibres i a la lectura, durant la sessi\u00f3 de Llengua i literatura catalana.<br \/>\n<a href=\"https:\/\/agora.xtec.cat\/ins-intermunicipal\/wp-content\/uploads\/usu2220\/2024\/04\/BIBLIO1.jpg\"><\/a>Sense voler presentar&hellip;  <a href=\"https:\/\/agora.xtec.cat\/ins-intermunicipal\/general\/sant-jordi-a-la-biblioteca\/\" title=\"Read Sant Jordi a la biblioteca\">Llegeix m\u00e9s\u00bb<\/a><\/p>\n","protected":false},"author":7,"featured_media":2667,"comment_status":"closed","ping_status":"closed","sticky":false,"template":"","format":"standard","meta":{"_bbp_topic_count":0,"_bbp_reply_count":0,"_bbp_total_topic_count":0,"_bbp_total_reply_count":0,"_bbp_voice_count":0,"_bbp_anonymous_reply_count":0,"_bbp_topic_count_hidden":0,"_bbp_reply_count_hidden":0,"_bbp_forum_subforum_count":0,"footnotes":""},"categories":[106,8,1,29],"tags":[206,453,451,38],"class_list":["post-2664","post","type-post","status-publish","format-standard","has-post-thumbnail","hentry","category-bat1","category-bat","category-general","category-portada","tag-biblioteca","tag-llengua-i-literatura-catalana","tag-llibres","tag-sant-jordi"],"post_mailing_queue_ids":[],"_links":{"self":[{"href":"https:\/\/agora.xtec.cat\/ins-intermunicipal\/wp-json\/wp\/v2\/posts\/2664","targetHints":{"allow":["GET"]}}],"collection":[{"href":"https:\/\/agora.xtec.cat\/ins-intermunicipal\/wp-json\/wp\/v2\/posts"}],"about":[{"href":"https:\/\/agora.xtec.cat\/ins-intermunicipal\/wp-json\/wp\/v2\/types\/post"}],"author":[{"embeddable":true,"href":"https:\/\/agora.xtec.cat\/ins-intermunicipal\/wp-json\/wp\/v2\/users\/7"}],"replies":[{"embeddable":true,"href":"https:\/\/agora.xtec.cat\/ins-intermunicipal\/wp-json\/wp\/v2\/comments?post=2664"}],"version-history":[{"count":6,"href":"https:\/\/agora.xtec.cat\/ins-intermunicipal\/wp-json\/wp\/v2\/posts\/2664\/revisions"}],"predecessor-version":[{"id":2672,"href":"https:\/\/agora.xtec.cat\/ins-intermunicipal\/wp-json\/wp\/v2\/posts\/2664\/revisions\/2672"}],"wp:featuredmedia":[{"embeddable":true,"href":"https:\/\/agora.xtec.cat\/ins-intermunicipal\/wp-json\/wp\/v2\/media\/2667"}],"wp:attachment":[{"href":"https:\/\/agora.xtec.cat\/ins-intermunicipal\/wp-json\/wp\/v2\/media?parent=2664"}],"wp:term":[{"taxonomy":"category","embeddable":true,"href":"https:\/\/agora.xtec.cat\/ins-intermunicipal\/wp-json\/wp\/v2\/categories?post=2664"},{"taxonomy":"post_tag","embeddable":true,"href":"https:\/\/agora.xtec.cat\/ins-intermunicipal\/wp-json\/wp\/v2\/tags?post=2664"}],"curies":[{"name":"wp","href":"https:\/\/api.w.org\/{rel}","templated":true}]}}