{"id":2638,"date":"2024-04-19T11:00:47","date_gmt":"2024-04-19T09:00:47","guid":{"rendered":"https:\/\/agora.xtec.cat\/ins-intermunicipal\/?p=2638"},"modified":"2024-04-19T11:08:05","modified_gmt":"2024-04-19T09:08:05","slug":"portes-obertes-de-batxillerat","status":"publish","type":"post","link":"https:\/\/agora.xtec.cat\/ins-intermunicipal\/general\/portes-obertes-de-batxillerat\/","title":{"rendered":"Les Portes Obertes de Batxillerat a l&#8217;\u00cdnter"},"content":{"rendered":"<p style=\"text-align: justify;\">Entre pares i mares i tamb\u00e9 futurs alumnes, es van reunir ahir 18 d&#8217;abril al nostre centre un centenar de persones que van voler con\u00e8ixer el funcionament dels estudis de Batxillerat a l\u2019Intermunicipal. Abans de res, reunits a la Sala d&#8217;Actes se&#8217;ls va presentar el centre, tot seguit es va explicar l&#8217;estructura i funcionament dels estudis de Batxillerat i, finalment, es va acompanyar els assistents a visitar les instal\u00b7lacions del nostre institut.\u00a0 Durant el recorregut, l\u2019AMPA va oferir un petit refrigeri als visitants.<\/p>\n<p style=\"text-align: justify;\">Us deixem algunes fotografies de la jornada de portes obertes i\u00a0els enlla\u00e7os de la presentaci\u00f3 i del formulari d&#8217;inscripci\u00f3 per si us s\u00f3n \u00fatils ( <a href=\"https:\/\/drive.google.com\/file\/d\/16GmsCODSnyjUoV7Ve43IOQna83DJuinI\/view\" target=\"_blank\" rel=\"noopener\">aqu\u00ed<\/a> i <a href=\"https:\/\/docs.google.com\/forms\/d\/e\/1FAIpQLSfxTHJQdcQvnXmt-57dXDeCfGjF9127JDhGqBvlLJgBwoQgvw\/viewform?pli=1\" target=\"_blank\" rel=\"noopener\">aqu\u00ed<\/a>).\u00a0 Aprofitem tamb\u00e9 per recordar-vos que el 2 de maig es far\u00e0 la Jornada de Portes Obertes d\u2019FP, tant de Cicles Formatius com del Programa de Formaci\u00f3 i Inserci\u00f3.<\/p>\n<p style=\"text-align: justify;\"><a href=\"https:\/\/agora.xtec.cat\/ins-intermunicipal\/wp-content\/uploads\/usu2220\/2024\/04\/20240418_182731-1.jpg\">\u00a0<\/a><a href=\"https:\/\/agora.xtec.cat\/ins-intermunicipal\/wp-content\/uploads\/usu2220\/2024\/04\/20240418_182744.jpg\"><img loading=\"lazy\" decoding=\"async\" class=\"wp-image-2636 alignnone\" src=\"https:\/\/agora.xtec.cat\/ins-intermunicipal\/wp-content\/uploads\/usu2220\/2024\/04\/20240418_182744-300x168.jpg\" alt=\"\" width=\"423\" height=\"237\" srcset=\"https:\/\/agora.xtec.cat\/ins-intermunicipal\/wp-content\/uploads\/usu2220\/2024\/04\/20240418_182744-300x168.jpg 300w, https:\/\/agora.xtec.cat\/ins-intermunicipal\/wp-content\/uploads\/usu2220\/2024\/04\/20240418_182744-768x429.jpg 768w, https:\/\/agora.xtec.cat\/ins-intermunicipal\/wp-content\/uploads\/usu2220\/2024\/04\/20240418_182744.jpg 900w\" sizes=\"auto, (max-width: 423px) 100vw, 423px\" \/> <\/a><a href=\"https:\/\/agora.xtec.cat\/ins-intermunicipal\/wp-content\/uploads\/usu2220\/2024\/04\/20240418_182719.jpg\"><img loading=\"lazy\" decoding=\"async\" class=\"alignnone wp-image-2630 \" src=\"https:\/\/agora.xtec.cat\/ins-intermunicipal\/wp-content\/uploads\/usu2220\/2024\/04\/20240418_182719-300x152.jpg\" alt=\"\" width=\"462\" height=\"234\" srcset=\"https:\/\/agora.xtec.cat\/ins-intermunicipal\/wp-content\/uploads\/usu2220\/2024\/04\/20240418_182719-300x152.jpg 300w, https:\/\/agora.xtec.cat\/ins-intermunicipal\/wp-content\/uploads\/usu2220\/2024\/04\/20240418_182719-768x389.jpg 768w, https:\/\/agora.xtec.cat\/ins-intermunicipal\/wp-content\/uploads\/usu2220\/2024\/04\/20240418_182719.jpg 900w\" sizes=\"auto, (max-width: 462px) 100vw, 462px\" \/><\/a><a href=\"https:\/\/agora.xtec.cat\/ins-intermunicipal\/wp-content\/uploads\/usu2220\/2024\/04\/IMG20240418182502.jpg\">\u00a0 \u00a0 \u00a0 \u00a0 \u00a0 \u00a0 \u00a0 \u00a0 \u00a0 \u00a0 \u00a0<img loading=\"lazy\" decoding=\"async\" class=\"alignnone wp-image-2637 \" src=\"https:\/\/agora.xtec.cat\/ins-intermunicipal\/wp-content\/uploads\/usu2220\/2024\/04\/IMG20240418182502-300x169.jpg\" alt=\"\" width=\"478\" height=\"270\" srcset=\"https:\/\/agora.xtec.cat\/ins-intermunicipal\/wp-content\/uploads\/usu2220\/2024\/04\/IMG20240418182502-300x169.jpg 300w, https:\/\/agora.xtec.cat\/ins-intermunicipal\/wp-content\/uploads\/usu2220\/2024\/04\/IMG20240418182502-768x432.jpg 768w, https:\/\/agora.xtec.cat\/ins-intermunicipal\/wp-content\/uploads\/usu2220\/2024\/04\/IMG20240418182502.jpg 900w\" sizes=\"auto, (max-width: 478px) 100vw, 478px\" \/><\/a><a href=\"https:\/\/agora.xtec.cat\/ins-intermunicipal\/wp-content\/uploads\/usu2220\/2024\/04\/20240418_183141.jpg\"> <img loading=\"lazy\" decoding=\"async\" class=\"wp-image-2629 alignnone\" src=\"https:\/\/agora.xtec.cat\/ins-intermunicipal\/wp-content\/uploads\/usu2220\/2024\/04\/20240418_183141-300x200.jpg\" alt=\"\" width=\"407\" height=\"271\" srcset=\"https:\/\/agora.xtec.cat\/ins-intermunicipal\/wp-content\/uploads\/usu2220\/2024\/04\/20240418_183141-300x200.jpg 300w, https:\/\/agora.xtec.cat\/ins-intermunicipal\/wp-content\/uploads\/usu2220\/2024\/04\/20240418_183141-768x512.jpg 768w, https:\/\/agora.xtec.cat\/ins-intermunicipal\/wp-content\/uploads\/usu2220\/2024\/04\/20240418_183141.jpg 900w\" sizes=\"auto, (max-width: 407px) 100vw, 407px\" \/><\/a><\/p>\n","protected":false},"excerpt":{"rendered":"<p>Entre pares i mares i tamb\u00e9 futurs alumnes, es van reunir ahir 18 d&#8217;abril al nostre centre un centenar de persones que van voler con\u00e8ixer el funcionament dels estudis de Batxillerat a l\u2019Intermunicipal. Abans de res, reunits a la Sala d&#8217;Actes se&#8217;ls va presentar el&hellip;  <a href=\"https:\/\/agora.xtec.cat\/ins-intermunicipal\/general\/portes-obertes-de-batxillerat\/\" title=\"Read Les Portes Obertes de Batxillerat a l&#8217;\u00cdnter\">Llegeix m\u00e9s\u00bb<\/a><\/p>\n","protected":false},"author":7,"featured_media":2637,"comment_status":"closed","ping_status":"closed","sticky":false,"template":"","format":"standard","meta":{"_bbp_topic_count":0,"_bbp_reply_count":0,"_bbp_total_topic_count":0,"_bbp_total_reply_count":0,"_bbp_voice_count":0,"_bbp_anonymous_reply_count":0,"_bbp_topic_count_hidden":0,"_bbp_reply_count_hidden":0,"_bbp_forum_subforum_count":0,"footnotes":""},"categories":[31,8,1,29],"tags":[170,169],"class_list":["post-2638","post","type-post","status-publish","format-standard","has-post-thumbnail","hentry","category-ampa","category-bat","category-general","category-portada","tag-batxillerat","tag-portes-obertes"],"post_mailing_queue_ids":[],"_links":{"self":[{"href":"https:\/\/agora.xtec.cat\/ins-intermunicipal\/wp-json\/wp\/v2\/posts\/2638","targetHints":{"allow":["GET"]}}],"collection":[{"href":"https:\/\/agora.xtec.cat\/ins-intermunicipal\/wp-json\/wp\/v2\/posts"}],"about":[{"href":"https:\/\/agora.xtec.cat\/ins-intermunicipal\/wp-json\/wp\/v2\/types\/post"}],"author":[{"embeddable":true,"href":"https:\/\/agora.xtec.cat\/ins-intermunicipal\/wp-json\/wp\/v2\/users\/7"}],"replies":[{"embeddable":true,"href":"https:\/\/agora.xtec.cat\/ins-intermunicipal\/wp-json\/wp\/v2\/comments?post=2638"}],"version-history":[{"count":6,"href":"https:\/\/agora.xtec.cat\/ins-intermunicipal\/wp-json\/wp\/v2\/posts\/2638\/revisions"}],"predecessor-version":[{"id":2646,"href":"https:\/\/agora.xtec.cat\/ins-intermunicipal\/wp-json\/wp\/v2\/posts\/2638\/revisions\/2646"}],"wp:featuredmedia":[{"embeddable":true,"href":"https:\/\/agora.xtec.cat\/ins-intermunicipal\/wp-json\/wp\/v2\/media\/2637"}],"wp:attachment":[{"href":"https:\/\/agora.xtec.cat\/ins-intermunicipal\/wp-json\/wp\/v2\/media?parent=2638"}],"wp:term":[{"taxonomy":"category","embeddable":true,"href":"https:\/\/agora.xtec.cat\/ins-intermunicipal\/wp-json\/wp\/v2\/categories?post=2638"},{"taxonomy":"post_tag","embeddable":true,"href":"https:\/\/agora.xtec.cat\/ins-intermunicipal\/wp-json\/wp\/v2\/tags?post=2638"}],"curies":[{"name":"wp","href":"https:\/\/api.w.org\/{rel}","templated":true}]}}