{"id":2618,"date":"2024-04-18T15:15:33","date_gmt":"2024-04-18T13:15:33","guid":{"rendered":"https:\/\/agora.xtec.cat\/ins-intermunicipal\/?p=2618"},"modified":"2024-04-18T15:15:33","modified_gmt":"2024-04-18T13:15:33","slug":"coneixent-el-treball-de-yayoi-kusama","status":"publish","type":"post","link":"https:\/\/agora.xtec.cat\/ins-intermunicipal\/general\/coneixent-el-treball-de-yayoi-kusama\/","title":{"rendered":"Coneixent el treball de Yayoi Kusama"},"content":{"rendered":"<p>L\u2019alumnat de primer curs del CFGS d\u2019Educaci\u00f3 Infantil ha conegut aquests darrers dies l\u2019obra de l&#8217;artista japonesa Yayoi Kusama i ha creat petites obres dins de l&#8217;aula, principalment amb material reutilitzat. La Yayoi Kusama \u00e9s una artista japonesa precursora de l\u2019art pop que mostra obsessi\u00f3 per rodones, cercles, punts &#8230; La seva obra facilita el treball, a partir de diferents llenguatges, amb infants des d\u2019educaci\u00f3 infantil, ja que, els seus patrons repetitius, formes, colors i dimensions conviden a con\u00e8ixer l\u2019art d\u2019una forma propera i alhora permet fer creacions per part de l\u2019alumnat tot interpretant l\u2019artista.<\/p>\n<p>Aquest projecte, que tamb\u00e9 va ser exposat durant la tarda de dimarts just davant de les aules d&#8217;Educaci\u00f3 Infantil, es va treballar dins del m\u00f2dul de Did\u00e0ctica de l&#8217;Educaci\u00f3 Infantil, a l&#8217;apart de metodologia.<\/p>\n<p><a href=\"https:\/\/agora.xtec.cat\/ins-intermunicipal\/wp-content\/uploads\/usu2220\/2024\/04\/20240418_151231-scaled.jpg\"><img loading=\"lazy\" decoding=\"async\" class=\"alignnone size-large wp-image-2625\" src=\"https:\/\/agora.xtec.cat\/ins-intermunicipal\/wp-content\/uploads\/usu2220\/2024\/04\/20240418_151231-1024x1024.jpg\" alt=\"\" width=\"1024\" height=\"1024\" srcset=\"https:\/\/agora.xtec.cat\/ins-intermunicipal\/wp-content\/uploads\/usu2220\/2024\/04\/20240418_151231-1024x1024.jpg 1024w, https:\/\/agora.xtec.cat\/ins-intermunicipal\/wp-content\/uploads\/usu2220\/2024\/04\/20240418_151231-300x300.jpg 300w, https:\/\/agora.xtec.cat\/ins-intermunicipal\/wp-content\/uploads\/usu2220\/2024\/04\/20240418_151231-150x150.jpg 150w, https:\/\/agora.xtec.cat\/ins-intermunicipal\/wp-content\/uploads\/usu2220\/2024\/04\/20240418_151231-768x768.jpg 768w, https:\/\/agora.xtec.cat\/ins-intermunicipal\/wp-content\/uploads\/usu2220\/2024\/04\/20240418_151231-1536x1536.jpg 1536w, https:\/\/agora.xtec.cat\/ins-intermunicipal\/wp-content\/uploads\/usu2220\/2024\/04\/20240418_151231-2048x2048.jpg 2048w\" sizes=\"auto, (max-width: 1024px) 100vw, 1024px\" \/><\/a><\/p>\n","protected":false},"excerpt":{"rendered":"<p>L\u2019alumnat de primer curs del CFGS d\u2019Educaci\u00f3 Infantil ha conegut aquests darrers dies l\u2019obra de l&#8217;artista japonesa Yayoi Kusama i ha creat petites obres dins de l&#8217;aula, principalment amb material reutilitzat. La Yayoi Kusama \u00e9s una artista japonesa precursora de l\u2019art pop que mostra obsessi\u00f3&hellip;  <a href=\"https:\/\/agora.xtec.cat\/ins-intermunicipal\/general\/coneixent-el-treball-de-yayoi-kusama\/\" title=\"Read Coneixent el treball de Yayoi Kusama\">Llegeix m\u00e9s\u00bb<\/a><\/p>\n","protected":false},"author":8,"featured_media":2626,"comment_status":"closed","ping_status":"closed","sticky":false,"template":"","format":"standard","meta":{"_bbp_topic_count":0,"_bbp_reply_count":0,"_bbp_total_topic_count":0,"_bbp_total_reply_count":0,"_bbp_voice_count":0,"_bbp_anonymous_reply_count":0,"_bbp_topic_count_hidden":0,"_bbp_reply_count_hidden":0,"_bbp_forum_subforum_count":0,"footnotes":""},"categories":[30,1,29],"tags":[252],"class_list":["post-2618","post","type-post","status-publish","format-standard","has-post-thumbnail","hentry","category-formacio-professional","category-general","category-portada","tag-cfgs-deducacio-infantil"],"post_mailing_queue_ids":[],"_links":{"self":[{"href":"https:\/\/agora.xtec.cat\/ins-intermunicipal\/wp-json\/wp\/v2\/posts\/2618","targetHints":{"allow":["GET"]}}],"collection":[{"href":"https:\/\/agora.xtec.cat\/ins-intermunicipal\/wp-json\/wp\/v2\/posts"}],"about":[{"href":"https:\/\/agora.xtec.cat\/ins-intermunicipal\/wp-json\/wp\/v2\/types\/post"}],"author":[{"embeddable":true,"href":"https:\/\/agora.xtec.cat\/ins-intermunicipal\/wp-json\/wp\/v2\/users\/8"}],"replies":[{"embeddable":true,"href":"https:\/\/agora.xtec.cat\/ins-intermunicipal\/wp-json\/wp\/v2\/comments?post=2618"}],"version-history":[{"count":6,"href":"https:\/\/agora.xtec.cat\/ins-intermunicipal\/wp-json\/wp\/v2\/posts\/2618\/revisions"}],"predecessor-version":[{"id":2627,"href":"https:\/\/agora.xtec.cat\/ins-intermunicipal\/wp-json\/wp\/v2\/posts\/2618\/revisions\/2627"}],"wp:featuredmedia":[{"embeddable":true,"href":"https:\/\/agora.xtec.cat\/ins-intermunicipal\/wp-json\/wp\/v2\/media\/2626"}],"wp:attachment":[{"href":"https:\/\/agora.xtec.cat\/ins-intermunicipal\/wp-json\/wp\/v2\/media?parent=2618"}],"wp:term":[{"taxonomy":"category","embeddable":true,"href":"https:\/\/agora.xtec.cat\/ins-intermunicipal\/wp-json\/wp\/v2\/categories?post=2618"},{"taxonomy":"post_tag","embeddable":true,"href":"https:\/\/agora.xtec.cat\/ins-intermunicipal\/wp-json\/wp\/v2\/tags?post=2618"}],"curies":[{"name":"wp","href":"https:\/\/api.w.org\/{rel}","templated":true}]}}