{"id":2590,"date":"2024-04-16T10:14:14","date_gmt":"2024-04-16T08:14:14","guid":{"rendered":"https:\/\/agora.xtec.cat\/ins-intermunicipal\/?p=2590"},"modified":"2024-04-16T10:14:14","modified_gmt":"2024-04-16T08:14:14","slug":"sortida-naturalista-al-delta-del-llobregat","status":"publish","type":"post","link":"https:\/\/agora.xtec.cat\/ins-intermunicipal\/general\/sortida-naturalista-al-delta-del-llobregat\/","title":{"rendered":"Sortida naturalista al Delta del Llobregat"},"content":{"rendered":"<p style=\"text-align: justify;\">Els alumnes de Biologia de 1r A i B de Batxillerat van visitar, la setmana passada, el Delta del Llobregat amb l&#8217;objectiu de treballar aspectes relacionats amb l&#8217;apartat d&#8217;Ecologia del curr\u00edculum. Concretament, van estudiar la fauna i la flora aut\u00f2ctones, l&#8217;adaptaci\u00f3 al medi i les amenaces antropog\u00e8niques que pateix l&#8217;ecosistema del Delta del Llobregat.<\/p>\n<p style=\"text-align: justify;\">Com a bons naturalistes, tamb\u00e9 els va tocar for\u00e7a el sol, van fer una bona caminada i gr\u00e0cies a aquest esfor\u00e7 van poder observar molta fauna poc habitual a l&#8217;entorn del nostre institut. Van veure<span style=\"font-family: inherit; font-size: 1em;\"> corbs marins, flamencs, capons reials, cabussets, martinets i oques salvatges entre d&#8217;altres.\u00a0<\/span><\/p>\n<p style=\"text-align: justify;\">Tamb\u00e9 aprofitem per donar les gr\u00e0cies a la Cinta Oliv\u00e9, professora de Biologia, pel suport t\u00e8cnic i al Francesc Forcada, professor de Matem\u00e0tiques, pel reportatge fotogr\u00e0fic que va fer.<\/p>\n<p><a href=\"https:\/\/agora.xtec.cat\/ins-intermunicipal\/wp-content\/uploads\/usu2220\/2024\/04\/Delta-7-2.jpg\"><img loading=\"lazy\" decoding=\"async\" class=\"alignnone wp-image-2597 size-medium\" src=\"https:\/\/agora.xtec.cat\/ins-intermunicipal\/wp-content\/uploads\/usu2220\/2024\/04\/Delta-7-2-300x169.jpg\" alt=\"\" width=\"300\" height=\"169\" srcset=\"https:\/\/agora.xtec.cat\/ins-intermunicipal\/wp-content\/uploads\/usu2220\/2024\/04\/Delta-7-2-300x169.jpg 300w, https:\/\/agora.xtec.cat\/ins-intermunicipal\/wp-content\/uploads\/usu2220\/2024\/04\/Delta-7-2-768x432.jpg 768w, https:\/\/agora.xtec.cat\/ins-intermunicipal\/wp-content\/uploads\/usu2220\/2024\/04\/Delta-7-2.jpg 900w\" sizes=\"auto, (max-width: 300px) 100vw, 300px\" \/> <\/a><a href=\"https:\/\/agora.xtec.cat\/ins-intermunicipal\/wp-content\/uploads\/usu2220\/2024\/04\/Delta-8-1.jpg\"><img loading=\"lazy\" decoding=\"async\" class=\"alignnone wp-image-2598 size-medium\" src=\"https:\/\/agora.xtec.cat\/ins-intermunicipal\/wp-content\/uploads\/usu2220\/2024\/04\/Delta-8-1-300x169.jpg\" alt=\"\" width=\"300\" height=\"169\" srcset=\"https:\/\/agora.xtec.cat\/ins-intermunicipal\/wp-content\/uploads\/usu2220\/2024\/04\/Delta-8-1-300x169.jpg 300w, https:\/\/agora.xtec.cat\/ins-intermunicipal\/wp-content\/uploads\/usu2220\/2024\/04\/Delta-8-1-768x432.jpg 768w, https:\/\/agora.xtec.cat\/ins-intermunicipal\/wp-content\/uploads\/usu2220\/2024\/04\/Delta-8-1.jpg 900w\" sizes=\"auto, (max-width: 300px) 100vw, 300px\" \/> <\/a><a href=\"https:\/\/agora.xtec.cat\/ins-intermunicipal\/wp-content\/uploads\/usu2220\/2024\/04\/Delta-6-1.jpg\"><img loading=\"lazy\" decoding=\"async\" class=\"alignnone wp-image-2596 size-medium\" src=\"https:\/\/agora.xtec.cat\/ins-intermunicipal\/wp-content\/uploads\/usu2220\/2024\/04\/Delta-6-1-300x169.jpg\" alt=\"\" width=\"300\" height=\"169\" srcset=\"https:\/\/agora.xtec.cat\/ins-intermunicipal\/wp-content\/uploads\/usu2220\/2024\/04\/Delta-6-1-300x169.jpg 300w, https:\/\/agora.xtec.cat\/ins-intermunicipal\/wp-content\/uploads\/usu2220\/2024\/04\/Delta-6-1-768x432.jpg 768w, https:\/\/agora.xtec.cat\/ins-intermunicipal\/wp-content\/uploads\/usu2220\/2024\/04\/Delta-6-1.jpg 900w\" sizes=\"auto, (max-width: 300px) 100vw, 300px\" \/><\/a><\/p>\n<p><a href=\"https:\/\/agora.xtec.cat\/ins-intermunicipal\/wp-content\/uploads\/usu2220\/2024\/04\/Delta-4-1.jpg\"><img loading=\"lazy\" decoding=\"async\" class=\"alignnone wp-image-2595 size-medium\" src=\"https:\/\/agora.xtec.cat\/ins-intermunicipal\/wp-content\/uploads\/usu2220\/2024\/04\/Delta-4-1-300x169.jpg\" alt=\"\" width=\"300\" height=\"169\" srcset=\"https:\/\/agora.xtec.cat\/ins-intermunicipal\/wp-content\/uploads\/usu2220\/2024\/04\/Delta-4-1-300x169.jpg 300w, https:\/\/agora.xtec.cat\/ins-intermunicipal\/wp-content\/uploads\/usu2220\/2024\/04\/Delta-4-1-768x432.jpg 768w, https:\/\/agora.xtec.cat\/ins-intermunicipal\/wp-content\/uploads\/usu2220\/2024\/04\/Delta-4-1.jpg 900w\" sizes=\"auto, (max-width: 300px) 100vw, 300px\" \/> <\/a><a href=\"https:\/\/agora.xtec.cat\/ins-intermunicipal\/wp-content\/uploads\/usu2220\/2024\/04\/Delta-3-1.jpg\"><img loading=\"lazy\" decoding=\"async\" class=\"alignnone wp-image-2594 size-medium\" src=\"https:\/\/agora.xtec.cat\/ins-intermunicipal\/wp-content\/uploads\/usu2220\/2024\/04\/Delta-3-1-300x169.jpg\" alt=\"\" width=\"300\" height=\"169\" srcset=\"https:\/\/agora.xtec.cat\/ins-intermunicipal\/wp-content\/uploads\/usu2220\/2024\/04\/Delta-3-1-300x169.jpg 300w, https:\/\/agora.xtec.cat\/ins-intermunicipal\/wp-content\/uploads\/usu2220\/2024\/04\/Delta-3-1-768x432.jpg 768w, https:\/\/agora.xtec.cat\/ins-intermunicipal\/wp-content\/uploads\/usu2220\/2024\/04\/Delta-3-1.jpg 900w\" sizes=\"auto, (max-width: 300px) 100vw, 300px\" \/> <\/a><a href=\"https:\/\/agora.xtec.cat\/ins-intermunicipal\/wp-content\/uploads\/usu2220\/2024\/04\/Delta-1-1.jpg\"><img loading=\"lazy\" decoding=\"async\" class=\"alignnone wp-image-2593 size-medium\" src=\"https:\/\/agora.xtec.cat\/ins-intermunicipal\/wp-content\/uploads\/usu2220\/2024\/04\/Delta-1-1-300x169.jpg\" alt=\"\" width=\"300\" height=\"169\" srcset=\"https:\/\/agora.xtec.cat\/ins-intermunicipal\/wp-content\/uploads\/usu2220\/2024\/04\/Delta-1-1-300x169.jpg 300w, https:\/\/agora.xtec.cat\/ins-intermunicipal\/wp-content\/uploads\/usu2220\/2024\/04\/Delta-1-1-768x432.jpg 768w, https:\/\/agora.xtec.cat\/ins-intermunicipal\/wp-content\/uploads\/usu2220\/2024\/04\/Delta-1-1.jpg 900w\" sizes=\"auto, (max-width: 300px) 100vw, 300px\" \/><\/a><\/p>\n<p><a href=\"https:\/\/agora.xtec.cat\/ins-intermunicipal\/wp-content\/uploads\/usu2220\/2024\/04\/Delta-0-1.jpeg\"><img loading=\"lazy\" decoding=\"async\" class=\"alignnone  wp-image-2592\" src=\"https:\/\/agora.xtec.cat\/ins-intermunicipal\/wp-content\/uploads\/usu2220\/2024\/04\/Delta-0-1.jpeg\" alt=\"\" width=\"911\" height=\"410\" srcset=\"https:\/\/agora.xtec.cat\/ins-intermunicipal\/wp-content\/uploads\/usu2220\/2024\/04\/Delta-0-1.jpeg 900w, https:\/\/agora.xtec.cat\/ins-intermunicipal\/wp-content\/uploads\/usu2220\/2024\/04\/Delta-0-1-300x135.jpeg 300w, https:\/\/agora.xtec.cat\/ins-intermunicipal\/wp-content\/uploads\/usu2220\/2024\/04\/Delta-0-1-768x346.jpeg 768w\" sizes=\"auto, (max-width: 911px) 100vw, 911px\" \/><\/a><\/p>\n<p>&nbsp;<\/p>\n<p>&nbsp;<\/p>\n","protected":false},"excerpt":{"rendered":"<p>Els alumnes de Biologia de 1r A i B de Batxillerat van visitar, la setmana passada, el Delta del Llobregat amb l&#8217;objectiu de treballar aspectes relacionats amb l&#8217;apartat d&#8217;Ecologia del curr\u00edculum. Concretament, van estudiar la fauna i la flora aut\u00f2ctones, l&#8217;adaptaci\u00f3 al medi i les&hellip;  <a href=\"https:\/\/agora.xtec.cat\/ins-intermunicipal\/general\/sortida-naturalista-al-delta-del-llobregat\/\" title=\"Read Sortida naturalista al Delta del Llobregat\">Llegeix m\u00e9s\u00bb<\/a><\/p>\n","protected":false},"author":7,"featured_media":2592,"comment_status":"closed","ping_status":"closed","sticky":false,"template":"","format":"standard","meta":{"_bbp_topic_count":0,"_bbp_reply_count":0,"_bbp_total_topic_count":0,"_bbp_total_reply_count":0,"_bbp_voice_count":0,"_bbp_anonymous_reply_count":0,"_bbp_topic_count_hidden":0,"_bbp_reply_count_hidden":0,"_bbp_forum_subforum_count":0,"footnotes":""},"categories":[8,1,29],"tags":[300,440,297,441,442],"class_list":["post-2590","post","type-post","status-publish","format-standard","has-post-thumbnail","hentry","category-bat","category-general","category-portada","tag-biologia","tag-delta-del-llobregat","tag-ecologia","tag-fauna","tag-flora"],"post_mailing_queue_ids":[],"_links":{"self":[{"href":"https:\/\/agora.xtec.cat\/ins-intermunicipal\/wp-json\/wp\/v2\/posts\/2590","targetHints":{"allow":["GET"]}}],"collection":[{"href":"https:\/\/agora.xtec.cat\/ins-intermunicipal\/wp-json\/wp\/v2\/posts"}],"about":[{"href":"https:\/\/agora.xtec.cat\/ins-intermunicipal\/wp-json\/wp\/v2\/types\/post"}],"author":[{"embeddable":true,"href":"https:\/\/agora.xtec.cat\/ins-intermunicipal\/wp-json\/wp\/v2\/users\/7"}],"replies":[{"embeddable":true,"href":"https:\/\/agora.xtec.cat\/ins-intermunicipal\/wp-json\/wp\/v2\/comments?post=2590"}],"version-history":[{"count":2,"href":"https:\/\/agora.xtec.cat\/ins-intermunicipal\/wp-json\/wp\/v2\/posts\/2590\/revisions"}],"predecessor-version":[{"id":2599,"href":"https:\/\/agora.xtec.cat\/ins-intermunicipal\/wp-json\/wp\/v2\/posts\/2590\/revisions\/2599"}],"wp:featuredmedia":[{"embeddable":true,"href":"https:\/\/agora.xtec.cat\/ins-intermunicipal\/wp-json\/wp\/v2\/media\/2592"}],"wp:attachment":[{"href":"https:\/\/agora.xtec.cat\/ins-intermunicipal\/wp-json\/wp\/v2\/media?parent=2590"}],"wp:term":[{"taxonomy":"category","embeddable":true,"href":"https:\/\/agora.xtec.cat\/ins-intermunicipal\/wp-json\/wp\/v2\/categories?post=2590"},{"taxonomy":"post_tag","embeddable":true,"href":"https:\/\/agora.xtec.cat\/ins-intermunicipal\/wp-json\/wp\/v2\/tags?post=2590"}],"curies":[{"name":"wp","href":"https:\/\/api.w.org\/{rel}","templated":true}]}}