{"id":2582,"date":"2024-04-16T09:51:11","date_gmt":"2024-04-16T07:51:11","guid":{"rendered":"https:\/\/agora.xtec.cat\/ins-intermunicipal\/?p=2582"},"modified":"2024-04-16T09:51:33","modified_gmt":"2024-04-16T07:51:33","slug":"xerrada-sobre-biomedicina","status":"publish","type":"post","link":"https:\/\/agora.xtec.cat\/ins-intermunicipal\/general\/xerrada-sobre-biomedicina\/","title":{"rendered":"Xerrada sobre BioMedicina"},"content":{"rendered":"<p style=\"text-align: justify;\"><a href=\"https:\/\/agora.xtec.cat\/ins-intermunicipal\/wp-content\/uploads\/usu2220\/2024\/04\/Biomed2.jpeg\"><img loading=\"lazy\" decoding=\"async\" class=\"alignleft wp-image-2583 \" src=\"https:\/\/agora.xtec.cat\/ins-intermunicipal\/wp-content\/uploads\/usu2220\/2024\/04\/Biomed2-300x225.jpeg\" alt=\"\" width=\"509\" height=\"382\" srcset=\"https:\/\/agora.xtec.cat\/ins-intermunicipal\/wp-content\/uploads\/usu2220\/2024\/04\/Biomed2-300x225.jpeg 300w, https:\/\/agora.xtec.cat\/ins-intermunicipal\/wp-content\/uploads\/usu2220\/2024\/04\/Biomed2-1024x768.jpeg 1024w, https:\/\/agora.xtec.cat\/ins-intermunicipal\/wp-content\/uploads\/usu2220\/2024\/04\/Biomed2-768x576.jpeg 768w, https:\/\/agora.xtec.cat\/ins-intermunicipal\/wp-content\/uploads\/usu2220\/2024\/04\/Biomed2-1536x1152.jpeg 1536w, https:\/\/agora.xtec.cat\/ins-intermunicipal\/wp-content\/uploads\/usu2220\/2024\/04\/Biomed2-200x150.jpeg 200w, https:\/\/agora.xtec.cat\/ins-intermunicipal\/wp-content\/uploads\/usu2220\/2024\/04\/Biomed2.jpeg 2040w\" sizes=\"auto, (max-width: 509px) 100vw, 509px\" \/><\/a>Els alumnes dels grups A, B i C de 1r de Batxillerat van poder assistir fa uns dies a l&#8217;exposici\u00f3 que va impartir la Paula de Saralegui, exalumna del nostre centre i llicenciada en BioMedicina, sobre les sortides professionals d&#8217;aquest grau i, tamb\u00e9, sobre les possibles especialitzacions que es poden cursar despr\u00e9s d&#8217;haver obtingut el grau.<\/p>\n<p style=\"text-align: justify;\">Pels nostres alumnes va ser una molt bona oportunitat de con\u00e8ixer de primera m\u00e0 qu\u00e8 \u00e9s la BioMedicina i, a m\u00e9s, van poder preguntar i resoldre tots els dubtes que tenien sobre aquest grau tan innovador i amb tant de potencial.<\/p>\n<p style=\"text-align: justify;\">Aprofitem, tamb\u00e9, per empla\u00e7ar-vos a la propera xerrada, dem\u00e0 17 d&#8217;abril, sobre el grau de BioTecnologia que en aquest cas anir\u00e0 a c\u00e0rrec del llicenciat Niko Topuira.<\/p>\n","protected":false},"excerpt":{"rendered":"<p><a href=\"https:\/\/agora.xtec.cat\/ins-intermunicipal\/wp-content\/uploads\/usu2220\/2024\/04\/Biomed2.jpeg\"><\/a>Els alumnes dels grups A, B i C de 1r de Batxillerat van poder assistir fa uns dies a l&#8217;exposici\u00f3 que va impartir la Paula de Saralegui, exalumna del nostre centre i llicenciada en BioMedicina, sobre les sortides professionals d&#8217;aquest grau i, tamb\u00e9, sobre&hellip;  <a href=\"https:\/\/agora.xtec.cat\/ins-intermunicipal\/general\/xerrada-sobre-biomedicina\/\" title=\"Read Xerrada sobre BioMedicina\">Llegeix m\u00e9s\u00bb<\/a><\/p>\n","protected":false},"author":7,"featured_media":2584,"comment_status":"closed","ping_status":"closed","sticky":false,"template":"","format":"standard","meta":{"_bbp_topic_count":0,"_bbp_reply_count":0,"_bbp_total_topic_count":0,"_bbp_total_reply_count":0,"_bbp_voice_count":0,"_bbp_anonymous_reply_count":0,"_bbp_topic_count_hidden":0,"_bbp_reply_count_hidden":0,"_bbp_forum_subforum_count":0,"footnotes":""},"categories":[106,8,1,29],"tags":[438,439],"class_list":["post-2582","post","type-post","status-publish","format-standard","has-post-thumbnail","hentry","category-bat1","category-bat","category-general","category-portada","tag-biomedicina","tag-paula-de-saralegui"],"post_mailing_queue_ids":[],"_links":{"self":[{"href":"https:\/\/agora.xtec.cat\/ins-intermunicipal\/wp-json\/wp\/v2\/posts\/2582","targetHints":{"allow":["GET"]}}],"collection":[{"href":"https:\/\/agora.xtec.cat\/ins-intermunicipal\/wp-json\/wp\/v2\/posts"}],"about":[{"href":"https:\/\/agora.xtec.cat\/ins-intermunicipal\/wp-json\/wp\/v2\/types\/post"}],"author":[{"embeddable":true,"href":"https:\/\/agora.xtec.cat\/ins-intermunicipal\/wp-json\/wp\/v2\/users\/7"}],"replies":[{"embeddable":true,"href":"https:\/\/agora.xtec.cat\/ins-intermunicipal\/wp-json\/wp\/v2\/comments?post=2582"}],"version-history":[{"count":5,"href":"https:\/\/agora.xtec.cat\/ins-intermunicipal\/wp-json\/wp\/v2\/posts\/2582\/revisions"}],"predecessor-version":[{"id":2589,"href":"https:\/\/agora.xtec.cat\/ins-intermunicipal\/wp-json\/wp\/v2\/posts\/2582\/revisions\/2589"}],"wp:featuredmedia":[{"embeddable":true,"href":"https:\/\/agora.xtec.cat\/ins-intermunicipal\/wp-json\/wp\/v2\/media\/2584"}],"wp:attachment":[{"href":"https:\/\/agora.xtec.cat\/ins-intermunicipal\/wp-json\/wp\/v2\/media?parent=2582"}],"wp:term":[{"taxonomy":"category","embeddable":true,"href":"https:\/\/agora.xtec.cat\/ins-intermunicipal\/wp-json\/wp\/v2\/categories?post=2582"},{"taxonomy":"post_tag","embeddable":true,"href":"https:\/\/agora.xtec.cat\/ins-intermunicipal\/wp-json\/wp\/v2\/tags?post=2582"}],"curies":[{"name":"wp","href":"https:\/\/api.w.org\/{rel}","templated":true}]}}