{"id":2563,"date":"2024-04-12T11:03:56","date_gmt":"2024-04-12T09:03:56","guid":{"rendered":"https:\/\/agora.xtec.cat\/ins-intermunicipal\/?p=2563"},"modified":"2024-04-12T11:56:39","modified_gmt":"2024-04-12T09:56:39","slug":"retrobament-entre-cesk-freixas-i-josep-anton-lafuerza","status":"publish","type":"post","link":"https:\/\/agora.xtec.cat\/ins-intermunicipal\/general\/retrobament-entre-cesk-freixas-i-josep-anton-lafuerza\/","title":{"rendered":"Retrobament entre Cesk Freixas i Josep Anton Lafuerza"},"content":{"rendered":"<p style=\"text-align: center;\"><a href=\"https:\/\/agora.xtec.cat\/ins-intermunicipal\/wp-content\/uploads\/usu2220\/2024\/04\/20240126_105816-1.jpg\"><img loading=\"lazy\" decoding=\"async\" class=\"alignnone size-full wp-image-2566\" src=\"https:\/\/agora.xtec.cat\/ins-intermunicipal\/wp-content\/uploads\/usu2220\/2024\/04\/20240126_105816-1.jpg\" alt=\"\" width=\"774\" height=\"466\" srcset=\"https:\/\/agora.xtec.cat\/ins-intermunicipal\/wp-content\/uploads\/usu2220\/2024\/04\/20240126_105816-1.jpg 774w, https:\/\/agora.xtec.cat\/ins-intermunicipal\/wp-content\/uploads\/usu2220\/2024\/04\/20240126_105816-1-300x181.jpg 300w, https:\/\/agora.xtec.cat\/ins-intermunicipal\/wp-content\/uploads\/usu2220\/2024\/04\/20240126_105816-1-768x462.jpg 768w\" sizes=\"auto, (max-width: 774px) 100vw, 774px\" \/><\/a><\/p>\n<p style=\"font-family: 'Helvetica Neue', Helvetica, Helvetica, Arial, sans-serif; font-size: 16px; text-align: justify;\">El Departament d\u2019Educaci\u00f3 ha comen\u00e7at a publicar els v\u00eddeos de la campanya\u00a0<strong>Mestres de la Meva Vida<\/strong>. Un dels objectius de la campanya \u00e9s el de fer possible el retrobament entre un antic alumne i aquell mestre que d\u2019alguna manera el va marcar i, aix\u00ed, recon\u00e8ixer tamb\u00e9 el valor de la tasca docent del mestre triat.<\/p>\n<p style=\"font-family: 'Helvetica Neue', Helvetica, Helvetica, Arial, sans-serif; font-size: 16px; text-align: justify;\">Enguany es tracta de vuit parelles entre les quals ens ha agradat molt trobar-hi el nostre exalumne Cesk Freixas i el Josep Anton Lafuerza, professor de filosofia molt estimat al nostre centre. De seguida que es publiqui el v\u00eddeo del seu encontre, el compartirem. De moment us deixem el tr\u00e0iler de tota la campanya.<\/p>\n<p style=\"text-align: center;\"><iframe loading=\"lazy\" src=\"\/\/www.youtube.com\/embed\/QuKFeMBUbkw?si=5TYuM1oFrYYVaLih\" width=\"560\" height=\"314\" allowfullscreen=\"allowfullscreen\"><\/iframe><\/p>\n<p style=\"text-align: center;\">\n","protected":false},"excerpt":{"rendered":"<p><a href=\"https:\/\/agora.xtec.cat\/ins-intermunicipal\/wp-content\/uploads\/usu2220\/2024\/04\/20240126_105816-1.jpg\"><\/a><br \/>\nEl Departament d\u2019Educaci\u00f3 ha comen\u00e7at a publicar els v\u00eddeos de la campanya\u00a0Mestres de la Meva Vida. Un dels objectius de la campanya \u00e9s el de fer possible el retrobament entre un antic alumne i aquell mestre que d\u2019alguna manera el va marcar i, aix\u00ed,&hellip;  <a href=\"https:\/\/agora.xtec.cat\/ins-intermunicipal\/general\/retrobament-entre-cesk-freixas-i-josep-anton-lafuerza\/\" title=\"Read Retrobament entre Cesk Freixas i Josep Anton Lafuerza\">Llegeix m\u00e9s\u00bb<\/a><\/p>\n","protected":false},"author":7,"featured_media":2566,"comment_status":"closed","ping_status":"closed","sticky":false,"template":"","format":"standard","meta":{"_bbp_topic_count":0,"_bbp_reply_count":0,"_bbp_total_topic_count":0,"_bbp_total_reply_count":0,"_bbp_voice_count":0,"_bbp_anonymous_reply_count":0,"_bbp_topic_count_hidden":0,"_bbp_reply_count_hidden":0,"_bbp_forum_subforum_count":0,"footnotes":""},"categories":[8,304,1,29],"tags":[369,436,437],"class_list":["post-2563","post","type-post","status-publish","format-standard","has-post-thumbnail","hentry","category-bat","category-exalumnes","category-general","category-portada","tag-cesk-freixas","tag-josep-anton-lafuerza","tag-mestres-de-la-meva-vida"],"post_mailing_queue_ids":[],"_links":{"self":[{"href":"https:\/\/agora.xtec.cat\/ins-intermunicipal\/wp-json\/wp\/v2\/posts\/2563","targetHints":{"allow":["GET"]}}],"collection":[{"href":"https:\/\/agora.xtec.cat\/ins-intermunicipal\/wp-json\/wp\/v2\/posts"}],"about":[{"href":"https:\/\/agora.xtec.cat\/ins-intermunicipal\/wp-json\/wp\/v2\/types\/post"}],"author":[{"embeddable":true,"href":"https:\/\/agora.xtec.cat\/ins-intermunicipal\/wp-json\/wp\/v2\/users\/7"}],"replies":[{"embeddable":true,"href":"https:\/\/agora.xtec.cat\/ins-intermunicipal\/wp-json\/wp\/v2\/comments?post=2563"}],"version-history":[{"count":6,"href":"https:\/\/agora.xtec.cat\/ins-intermunicipal\/wp-json\/wp\/v2\/posts\/2563\/revisions"}],"predecessor-version":[{"id":2573,"href":"https:\/\/agora.xtec.cat\/ins-intermunicipal\/wp-json\/wp\/v2\/posts\/2563\/revisions\/2573"}],"wp:featuredmedia":[{"embeddable":true,"href":"https:\/\/agora.xtec.cat\/ins-intermunicipal\/wp-json\/wp\/v2\/media\/2566"}],"wp:attachment":[{"href":"https:\/\/agora.xtec.cat\/ins-intermunicipal\/wp-json\/wp\/v2\/media?parent=2563"}],"wp:term":[{"taxonomy":"category","embeddable":true,"href":"https:\/\/agora.xtec.cat\/ins-intermunicipal\/wp-json\/wp\/v2\/categories?post=2563"},{"taxonomy":"post_tag","embeddable":true,"href":"https:\/\/agora.xtec.cat\/ins-intermunicipal\/wp-json\/wp\/v2\/tags?post=2563"}],"curies":[{"name":"wp","href":"https:\/\/api.w.org\/{rel}","templated":true}]}}