{"id":2558,"date":"2024-04-12T09:32:48","date_gmt":"2024-04-12T07:32:48","guid":{"rendered":"https:\/\/agora.xtec.cat\/ins-intermunicipal\/?p=2558"},"modified":"2024-05-03T10:07:41","modified_gmt":"2024-05-03T08:07:41","slug":"2-de-maig-jornada-de-portes-obertes-de-formacio-professional","status":"publish","type":"post","link":"https:\/\/agora.xtec.cat\/ins-intermunicipal\/general\/2-de-maig-jornada-de-portes-obertes-de-formacio-professional\/","title":{"rendered":"2 de maig, Jornada de Portes Obertes de Formaci\u00f3 Professional"},"content":{"rendered":"<div>\n<p>El pr<a href=\"https:\/\/agora.xtec.cat\/ins-intermunicipal\/wp-content\/uploads\/usu2220\/2024\/04\/CARTELL-PPOO-FP.jpg\"><img loading=\"lazy\" decoding=\"async\" class=\" wp-image-2560 alignleft\" src=\"https:\/\/agora.xtec.cat\/ins-intermunicipal\/wp-content\/uploads\/usu2220\/2024\/04\/CARTELL-PPOO-FP.jpg\" alt=\"\" width=\"299\" height=\"423\" srcset=\"https:\/\/agora.xtec.cat\/ins-intermunicipal\/wp-content\/uploads\/usu2220\/2024\/04\/CARTELL-PPOO-FP.jpg 724w, https:\/\/agora.xtec.cat\/ins-intermunicipal\/wp-content\/uploads\/usu2220\/2024\/04\/CARTELL-PPOO-FP-212x300.jpg 212w\" sizes=\"auto, (max-width: 299px) 100vw, 299px\" \/><\/a>\u00f2xim dijous 2 de maig es far\u00e0 la <strong>Jornada de Portes Obertes de Formaci\u00f3 Professional<\/strong> a l\u2019Institut Intermunicipal del Pened\u00e8s. A les 18:00\u202fh es far\u00e0 a la sala d\u2019actes la rebuda i la presentaci\u00f3 del centre i despr\u00e9s, a les 19:15 h, es far\u00e0 una visita guiada per les instal\u00b7lacions de l\u2019institut, les aules i els tallers.<\/p>\n<p>Us recordem que el centre educatiu ofereix el CFGM d&#8217;Atenci\u00f3 a la depend\u00e8ncia, CFGM De Gesti\u00f3 Administrativa, CFGM de Farm\u00e0cia i Parafarm\u00e0cia, CFGS d&#8217;Educaci\u00f3 Infantil, CFGS d&#8217;Integraci\u00f3 Social, CFGS d&#8217;Administraci\u00f3 i Finances i PFI d&#8217;Auxiliar en centres sanitaris.<\/p>\n<p>Al cartell adjunt hi trobareu la informaci\u00f3 necess\u00e0ria i els horaris. La jornada \u00e9s oberta per a tothom que vulgui con\u00e8ixer el funcionament de l&#8217;FP al nostre institut, per\u00f2 per tal de poder organitzar millor la vostra visita us demanem que cliqueu<a href=\"https:\/\/forms.gle\/3VPUFC9yafh9kh9c6\" target=\"_blank\" rel=\"noopener\"> aquest enlla\u00e7<\/a> o obriu el codi QR del cartell i ompliu el formulari que se us desplegar\u00e0. Us esperem a l\u2019\u00cdnter!<\/p>\n<\/div>\n","protected":false},"excerpt":{"rendered":"<p>El pr<a href=\"https:\/\/agora.xtec.cat\/ins-intermunicipal\/wp-content\/uploads\/usu2220\/2024\/04\/CARTELL-PPOO-FP.jpg\"><\/a>\u00f2xim dijous 2 de maig es far\u00e0 la Jornada de Portes Obertes de Formaci\u00f3 Professional a l\u2019Institut Intermunicipal del Pened\u00e8s. A les 18:00\u202fh es far\u00e0 a la sala d\u2019actes la rebuda i la presentaci\u00f3 del centre i despr\u00e9s, a les 19:15 h, es&hellip;  <a href=\"https:\/\/agora.xtec.cat\/ins-intermunicipal\/general\/2-de-maig-jornada-de-portes-obertes-de-formacio-professional\/\" title=\"Read 2 de maig, Jornada de Portes Obertes de Formaci\u00f3 Professional\">Llegeix m\u00e9s\u00bb<\/a><\/p>\n","protected":false},"author":6,"featured_media":2559,"comment_status":"closed","ping_status":"closed","sticky":false,"template":"","format":"standard","meta":{"_bbp_topic_count":0,"_bbp_reply_count":0,"_bbp_total_topic_count":0,"_bbp_total_reply_count":0,"_bbp_voice_count":0,"_bbp_anonymous_reply_count":0,"_bbp_topic_count_hidden":0,"_bbp_reply_count_hidden":0,"_bbp_forum_subforum_count":0,"footnotes":""},"categories":[30,1,29],"tags":[205,221,169],"class_list":["post-2558","post","type-post","status-publish","format-standard","has-post-thumbnail","hentry","category-formacio-professional","category-general","category-portada","tag-cicles-formatius","tag-formacio-professional","tag-portes-obertes"],"post_mailing_queue_ids":[],"_links":{"self":[{"href":"https:\/\/agora.xtec.cat\/ins-intermunicipal\/wp-json\/wp\/v2\/posts\/2558","targetHints":{"allow":["GET"]}}],"collection":[{"href":"https:\/\/agora.xtec.cat\/ins-intermunicipal\/wp-json\/wp\/v2\/posts"}],"about":[{"href":"https:\/\/agora.xtec.cat\/ins-intermunicipal\/wp-json\/wp\/v2\/types\/post"}],"author":[{"embeddable":true,"href":"https:\/\/agora.xtec.cat\/ins-intermunicipal\/wp-json\/wp\/v2\/users\/6"}],"replies":[{"embeddable":true,"href":"https:\/\/agora.xtec.cat\/ins-intermunicipal\/wp-json\/wp\/v2\/comments?post=2558"}],"version-history":[{"count":2,"href":"https:\/\/agora.xtec.cat\/ins-intermunicipal\/wp-json\/wp\/v2\/posts\/2558\/revisions"}],"predecessor-version":[{"id":2822,"href":"https:\/\/agora.xtec.cat\/ins-intermunicipal\/wp-json\/wp\/v2\/posts\/2558\/revisions\/2822"}],"wp:featuredmedia":[{"embeddable":true,"href":"https:\/\/agora.xtec.cat\/ins-intermunicipal\/wp-json\/wp\/v2\/media\/2559"}],"wp:attachment":[{"href":"https:\/\/agora.xtec.cat\/ins-intermunicipal\/wp-json\/wp\/v2\/media?parent=2558"}],"wp:term":[{"taxonomy":"category","embeddable":true,"href":"https:\/\/agora.xtec.cat\/ins-intermunicipal\/wp-json\/wp\/v2\/categories?post=2558"},{"taxonomy":"post_tag","embeddable":true,"href":"https:\/\/agora.xtec.cat\/ins-intermunicipal\/wp-json\/wp\/v2\/tags?post=2558"}],"curies":[{"name":"wp","href":"https:\/\/api.w.org\/{rel}","templated":true}]}}