{"id":2550,"date":"2024-04-11T13:21:20","date_gmt":"2024-04-11T11:21:20","guid":{"rendered":"https:\/\/agora.xtec.cat\/ins-intermunicipal\/?p=2550"},"modified":"2024-04-16T11:50:39","modified_gmt":"2024-04-16T09:50:39","slug":"sentit-homenatge-i-record-per-la-sheila","status":"publish","type":"post","link":"https:\/\/agora.xtec.cat\/ins-intermunicipal\/general\/sentit-homenatge-i-record-per-la-sheila\/","title":{"rendered":"Sentit homenatge i record per la Sheila"},"content":{"rendered":"<p>El conjunt d&#8217;alumnat, docents, equip directiu, administraci\u00f3 i serveis de l&#8217;Institut Intermunicipal del Pened\u00e8s va fer ahir dimecres a la tarda un petit acte de record i homenatge, al pati del centre educatiu, en record de Sheila Vera Garc\u00eda, la professora d&#8217;angl\u00e8s que dilluns ens va deixar a l&#8217;edat de 41 anys. Durant l&#8217;acte, el cap d&#8217;estudis de Formaci\u00f3 Professional, Pep Bertran, va recordar qui havia estat la Sheila, la seva empremta personal i professional i va destacar que fins ara era la docent m\u00e9s veterana en actiu de cicles formatius. Despr\u00e9s del sentit minut de silenci que es va fer, hi va haver diversos parlaments per part de companys de feina i alumnat, que van contribuir amb missatges escrits, parlaments i l&#8217;entrega de diverses flors. L&#8217;acte va acabar amb una can\u00e7\u00f3.<\/p>\n<p>Abans, durant el mat\u00ed, els tutors d&#8217;ESO i Batxilllerat van compartir tamb\u00e9 la not\u00edcia entre el seu alumnat i es va deixar temps perqu\u00e8 poguessin expressar el que sentien. El Departament d&#8217;Educaci\u00f3 ha enviat aquests dies diverses mostres de condol per la p\u00e8rdua de la nostra companya i ha posat a disposici\u00f3 de l&#8217;equip docent i de l&#8217;alumnat un grup especialitzat del programa Benestar per estar b\u00e9, que va despla\u00e7ar dos efectius al centre per donar suport a l&#8217;equip docent.<\/p>\n<p>Avui, dijous 11 d&#8217;abril, el desenvolupament lectiu de la tarda s&#8217;ha modificat per tal que tant docents com alumnes es puguin despla\u00e7ar a les 17:30 a l&#8217;esgl\u00e9sia parroquial de Sant Sadurn\u00ed d&#8217;Anoia, on es far\u00e0 l&#8217;acte lit\u00fargic i es podr\u00e0 retr\u00e9 un darrer comiat a la nostra estimada companya. L&#8217;alumnat compta amb feina que podr\u00e0 fer de forma as\u00edncrona per no perdre classes.<\/p>\n<p>Aix\u00ed mateix, s&#8217;ha habilitat un espai a l&#8217;entrada del centre, que restar\u00e0 disponible fins divendres, perqu\u00e8 tots aquells que vulguin puguin expressar el que sentin en un llibre commemoratiu.<\/p>\n<p><a href=\"https:\/\/agora.xtec.cat\/ins-intermunicipal\/wp-content\/uploads\/usu2220\/2024\/04\/Imatge-de-WhatsApp-2024-04-10-a-les-22.01.50_e10ac227.jpg\"><img loading=\"lazy\" decoding=\"async\" class=\"alignnone size-large wp-image-2553\" src=\"https:\/\/agora.xtec.cat\/ins-intermunicipal\/wp-content\/uploads\/usu2220\/2024\/04\/Imatge-de-WhatsApp-2024-04-10-a-les-22.01.50_e10ac227-1024x472.jpg\" alt=\"\" width=\"1024\" height=\"472\" srcset=\"https:\/\/agora.xtec.cat\/ins-intermunicipal\/wp-content\/uploads\/usu2220\/2024\/04\/Imatge-de-WhatsApp-2024-04-10-a-les-22.01.50_e10ac227-1024x472.jpg 1024w, https:\/\/agora.xtec.cat\/ins-intermunicipal\/wp-content\/uploads\/usu2220\/2024\/04\/Imatge-de-WhatsApp-2024-04-10-a-les-22.01.50_e10ac227-300x138.jpg 300w, https:\/\/agora.xtec.cat\/ins-intermunicipal\/wp-content\/uploads\/usu2220\/2024\/04\/Imatge-de-WhatsApp-2024-04-10-a-les-22.01.50_e10ac227-768x354.jpg 768w, https:\/\/agora.xtec.cat\/ins-intermunicipal\/wp-content\/uploads\/usu2220\/2024\/04\/Imatge-de-WhatsApp-2024-04-10-a-les-22.01.50_e10ac227-1536x708.jpg 1536w, https:\/\/agora.xtec.cat\/ins-intermunicipal\/wp-content\/uploads\/usu2220\/2024\/04\/Imatge-de-WhatsApp-2024-04-10-a-les-22.01.50_e10ac227.jpg 1600w\" sizes=\"auto, (max-width: 1024px) 100vw, 1024px\" \/><\/a><\/p>\n<p><a href=\"https:\/\/agora.xtec.cat\/ins-intermunicipal\/wp-content\/uploads\/usu2220\/2024\/04\/Imatge-de-WhatsApp-2024-04-10-a-les-22.01.13_7261da7e.jpg\"><img loading=\"lazy\" decoding=\"async\" class=\"alignnone size-large wp-image-2554\" src=\"https:\/\/agora.xtec.cat\/ins-intermunicipal\/wp-content\/uploads\/usu2220\/2024\/04\/Imatge-de-WhatsApp-2024-04-10-a-les-22.01.13_7261da7e-1024x473.jpg\" alt=\"\" width=\"1024\" height=\"473\" srcset=\"https:\/\/agora.xtec.cat\/ins-intermunicipal\/wp-content\/uploads\/usu2220\/2024\/04\/Imatge-de-WhatsApp-2024-04-10-a-les-22.01.13_7261da7e-1024x473.jpg 1024w, https:\/\/agora.xtec.cat\/ins-intermunicipal\/wp-content\/uploads\/usu2220\/2024\/04\/Imatge-de-WhatsApp-2024-04-10-a-les-22.01.13_7261da7e-300x138.jpg 300w, https:\/\/agora.xtec.cat\/ins-intermunicipal\/wp-content\/uploads\/usu2220\/2024\/04\/Imatge-de-WhatsApp-2024-04-10-a-les-22.01.13_7261da7e-768x354.jpg 768w, https:\/\/agora.xtec.cat\/ins-intermunicipal\/wp-content\/uploads\/usu2220\/2024\/04\/Imatge-de-WhatsApp-2024-04-10-a-les-22.01.13_7261da7e-1536x709.jpg 1536w, https:\/\/agora.xtec.cat\/ins-intermunicipal\/wp-content\/uploads\/usu2220\/2024\/04\/Imatge-de-WhatsApp-2024-04-10-a-les-22.01.13_7261da7e.jpg 1599w\" sizes=\"auto, (max-width: 1024px) 100vw, 1024px\" \/><\/a><\/p>\n","protected":false},"excerpt":{"rendered":"<p>El conjunt d&#8217;alumnat, docents, equip directiu, administraci\u00f3 i serveis de l&#8217;Institut Intermunicipal del Pened\u00e8s va fer ahir dimecres a la tarda un petit acte de record i homenatge, al pati del centre educatiu, en record de Sheila Vera Garc\u00eda, la professora d&#8217;angl\u00e8s que dilluns ens&hellip;  <a href=\"https:\/\/agora.xtec.cat\/ins-intermunicipal\/general\/sentit-homenatge-i-record-per-la-sheila\/\" title=\"Read Sentit homenatge i record per la Sheila\">Llegeix m\u00e9s\u00bb<\/a><\/p>\n","protected":false},"author":8,"featured_media":2554,"comment_status":"closed","ping_status":"closed","sticky":false,"template":"","format":"standard","meta":{"_bbp_topic_count":0,"_bbp_reply_count":0,"_bbp_total_topic_count":0,"_bbp_total_reply_count":0,"_bbp_voice_count":0,"_bbp_anonymous_reply_count":0,"_bbp_topic_count_hidden":0,"_bbp_reply_count_hidden":0,"_bbp_forum_subforum_count":0,"footnotes":""},"categories":[30,1,29],"tags":[183,431],"class_list":["post-2550","post","type-post","status-publish","format-standard","has-post-thumbnail","hentry","category-formacio-professional","category-general","category-portada","tag-fp","tag-institut-intermunicipal-del-penedes"],"post_mailing_queue_ids":[],"_links":{"self":[{"href":"https:\/\/agora.xtec.cat\/ins-intermunicipal\/wp-json\/wp\/v2\/posts\/2550","targetHints":{"allow":["GET"]}}],"collection":[{"href":"https:\/\/agora.xtec.cat\/ins-intermunicipal\/wp-json\/wp\/v2\/posts"}],"about":[{"href":"https:\/\/agora.xtec.cat\/ins-intermunicipal\/wp-json\/wp\/v2\/types\/post"}],"author":[{"embeddable":true,"href":"https:\/\/agora.xtec.cat\/ins-intermunicipal\/wp-json\/wp\/v2\/users\/8"}],"replies":[{"embeddable":true,"href":"https:\/\/agora.xtec.cat\/ins-intermunicipal\/wp-json\/wp\/v2\/comments?post=2550"}],"version-history":[{"count":4,"href":"https:\/\/agora.xtec.cat\/ins-intermunicipal\/wp-json\/wp\/v2\/posts\/2550\/revisions"}],"predecessor-version":[{"id":2603,"href":"https:\/\/agora.xtec.cat\/ins-intermunicipal\/wp-json\/wp\/v2\/posts\/2550\/revisions\/2603"}],"wp:featuredmedia":[{"embeddable":true,"href":"https:\/\/agora.xtec.cat\/ins-intermunicipal\/wp-json\/wp\/v2\/media\/2554"}],"wp:attachment":[{"href":"https:\/\/agora.xtec.cat\/ins-intermunicipal\/wp-json\/wp\/v2\/media?parent=2550"}],"wp:term":[{"taxonomy":"category","embeddable":true,"href":"https:\/\/agora.xtec.cat\/ins-intermunicipal\/wp-json\/wp\/v2\/categories?post=2550"},{"taxonomy":"post_tag","embeddable":true,"href":"https:\/\/agora.xtec.cat\/ins-intermunicipal\/wp-json\/wp\/v2\/tags?post=2550"}],"curies":[{"name":"wp","href":"https:\/\/api.w.org\/{rel}","templated":true}]}}