{"id":2537,"date":"2024-04-10T13:43:34","date_gmt":"2024-04-10T11:43:34","guid":{"rendered":"https:\/\/agora.xtec.cat\/ins-intermunicipal\/?p=2537"},"modified":"2024-04-10T13:45:31","modified_gmt":"2024-04-10T11:45:31","slug":"participem-a-la-1a-olimpiada-de-dibuix-tecnic-de-catalunya","status":"publish","type":"post","link":"https:\/\/agora.xtec.cat\/ins-intermunicipal\/general\/participem-a-la-1a-olimpiada-de-dibuix-tecnic-de-catalunya\/","title":{"rendered":"Participem a la 1a Olimp\u00edada de Dibuix T\u00e8cnic de Catalunya"},"content":{"rendered":"<p style=\"text-align: justify;\">Gr\u00e0cies a la iniciativa dels professors de Dibuix T\u00e8cnic, el passat dissabte 6 d\u2019abril es va fer a la Facultat de Belles Arts de la Universitat de Barcelona la <a href=\"https:\/\/www.ccma.cat\/3cat\/primera-olimpiada-de-dibuix-tecnic-de-catalunya\/video\/6275335\/\" target=\"_blank\" rel=\"noopener\">1a Olimp\u00edada de Dibuix T\u00e8cnic de Catalunya.<\/a><\/p>\n<p style=\"text-align: justify;\">La prova es va dividir en dues fases. Durant la primera, que era de car\u00e0cter m\u00e9s te\u00f2ric, calia respondre a una s\u00e8rie de preguntes de resposta m\u00faltiple i, tamb\u00e9, a preguntes de tipus descriptiu i gr\u00e0fiques. A la segona fase s\u2019havien de resoldre dos exercicis, un de geometria plana i un altre de comprensi\u00f3 de la pe\u00e7a i de resoluci\u00f3 di\u00e8drica.<\/p>\n<p style=\"text-align: justify;\">En el cas del nostre institut, s\u2019hi van presentar el V\u00edctor Santos i l\u2019\u00c0lex Alcaraz, tots dos de 2n curs de Batxillerat, que hi van participar juntament amb 120 alumnes de 40 instituts de tota Catalunya.<\/p>\n<p style=\"text-align: justify;\"><a href=\"https:\/\/agora.xtec.cat\/ins-intermunicipal\/wp-content\/uploads\/usu2220\/2024\/04\/WhatsApp-Image-2024-04-07-at-21.46.46-e1712749028739.jpeg\">\u00a0 \u00a0 \u00a0 \u00a0 \u00a0 \u00a0 \u00a0 \u00a0 \u00a0 \u00a0<img loading=\"lazy\" decoding=\"async\" class=\"wp-image-2539 alignnone\" src=\"https:\/\/agora.xtec.cat\/ins-intermunicipal\/wp-content\/uploads\/usu2220\/2024\/04\/WhatsApp-Image-2024-04-07-at-21.46.46-225x300.jpeg\" alt=\"\" width=\"267\" height=\"356\" \/><\/a><a href=\"https:\/\/agora.xtec.cat\/ins-intermunicipal\/wp-content\/uploads\/usu2220\/2024\/04\/WhatsApp-Image-2024-04-07-at-21.46.59-e1712749125518.jpeg\"><img loading=\"lazy\" decoding=\"async\" class=\"wp-image-2540 alignnone\" src=\"https:\/\/agora.xtec.cat\/ins-intermunicipal\/wp-content\/uploads\/usu2220\/2024\/04\/WhatsApp-Image-2024-04-07-at-21.46.59-300x225.jpeg\" alt=\"\" width=\"473\" height=\"355\" \/><\/a><\/p>\n<p>&nbsp;<\/p>\n","protected":false},"excerpt":{"rendered":"<p>Gr\u00e0cies a la iniciativa dels professors de Dibuix T\u00e8cnic, el passat dissabte 6 d\u2019abril es va fer a la Facultat de Belles Arts de la Universitat de Barcelona la <a href=\"https:\/\/www.ccma.cat\/3cat\/primera-olimpiada-de-dibuix-tecnic-de-catalunya\/video\/6275335\/\" target=\"_blank\" rel=\"noopener\">1a Olimp\u00edada de Dibuix T\u00e8cnic de Catalunya.<\/a><br \/>\nLa prova es va dividir en dues&hellip;  <a href=\"https:\/\/agora.xtec.cat\/ins-intermunicipal\/general\/participem-a-la-1a-olimpiada-de-dibuix-tecnic-de-catalunya\/\" title=\"Read Participem a la 1a Olimp\u00edada de Dibuix T\u00e8cnic de Catalunya\">Llegeix m\u00e9s\u00bb<\/a><\/p>\n","protected":false},"author":7,"featured_media":2546,"comment_status":"closed","ping_status":"closed","sticky":false,"template":"","format":"standard","meta":{"_bbp_topic_count":0,"_bbp_reply_count":0,"_bbp_total_topic_count":0,"_bbp_total_reply_count":0,"_bbp_voice_count":0,"_bbp_anonymous_reply_count":0,"_bbp_topic_count_hidden":0,"_bbp_reply_count_hidden":0,"_bbp_forum_subforum_count":0,"footnotes":""},"categories":[107,114,8,1,29],"tags":[434,432,435,433],"class_list":["post-2537","post","type-post","status-publish","format-standard","has-post-thumbnail","hentry","category-bat2","category-bat2b","category-bat","category-general","category-portada","tag-alex-alcaraz","tag-dibux-tecnic","tag-olimpiada-de-dibuix-tecnic","tag-victor-santos"],"post_mailing_queue_ids":[],"_links":{"self":[{"href":"https:\/\/agora.xtec.cat\/ins-intermunicipal\/wp-json\/wp\/v2\/posts\/2537","targetHints":{"allow":["GET"]}}],"collection":[{"href":"https:\/\/agora.xtec.cat\/ins-intermunicipal\/wp-json\/wp\/v2\/posts"}],"about":[{"href":"https:\/\/agora.xtec.cat\/ins-intermunicipal\/wp-json\/wp\/v2\/types\/post"}],"author":[{"embeddable":true,"href":"https:\/\/agora.xtec.cat\/ins-intermunicipal\/wp-json\/wp\/v2\/users\/7"}],"replies":[{"embeddable":true,"href":"https:\/\/agora.xtec.cat\/ins-intermunicipal\/wp-json\/wp\/v2\/comments?post=2537"}],"version-history":[{"count":6,"href":"https:\/\/agora.xtec.cat\/ins-intermunicipal\/wp-json\/wp\/v2\/posts\/2537\/revisions"}],"predecessor-version":[{"id":2545,"href":"https:\/\/agora.xtec.cat\/ins-intermunicipal\/wp-json\/wp\/v2\/posts\/2537\/revisions\/2545"}],"wp:featuredmedia":[{"embeddable":true,"href":"https:\/\/agora.xtec.cat\/ins-intermunicipal\/wp-json\/wp\/v2\/media\/2546"}],"wp:attachment":[{"href":"https:\/\/agora.xtec.cat\/ins-intermunicipal\/wp-json\/wp\/v2\/media?parent=2537"}],"wp:term":[{"taxonomy":"category","embeddable":true,"href":"https:\/\/agora.xtec.cat\/ins-intermunicipal\/wp-json\/wp\/v2\/categories?post=2537"},{"taxonomy":"post_tag","embeddable":true,"href":"https:\/\/agora.xtec.cat\/ins-intermunicipal\/wp-json\/wp\/v2\/tags?post=2537"}],"curies":[{"name":"wp","href":"https:\/\/api.w.org\/{rel}","templated":true}]}}