{"id":2520,"date":"2024-04-08T18:52:55","date_gmt":"2024-04-08T16:52:55","guid":{"rendered":"https:\/\/agora.xtec.cat\/ins-intermunicipal\/?p=2520"},"modified":"2024-04-10T16:23:07","modified_gmt":"2024-04-10T14:23:07","slug":"dia-de-dol-pel-traspas-de-la-nostra-companya-sheila-vera-garcia","status":"publish","type":"post","link":"https:\/\/agora.xtec.cat\/ins-intermunicipal\/general\/dia-de-dol-pel-traspas-de-la-nostra-companya-sheila-vera-garcia\/","title":{"rendered":"Dia de dol pel trasp\u00e0s de la nostra companya Sheila Vera Garcia"},"content":{"rendered":"<p><a href=\"https:\/\/agora.xtec.cat\/ins-intermunicipal\/wp-content\/uploads\/usu2220\/2024\/04\/Sheila.jpg\"><img loading=\"lazy\" decoding=\"async\" class=\"size-medium wp-image-2530 alignright\" src=\"https:\/\/agora.xtec.cat\/ins-intermunicipal\/wp-content\/uploads\/usu2220\/2024\/04\/Sheila-300x300.jpg\" alt=\"\" width=\"300\" height=\"300\" srcset=\"https:\/\/agora.xtec.cat\/ins-intermunicipal\/wp-content\/uploads\/usu2220\/2024\/04\/Sheila-300x300.jpg 300w, https:\/\/agora.xtec.cat\/ins-intermunicipal\/wp-content\/uploads\/usu2220\/2024\/04\/Sheila-150x150.jpg 150w, https:\/\/agora.xtec.cat\/ins-intermunicipal\/wp-content\/uploads\/usu2220\/2024\/04\/Sheila-768x768.jpg 768w, https:\/\/agora.xtec.cat\/ins-intermunicipal\/wp-content\/uploads\/usu2220\/2024\/04\/Sheila.jpg 817w\" sizes=\"auto, (max-width: 300px) 100vw, 300px\" \/><\/a>Ens dol l&#8217;\u00e0nima comunicar a tota la comunitat educativa que aquest mat\u00ed ha mort una de les nostres companyes m\u00e9s estimades, la Sheila Vera Garcia. La Sheila va n\u00e9ixer el 21 de juny de 1982, es va llicenciar en filologia anglesa a la Universitat de Barcelona (UB) i va comen\u00e7ar a treballar com a professora d&#8217;angl\u00e8s l&#8217;any 2007, tot i que ja havia format part de la fam\u00edlia de l&#8217;Inter com a alumna del centre. Durant tota la seva etapa professional a l&#8217;\u00cdnter va desenvolupar diversos c\u00e0rrecs, entre els quals el de tutora i actualment era cap del Departament de la Fam\u00edlia Professional d&#8217;Administraci\u00f3 i Gesti\u00f3. La nostra companya va ser tamb\u00e9 una de les organitzadores i impulsores de la campanya de donacions de sang que cada any es fa al centre educatiu. Durant els anys que ens ha acompanyat, la Sheila s&#8217;ha fet estimar pel seu tarann\u00e0 rialler, d&#8217;ajuda als companys i per la seva professionalitat.<\/p>\n<p>Tots els docents del centre estem avui en xoc per la not\u00edcia del seu trasp\u00e0s i no hem pogut fer classes una vegada hem conegut el tr\u00e0gic desenlla\u00e7. L&#8217;equip directriu ha decretat dia de dol dem\u00e0 dimarts 9 a l&#8217;Institut Intermunicipal del Pened\u00e8s. Aix\u00ed doncs, s&#8217;ha comunicat a les fam\u00edlies que s&#8217;anul\u00b7la l&#8217;assist\u00e8ncia i les classes tant per al professorat com per a l&#8217;alumnat del mat\u00ed i de la tarda. Aix\u00ed mateix, s&#8217;ha enviat un missatge de suport a tota la comunitat educativa. Dem\u00e0 mateix, el centre comen\u00e7ar\u00e0 a treballar en la planificaci\u00f3 d&#8217;un comiat col\u00b7lectiu i en coordinar l&#8217;atenci\u00f3 a l&#8217;alumnat.<\/p>\n<p>Des del centre volem traslladar, en primer lloc, el nostre condol a la fam\u00edlia, amics, amigues, coneguts i conegudes de la Sheila i al conjunt de la comunitat educativa.<\/p>\n<p>Ens ha deixat una gran professora.<\/p>\n<p>Sempre et recordarem.<\/p>\n","protected":false},"excerpt":{"rendered":"<p><a href=\"https:\/\/agora.xtec.cat\/ins-intermunicipal\/wp-content\/uploads\/usu2220\/2024\/04\/Sheila.jpg\"><\/a>Ens dol l&#8217;\u00e0nima comunicar a tota la comunitat educativa que aquest mat\u00ed ha mort una de les nostres companyes m\u00e9s estimades, la Sheila Vera Garcia. La Sheila va n\u00e9ixer el 21 de juny de 1982, es va llicenciar en filologia anglesa a la Universitat&hellip;  <a href=\"https:\/\/agora.xtec.cat\/ins-intermunicipal\/general\/dia-de-dol-pel-traspas-de-la-nostra-companya-sheila-vera-garcia\/\" title=\"Read Dia de dol pel trasp\u00e0s de la nostra companya Sheila Vera Garcia\">Llegeix m\u00e9s\u00bb<\/a><\/p>\n","protected":false},"author":8,"featured_media":2530,"comment_status":"closed","ping_status":"closed","sticky":false,"template":"","format":"standard","meta":{"_bbp_topic_count":0,"_bbp_reply_count":0,"_bbp_total_topic_count":0,"_bbp_total_reply_count":0,"_bbp_voice_count":0,"_bbp_anonymous_reply_count":0,"_bbp_topic_count_hidden":0,"_bbp_reply_count_hidden":0,"_bbp_forum_subforum_count":0,"footnotes":""},"categories":[30,1,29],"tags":[431],"class_list":["post-2520","post","type-post","status-publish","format-standard","has-post-thumbnail","hentry","category-formacio-professional","category-general","category-portada","tag-institut-intermunicipal-del-penedes"],"post_mailing_queue_ids":[],"_links":{"self":[{"href":"https:\/\/agora.xtec.cat\/ins-intermunicipal\/wp-json\/wp\/v2\/posts\/2520","targetHints":{"allow":["GET"]}}],"collection":[{"href":"https:\/\/agora.xtec.cat\/ins-intermunicipal\/wp-json\/wp\/v2\/posts"}],"about":[{"href":"https:\/\/agora.xtec.cat\/ins-intermunicipal\/wp-json\/wp\/v2\/types\/post"}],"author":[{"embeddable":true,"href":"https:\/\/agora.xtec.cat\/ins-intermunicipal\/wp-json\/wp\/v2\/users\/8"}],"replies":[{"embeddable":true,"href":"https:\/\/agora.xtec.cat\/ins-intermunicipal\/wp-json\/wp\/v2\/comments?post=2520"}],"version-history":[{"count":6,"href":"https:\/\/agora.xtec.cat\/ins-intermunicipal\/wp-json\/wp\/v2\/posts\/2520\/revisions"}],"predecessor-version":[{"id":2549,"href":"https:\/\/agora.xtec.cat\/ins-intermunicipal\/wp-json\/wp\/v2\/posts\/2520\/revisions\/2549"}],"wp:featuredmedia":[{"embeddable":true,"href":"https:\/\/agora.xtec.cat\/ins-intermunicipal\/wp-json\/wp\/v2\/media\/2530"}],"wp:attachment":[{"href":"https:\/\/agora.xtec.cat\/ins-intermunicipal\/wp-json\/wp\/v2\/media?parent=2520"}],"wp:term":[{"taxonomy":"category","embeddable":true,"href":"https:\/\/agora.xtec.cat\/ins-intermunicipal\/wp-json\/wp\/v2\/categories?post=2520"},{"taxonomy":"post_tag","embeddable":true,"href":"https:\/\/agora.xtec.cat\/ins-intermunicipal\/wp-json\/wp\/v2\/tags?post=2520"}],"curies":[{"name":"wp","href":"https:\/\/api.w.org\/{rel}","templated":true}]}}