{"id":2498,"date":"2024-04-05T10:27:50","date_gmt":"2024-04-05T08:27:50","guid":{"rendered":"https:\/\/agora.xtec.cat\/ins-intermunicipal\/?p=2498"},"modified":"2024-04-05T10:27:50","modified_gmt":"2024-04-05T08:27:50","slug":"activitats-de-4t-deso-a-la-biblioteca-de-sant-sadurni","status":"publish","type":"post","link":"https:\/\/agora.xtec.cat\/ins-intermunicipal\/general\/activitats-de-4t-deso-a-la-biblioteca-de-sant-sadurni\/","title":{"rendered":"Activitats de 4t d&#8217;ESO a la Biblioteca de Sant Sadurn\u00ed"},"content":{"rendered":"<p style=\"text-align: justify;\"><span style=\"font-family: Arial, Helvetica, sans-serif;\">Gr\u00e0cies a la <a href=\"https:\/\/bibliosantsadurni.blogspot.com\/\" target=\"_blank\" rel=\"noopener\">Biblioteca Ramon Bosch de Noya<\/a>, els alumnes d&#8217;aquest curs del nostre institut tenen l&#8217;oportunitat de participar durant aquest mes d\u2019abril en tota una colla d\u2019activitats relacionades amb l\u2019\u00e0mbit de la lectura i la literatura. Quan acabin les activitats, haur\u00e0 estat un total de 144 alumnes els que hauran pogut fer els tallers de<strong> C\u00f2mic i literatura de ficci\u00f3<\/strong>, de <strong>Poesia<\/strong> i d&#8217;<strong>\u00c0lbum il\u00b7lustrat<\/strong>.<\/span><\/p>\n<p><a href=\"https:\/\/agora.xtec.cat\/ins-intermunicipal\/wp-content\/uploads\/usu2220\/2024\/04\/20240403_095025-e1712234917788.jpg\"><img loading=\"lazy\" decoding=\"async\" class=\"alignnone wp-image-2502 \" src=\"https:\/\/agora.xtec.cat\/ins-intermunicipal\/wp-content\/uploads\/usu2220\/2024\/04\/20240403_095025-e1712234917788-300x167.jpg\" alt=\"\" width=\"537\" height=\"299\" srcset=\"https:\/\/agora.xtec.cat\/ins-intermunicipal\/wp-content\/uploads\/usu2220\/2024\/04\/20240403_095025-e1712234917788-300x167.jpg 300w, https:\/\/agora.xtec.cat\/ins-intermunicipal\/wp-content\/uploads\/usu2220\/2024\/04\/20240403_095025-e1712234917788-1024x570.jpg 1024w, https:\/\/agora.xtec.cat\/ins-intermunicipal\/wp-content\/uploads\/usu2220\/2024\/04\/20240403_095025-e1712234917788-768x428.jpg 768w, https:\/\/agora.xtec.cat\/ins-intermunicipal\/wp-content\/uploads\/usu2220\/2024\/04\/20240403_095025-e1712234917788-1536x855.jpg 1536w, https:\/\/agora.xtec.cat\/ins-intermunicipal\/wp-content\/uploads\/usu2220\/2024\/04\/20240403_095025-e1712234917788-2048x1140.jpg 2048w\" sizes=\"auto, (max-width: 537px) 100vw, 537px\" \/><\/a><a href=\"https:\/\/agora.xtec.cat\/ins-intermunicipal\/wp-content\/uploads\/usu2220\/2024\/04\/20240403_100940-rotated-e1712234874155.jpg\"><img loading=\"lazy\" decoding=\"async\" class=\"wp-image-2504 size-medium alignnone\" src=\"https:\/\/agora.xtec.cat\/ins-intermunicipal\/wp-content\/uploads\/usu2220\/2024\/04\/20240403_100940-rotated-e1712234874155-239x300.jpg\" alt=\"\" width=\"239\" height=\"300\" srcset=\"https:\/\/agora.xtec.cat\/ins-intermunicipal\/wp-content\/uploads\/usu2220\/2024\/04\/20240403_100940-rotated-e1712234874155-239x300.jpg 239w, https:\/\/agora.xtec.cat\/ins-intermunicipal\/wp-content\/uploads\/usu2220\/2024\/04\/20240403_100940-rotated-e1712234874155-816x1024.jpg 816w, https:\/\/agora.xtec.cat\/ins-intermunicipal\/wp-content\/uploads\/usu2220\/2024\/04\/20240403_100940-rotated-e1712234874155-768x964.jpg 768w, https:\/\/agora.xtec.cat\/ins-intermunicipal\/wp-content\/uploads\/usu2220\/2024\/04\/20240403_100940-rotated-e1712234874155.jpg 1152w\" sizes=\"auto, (max-width: 239px) 100vw, 239px\" \/><\/a><a href=\"https:\/\/agora.xtec.cat\/ins-intermunicipal\/wp-content\/uploads\/usu2220\/2024\/04\/20240403_095043-rotated-e1712234894558.jpg\"><img loading=\"lazy\" decoding=\"async\" class=\"wp-image-2503 size-medium alignnone\" src=\"https:\/\/agora.xtec.cat\/ins-intermunicipal\/wp-content\/uploads\/usu2220\/2024\/04\/20240403_095043-rotated-e1712234894558-153x300.jpg\" alt=\"\" width=\"153\" height=\"300\" srcset=\"https:\/\/agora.xtec.cat\/ins-intermunicipal\/wp-content\/uploads\/usu2220\/2024\/04\/20240403_095043-rotated-e1712234894558-153x300.jpg 153w, https:\/\/agora.xtec.cat\/ins-intermunicipal\/wp-content\/uploads\/usu2220\/2024\/04\/20240403_095043-rotated-e1712234894558-524x1024.jpg 524w, https:\/\/agora.xtec.cat\/ins-intermunicipal\/wp-content\/uploads\/usu2220\/2024\/04\/20240403_095043-rotated-e1712234894558-768x1501.jpg 768w, https:\/\/agora.xtec.cat\/ins-intermunicipal\/wp-content\/uploads\/usu2220\/2024\/04\/20240403_095043-rotated-e1712234894558-786x1536.jpg 786w, https:\/\/agora.xtec.cat\/ins-intermunicipal\/wp-content\/uploads\/usu2220\/2024\/04\/20240403_095043-rotated-e1712234894558-1048x2048.jpg 1048w, https:\/\/agora.xtec.cat\/ins-intermunicipal\/wp-content\/uploads\/usu2220\/2024\/04\/20240403_095043-rotated-e1712234894558.jpg 1152w\" sizes=\"auto, (max-width: 153px) 100vw, 153px\" \/><\/a><\/p>\n","protected":false},"excerpt":{"rendered":"<p>Gr\u00e0cies a la <a href=\"https:\/\/bibliosantsadurni.blogspot.com\/\" target=\"_blank\" rel=\"noopener\">Biblioteca Ramon Bosch de Noya<\/a>, els alumnes d&#8217;aquest curs del nostre institut tenen l&#8217;oportunitat de participar durant aquest mes d\u2019abril en tota una colla d\u2019activitats relacionades amb l\u2019\u00e0mbit de la lectura i la literatura. Quan acabin les activitats, haur\u00e0&hellip;  <a href=\"https:\/\/agora.xtec.cat\/ins-intermunicipal\/general\/activitats-de-4t-deso-a-la-biblioteca-de-sant-sadurni\/\" title=\"Read Activitats de 4t d&#8217;ESO a la Biblioteca de Sant Sadurn\u00ed\">Llegeix m\u00e9s\u00bb<\/a><\/p>\n","protected":false},"author":7,"featured_media":2506,"comment_status":"closed","ping_status":"closed","sticky":false,"template":"","format":"standard","meta":{"_bbp_topic_count":0,"_bbp_reply_count":0,"_bbp_total_topic_count":0,"_bbp_total_reply_count":0,"_bbp_voice_count":0,"_bbp_anonymous_reply_count":0,"_bbp_topic_count_hidden":0,"_bbp_reply_count_hidden":0,"_bbp_forum_subforum_count":0,"footnotes":""},"categories":[7,3,1,29],"tags":[425,430,426,428,270,427,429],"class_list":["post-2498","post","type-post","status-publish","format-standard","has-post-thumbnail","hentry","category-4eso","category-eso","category-general","category-portada","tag-4t-eso","tag-album-illustrat","tag-biblioteca-ramon-bosch-de-noya","tag-comic-i-literatura-de-ficcio","tag-lectura","tag-literatura","tag-poesia"],"post_mailing_queue_ids":[],"_links":{"self":[{"href":"https:\/\/agora.xtec.cat\/ins-intermunicipal\/wp-json\/wp\/v2\/posts\/2498","targetHints":{"allow":["GET"]}}],"collection":[{"href":"https:\/\/agora.xtec.cat\/ins-intermunicipal\/wp-json\/wp\/v2\/posts"}],"about":[{"href":"https:\/\/agora.xtec.cat\/ins-intermunicipal\/wp-json\/wp\/v2\/types\/post"}],"author":[{"embeddable":true,"href":"https:\/\/agora.xtec.cat\/ins-intermunicipal\/wp-json\/wp\/v2\/users\/7"}],"replies":[{"embeddable":true,"href":"https:\/\/agora.xtec.cat\/ins-intermunicipal\/wp-json\/wp\/v2\/comments?post=2498"}],"version-history":[{"count":6,"href":"https:\/\/agora.xtec.cat\/ins-intermunicipal\/wp-json\/wp\/v2\/posts\/2498\/revisions"}],"predecessor-version":[{"id":2515,"href":"https:\/\/agora.xtec.cat\/ins-intermunicipal\/wp-json\/wp\/v2\/posts\/2498\/revisions\/2515"}],"wp:featuredmedia":[{"embeddable":true,"href":"https:\/\/agora.xtec.cat\/ins-intermunicipal\/wp-json\/wp\/v2\/media\/2506"}],"wp:attachment":[{"href":"https:\/\/agora.xtec.cat\/ins-intermunicipal\/wp-json\/wp\/v2\/media?parent=2498"}],"wp:term":[{"taxonomy":"category","embeddable":true,"href":"https:\/\/agora.xtec.cat\/ins-intermunicipal\/wp-json\/wp\/v2\/categories?post=2498"},{"taxonomy":"post_tag","embeddable":true,"href":"https:\/\/agora.xtec.cat\/ins-intermunicipal\/wp-json\/wp\/v2\/tags?post=2498"}],"curies":[{"name":"wp","href":"https:\/\/api.w.org\/{rel}","templated":true}]}}