{"id":2487,"date":"2024-04-18T08:00:03","date_gmt":"2024-04-18T06:00:03","guid":{"rendered":"https:\/\/agora.xtec.cat\/ins-intermunicipal\/?p=2487"},"modified":"2024-04-23T17:05:10","modified_gmt":"2024-04-23T15:05:10","slug":"18-dabril-jornada-de-portes-obertes-de-batxillerat","status":"publish","type":"post","link":"https:\/\/agora.xtec.cat\/ins-intermunicipal\/general\/18-dabril-jornada-de-portes-obertes-de-batxillerat\/","title":{"rendered":"18 d&#8217;abril, Jornada de Portes Obertes de Batxillerat"},"content":{"rendered":"<p style=\"text-align: justify;\"><a href=\"https:\/\/agora.xtec.cat\/ins-intermunicipal\/wp-content\/uploads\/usu2220\/2024\/04\/Cartell-PPOO-BAT-1.png\"><img loading=\"lazy\" decoding=\"async\" class=\"alignleft wp-image-2493 \" src=\"https:\/\/agora.xtec.cat\/ins-intermunicipal\/wp-content\/uploads\/usu2220\/2024\/04\/Cartell-PPOO-BAT-1-212x300.png\" alt=\"\" width=\"287\" height=\"406\" srcset=\"https:\/\/agora.xtec.cat\/ins-intermunicipal\/wp-content\/uploads\/usu2220\/2024\/04\/Cartell-PPOO-BAT-1-212x300.png 212w, https:\/\/agora.xtec.cat\/ins-intermunicipal\/wp-content\/uploads\/usu2220\/2024\/04\/Cartell-PPOO-BAT-1-724x1024.png 724w, https:\/\/agora.xtec.cat\/ins-intermunicipal\/wp-content\/uploads\/usu2220\/2024\/04\/Cartell-PPOO-BAT-1-768x1086.png 768w, https:\/\/agora.xtec.cat\/ins-intermunicipal\/wp-content\/uploads\/usu2220\/2024\/04\/Cartell-PPOO-BAT-1.png 900w\" sizes=\"auto, (max-width: 287px) 100vw, 287px\" \/><\/a>Avui, dijous 18 d&#8217;abril, es far\u00e0 la <strong>Jornada de Portes Obertes de Batxillerat\u00a0<\/strong>a l&#8217;Institut Intermunicipal del Pened\u00e8s. A les 18:00h es far\u00e0 a la sala d&#8217;actes la rebuda i la presentaci\u00f3 del centre i despr\u00e9s, a les 19:15h, es far\u00e0 una visita guiada per les instal\u00b7lacions de l&#8217;institut.<\/p>\n<p style=\"text-align: justify;\">Al cartell adjunt hi trobareu la informaci\u00f3 necess\u00e0ria i els horaris. La jornada \u00e9s oberta per a tothom que vulgui con\u00e8ixer el funcionament del Batxillerat al nostre institut, per\u00f2 per tal de poder organitzar millor la vostra visita us demanem que cliqueu<strong><a href=\"https:\/\/docs.google.com\/forms\/d\/e\/1FAIpQLSfCg4tSxyRB6zE3CXt7A_ZQUL7eJXlz7OoLKhDQo-cuMFR4-g\/viewform\" target=\"_blank\" rel=\"noopener\"> aquest enlla\u00e7<\/a><\/strong> o obriu el codi QR del cartell i ompliu el formulari que se us desplegar\u00e0. Us esperem a l&#8217;\u00cdnter!<\/p>\n","protected":false},"excerpt":{"rendered":"<p><a href=\"https:\/\/agora.xtec.cat\/ins-intermunicipal\/wp-content\/uploads\/usu2220\/2024\/04\/Cartell-PPOO-BAT-1.png\"><\/a>Avui, dijous 18 d&#8217;abril, es far\u00e0 la Jornada de Portes Obertes de Batxillerat\u00a0a l&#8217;Institut Intermunicipal del Pened\u00e8s. A les 18:00h es far\u00e0 a la sala d&#8217;actes la rebuda i la presentaci\u00f3 del centre i despr\u00e9s, a les 19:15h, es far\u00e0 una visita guiada per&hellip;  <a href=\"https:\/\/agora.xtec.cat\/ins-intermunicipal\/general\/18-dabril-jornada-de-portes-obertes-de-batxillerat\/\" title=\"Read 18 d&#8217;abril, Jornada de Portes Obertes de Batxillerat\">Llegeix m\u00e9s\u00bb<\/a><\/p>\n","protected":false},"author":7,"featured_media":2496,"comment_status":"closed","ping_status":"closed","sticky":false,"template":"","format":"standard","meta":{"_bbp_topic_count":0,"_bbp_reply_count":0,"_bbp_total_topic_count":0,"_bbp_total_reply_count":0,"_bbp_voice_count":0,"_bbp_anonymous_reply_count":0,"_bbp_topic_count_hidden":0,"_bbp_reply_count_hidden":0,"_bbp_forum_subforum_count":0,"footnotes":""},"categories":[8,1,29],"tags":[170,169],"class_list":["post-2487","post","type-post","status-publish","format-standard","has-post-thumbnail","hentry","category-bat","category-general","category-portada","tag-batxillerat","tag-portes-obertes"],"post_mailing_queue_ids":[],"_links":{"self":[{"href":"https:\/\/agora.xtec.cat\/ins-intermunicipal\/wp-json\/wp\/v2\/posts\/2487","targetHints":{"allow":["GET"]}}],"collection":[{"href":"https:\/\/agora.xtec.cat\/ins-intermunicipal\/wp-json\/wp\/v2\/posts"}],"about":[{"href":"https:\/\/agora.xtec.cat\/ins-intermunicipal\/wp-json\/wp\/v2\/types\/post"}],"author":[{"embeddable":true,"href":"https:\/\/agora.xtec.cat\/ins-intermunicipal\/wp-json\/wp\/v2\/users\/7"}],"replies":[{"embeddable":true,"href":"https:\/\/agora.xtec.cat\/ins-intermunicipal\/wp-json\/wp\/v2\/comments?post=2487"}],"version-history":[{"count":5,"href":"https:\/\/agora.xtec.cat\/ins-intermunicipal\/wp-json\/wp\/v2\/posts\/2487\/revisions"}],"predecessor-version":[{"id":2613,"href":"https:\/\/agora.xtec.cat\/ins-intermunicipal\/wp-json\/wp\/v2\/posts\/2487\/revisions\/2613"}],"wp:featuredmedia":[{"embeddable":true,"href":"https:\/\/agora.xtec.cat\/ins-intermunicipal\/wp-json\/wp\/v2\/media\/2496"}],"wp:attachment":[{"href":"https:\/\/agora.xtec.cat\/ins-intermunicipal\/wp-json\/wp\/v2\/media?parent=2487"}],"wp:term":[{"taxonomy":"category","embeddable":true,"href":"https:\/\/agora.xtec.cat\/ins-intermunicipal\/wp-json\/wp\/v2\/categories?post=2487"},{"taxonomy":"post_tag","embeddable":true,"href":"https:\/\/agora.xtec.cat\/ins-intermunicipal\/wp-json\/wp\/v2\/tags?post=2487"}],"curies":[{"name":"wp","href":"https:\/\/api.w.org\/{rel}","templated":true}]}}