{"id":2382,"date":"2024-03-14T17:29:24","date_gmt":"2024-03-14T16:29:24","guid":{"rendered":"https:\/\/agora.xtec.cat\/ins-intermunicipal\/?p=2382"},"modified":"2024-03-14T17:29:24","modified_gmt":"2024-03-14T16:29:24","slug":"xerrades-dorientacio-a-linter","status":"publish","type":"post","link":"https:\/\/agora.xtec.cat\/ins-intermunicipal\/general\/xerrades-dorientacio-a-linter\/","title":{"rendered":"Xerrades d&#8217;orientaci\u00f3 a l&#8217;\u00cdnter"},"content":{"rendered":"<p style=\"text-align: justify;\"><a href=\"https:\/\/agora.xtec.cat\/ins-intermunicipal\/wp-content\/uploads\/usu2220\/2024\/03\/IMG20240313132332.jpg\"><img loading=\"lazy\" decoding=\"async\" class=\"alignright wp-image-2390 \" src=\"https:\/\/agora.xtec.cat\/ins-intermunicipal\/wp-content\/uploads\/usu2220\/2024\/03\/IMG20240313132332-300x169.jpg\" alt=\"\" width=\"530\" height=\"298\" srcset=\"https:\/\/agora.xtec.cat\/ins-intermunicipal\/wp-content\/uploads\/usu2220\/2024\/03\/IMG20240313132332-300x169.jpg 300w, https:\/\/agora.xtec.cat\/ins-intermunicipal\/wp-content\/uploads\/usu2220\/2024\/03\/IMG20240313132332-768x432.jpg 768w, https:\/\/agora.xtec.cat\/ins-intermunicipal\/wp-content\/uploads\/usu2220\/2024\/03\/IMG20240313132332.jpg 900w\" sizes=\"auto, (max-width: 530px) 100vw, 530px\" \/><\/a>Com ja us <a href=\"https:\/\/agora.xtec.cat\/ins-intermunicipal\/general\/actes-de-la-setmana-de-lorientacio-a-linter\/\" target=\"_blank\" rel=\"noopener\">hav\u00edem anunciat<\/a>, aquesta setmana s&#8217;estan fent diverses xerrades al nostre institut per orientar tant els alumnes com les seves fam\u00edlies pel que fa a les opcions de despr\u00e9s de l&#8217;ESO. Concretament se&#8217;ls ha parlat tant del Batxillerat com dels estudis d&#8217;FP i m\u00e9s concretament de l&#8217;opcionalitat a l&#8217;hora de cursar aquests estudis al nostre centre.<\/p>\n<p style=\"text-align: justify;\">A totes dues xerrades, tant la dirigida a les fam\u00edlies com als alumnes, hi va haver molta assist\u00e8ncia i vam poder resoldre molts dubtes. De totes maneres, per poder-hi pensar amb m\u00e9s calma, us adjuntem la presentaci\u00f3 <a href=\"https:\/\/drive.google.com\/file\/d\/1blUJfHrewwO8DHOdWgw-9my0TDlUDjU2\/view\" target=\"_blank\" rel=\"noopener\">Les Opcions de l&#8217;Etapa Postobligat\u00f2ria <\/a>que vam projectar durant els actes de dimarts i dimecres.<\/p>\n<p data-wp-editing=\"1\"><a href=\"https:\/\/agora.xtec.cat\/ins-intermunicipal\/wp-content\/uploads\/usu2220\/2024\/03\/IMG20240313132400.jpg\">\u00a0 \u00a0 \u00a0 <img loading=\"lazy\" decoding=\"async\" class=\"alignnone wp-image-2391\" src=\"https:\/\/agora.xtec.cat\/ins-intermunicipal\/wp-content\/uploads\/usu2220\/2024\/03\/IMG20240313132400-300x169.jpg\" alt=\"\" width=\"400\" height=\"225\" srcset=\"https:\/\/agora.xtec.cat\/ins-intermunicipal\/wp-content\/uploads\/usu2220\/2024\/03\/IMG20240313132400-300x169.jpg 300w, https:\/\/agora.xtec.cat\/ins-intermunicipal\/wp-content\/uploads\/usu2220\/2024\/03\/IMG20240313132400-768x432.jpg 768w, https:\/\/agora.xtec.cat\/ins-intermunicipal\/wp-content\/uploads\/usu2220\/2024\/03\/IMG20240313132400.jpg 900w\" sizes=\"auto, (max-width: 400px) 100vw, 400px\" \/><\/a><a href=\"https:\/\/agora.xtec.cat\/ins-intermunicipal\/wp-content\/uploads\/usu2220\/2024\/03\/IMG20240313143305.jpg\"><img loading=\"lazy\" decoding=\"async\" class=\"alignnone wp-image-2385\" src=\"https:\/\/agora.xtec.cat\/ins-intermunicipal\/wp-content\/uploads\/usu2220\/2024\/03\/IMG20240313143305-300x169.jpg\" alt=\"\" width=\"400\" height=\"225\" srcset=\"https:\/\/agora.xtec.cat\/ins-intermunicipal\/wp-content\/uploads\/usu2220\/2024\/03\/IMG20240313143305-300x169.jpg 300w, https:\/\/agora.xtec.cat\/ins-intermunicipal\/wp-content\/uploads\/usu2220\/2024\/03\/IMG20240313143305-768x432.jpg 768w, https:\/\/agora.xtec.cat\/ins-intermunicipal\/wp-content\/uploads\/usu2220\/2024\/03\/IMG20240313143305.jpg 900w\" sizes=\"auto, (max-width: 400px) 100vw, 400px\" \/><\/a><a href=\"https:\/\/agora.xtec.cat\/ins-intermunicipal\/wp-content\/uploads\/usu2220\/2024\/03\/IMG20240312183531.jpg\">\u00a0 \u00a0 \u00a0\u00a0<\/a><\/p>\n<p data-wp-editing=\"1\"><a href=\"https:\/\/agora.xtec.cat\/ins-intermunicipal\/wp-content\/uploads\/usu2220\/2024\/03\/IMG20240312183531.jpg\">\u00a0 \u00a0 \u00a0 <img loading=\"lazy\" decoding=\"async\" class=\"alignnone wp-image-2389\" src=\"https:\/\/agora.xtec.cat\/ins-intermunicipal\/wp-content\/uploads\/usu2220\/2024\/03\/IMG20240312183531-300x169.jpg\" alt=\"\" width=\"400\" height=\"225\" srcset=\"https:\/\/agora.xtec.cat\/ins-intermunicipal\/wp-content\/uploads\/usu2220\/2024\/03\/IMG20240312183531-300x169.jpg 300w, https:\/\/agora.xtec.cat\/ins-intermunicipal\/wp-content\/uploads\/usu2220\/2024\/03\/IMG20240312183531-768x432.jpg 768w, https:\/\/agora.xtec.cat\/ins-intermunicipal\/wp-content\/uploads\/usu2220\/2024\/03\/IMG20240312183531.jpg 900w\" sizes=\"auto, (max-width: 400px) 100vw, 400px\" \/><\/a><a href=\"https:\/\/agora.xtec.cat\/ins-intermunicipal\/wp-content\/uploads\/usu2220\/2024\/03\/IMG20240312183455-2.jpg\"><img loading=\"lazy\" decoding=\"async\" class=\"alignnone wp-image-2388\" src=\"https:\/\/agora.xtec.cat\/ins-intermunicipal\/wp-content\/uploads\/usu2220\/2024\/03\/IMG20240312183455-2-300x169.jpg\" alt=\"\" width=\"400\" height=\"225\" srcset=\"https:\/\/agora.xtec.cat\/ins-intermunicipal\/wp-content\/uploads\/usu2220\/2024\/03\/IMG20240312183455-2-300x169.jpg 300w, https:\/\/agora.xtec.cat\/ins-intermunicipal\/wp-content\/uploads\/usu2220\/2024\/03\/IMG20240312183455-2-768x432.jpg 768w, https:\/\/agora.xtec.cat\/ins-intermunicipal\/wp-content\/uploads\/usu2220\/2024\/03\/IMG20240312183455-2.jpg 900w\" sizes=\"auto, (max-width: 400px) 100vw, 400px\" \/>\u00a0\u00a0\u00a0\u00a0<\/a><\/p>\n","protected":false},"excerpt":{"rendered":"<p><a href=\"https:\/\/agora.xtec.cat\/ins-intermunicipal\/wp-content\/uploads\/usu2220\/2024\/03\/IMG20240313132332.jpg\"><\/a>Com ja us <a href=\"https:\/\/agora.xtec.cat\/ins-intermunicipal\/general\/actes-de-la-setmana-de-lorientacio-a-linter\/\" target=\"_blank\" rel=\"noopener\">hav\u00edem anunciat<\/a>, aquesta setmana s&#8217;estan fent diverses xerrades al nostre institut per orientar tant els alumnes com les seves fam\u00edlies pel que fa a les opcions de despr\u00e9s de l&#8217;ESO. Concretament se&#8217;ls ha parlat tant del Batxillerat com&hellip;  <a href=\"https:\/\/agora.xtec.cat\/ins-intermunicipal\/general\/xerrades-dorientacio-a-linter\/\" title=\"Read Xerrades d&#8217;orientaci\u00f3 a l&#8217;\u00cdnter\">Llegeix m\u00e9s\u00bb<\/a><\/p>\n","protected":false},"author":7,"featured_media":2390,"comment_status":"closed","ping_status":"closed","sticky":false,"template":"","format":"standard","meta":{"_bbp_topic_count":0,"_bbp_reply_count":0,"_bbp_total_topic_count":0,"_bbp_total_reply_count":0,"_bbp_voice_count":0,"_bbp_anonymous_reply_count":0,"_bbp_topic_count_hidden":0,"_bbp_reply_count_hidden":0,"_bbp_forum_subforum_count":0,"footnotes":""},"categories":[8,30,1,29],"tags":[167,170,415,183,414,339],"class_list":["post-2382","post","type-post","status-publish","format-standard","has-post-thumbnail","hentry","category-bat","category-formacio-professional","category-general","category-portada","tag-alumnes","tag-batxillerat","tag-families","tag-fp","tag-les-opcions-de-letapa-postobligatoria","tag-orientacio"],"post_mailing_queue_ids":[],"_links":{"self":[{"href":"https:\/\/agora.xtec.cat\/ins-intermunicipal\/wp-json\/wp\/v2\/posts\/2382","targetHints":{"allow":["GET"]}}],"collection":[{"href":"https:\/\/agora.xtec.cat\/ins-intermunicipal\/wp-json\/wp\/v2\/posts"}],"about":[{"href":"https:\/\/agora.xtec.cat\/ins-intermunicipal\/wp-json\/wp\/v2\/types\/post"}],"author":[{"embeddable":true,"href":"https:\/\/agora.xtec.cat\/ins-intermunicipal\/wp-json\/wp\/v2\/users\/7"}],"replies":[{"embeddable":true,"href":"https:\/\/agora.xtec.cat\/ins-intermunicipal\/wp-json\/wp\/v2\/comments?post=2382"}],"version-history":[{"count":6,"href":"https:\/\/agora.xtec.cat\/ins-intermunicipal\/wp-json\/wp\/v2\/posts\/2382\/revisions"}],"predecessor-version":[{"id":2401,"href":"https:\/\/agora.xtec.cat\/ins-intermunicipal\/wp-json\/wp\/v2\/posts\/2382\/revisions\/2401"}],"wp:featuredmedia":[{"embeddable":true,"href":"https:\/\/agora.xtec.cat\/ins-intermunicipal\/wp-json\/wp\/v2\/media\/2390"}],"wp:attachment":[{"href":"https:\/\/agora.xtec.cat\/ins-intermunicipal\/wp-json\/wp\/v2\/media?parent=2382"}],"wp:term":[{"taxonomy":"category","embeddable":true,"href":"https:\/\/agora.xtec.cat\/ins-intermunicipal\/wp-json\/wp\/v2\/categories?post=2382"},{"taxonomy":"post_tag","embeddable":true,"href":"https:\/\/agora.xtec.cat\/ins-intermunicipal\/wp-json\/wp\/v2\/tags?post=2382"}],"curies":[{"name":"wp","href":"https:\/\/api.w.org\/{rel}","templated":true}]}}