{"id":2378,"date":"2024-03-13T12:06:08","date_gmt":"2024-03-13T11:06:08","guid":{"rendered":"https:\/\/agora.xtec.cat\/ins-intermunicipal\/?p=2378"},"modified":"2024-03-13T12:06:08","modified_gmt":"2024-03-13T11:06:08","slug":"cerquen-una-tecnica-datencio-a-la-dependencia-per-lalt-penedes","status":"publish","type":"post","link":"https:\/\/agora.xtec.cat\/ins-intermunicipal\/formacio-professional\/feina-fp\/cerquen-una-tecnica-datencio-a-la-dependencia-per-lalt-penedes\/","title":{"rendered":"Cerquen una t\u00e8cnica d&#8217;atenci\u00f3 a la depend\u00e8ncia per l&#8217;Alt Pened\u00e8s"},"content":{"rendered":"<p>L&#8217;empresa <a href=\"https:\/\/www.amiguesatenciodomicili.es\/sobre-nosotros\/\">Amigues, Servei d&#8217;Atenci\u00f3 al Domicili, SAD<\/a>, cerca personal per formar part el seu equip a l&#8217;Alt Pened\u00e8s. Estan cercant persones amb titulaci\u00f3 del CFGM d&#8217;Atenci\u00f3 a la Depend\u00e8ncia, que impartim a l&#8217;Inter, o b\u00e9 personal de neteja. L&#8217;empresa demana que les persones que s&#8217;inscriguin disposin de vehicle.<\/p>\n<p>Per a m\u00e9s informaci\u00f3 poden contactar al 684414712, al 684419745 o enviar el CV al correu atenciodomicilimans<span class=\"\">@gmail.com<\/span><\/p>\n","protected":false},"excerpt":{"rendered":"<p>L&#8217;empresa <a href=\"https:\/\/www.amiguesatenciodomicili.es\/sobre-nosotros\/\">Amigues, Servei d&#8217;Atenci\u00f3 al Domicili, SAD<\/a>, cerca personal per formar part el seu equip a l&#8217;Alt Pened\u00e8s. Estan cercant persones amb titulaci\u00f3 del CFGM d&#8217;Atenci\u00f3 a la Depend\u00e8ncia, que impartim a l&#8217;Inter, o b\u00e9 personal de neteja. L&#8217;empresa demana que les persones que&hellip;  <a href=\"https:\/\/agora.xtec.cat\/ins-intermunicipal\/formacio-professional\/feina-fp\/cerquen-una-tecnica-datencio-a-la-dependencia-per-lalt-penedes\/\" title=\"Read Cerquen una t\u00e8cnica d&#8217;atenci\u00f3 a la depend\u00e8ncia per l&#8217;Alt Pened\u00e8s\">Llegeix m\u00e9s\u00bb<\/a><\/p>\n","protected":false},"author":8,"featured_media":0,"comment_status":"closed","ping_status":"closed","sticky":false,"template":"","format":"standard","meta":{"_bbp_topic_count":0,"_bbp_reply_count":0,"_bbp_total_topic_count":0,"_bbp_total_reply_count":0,"_bbp_voice_count":0,"_bbp_anonymous_reply_count":0,"_bbp_topic_count_hidden":0,"_bbp_reply_count_hidden":0,"_bbp_forum_subforum_count":0,"footnotes":""},"categories":[189],"tags":[],"class_list":["post-2378","post","type-post","status-publish","format-standard","hentry","category-feina-fp"],"post_mailing_queue_ids":[],"_links":{"self":[{"href":"https:\/\/agora.xtec.cat\/ins-intermunicipal\/wp-json\/wp\/v2\/posts\/2378","targetHints":{"allow":["GET"]}}],"collection":[{"href":"https:\/\/agora.xtec.cat\/ins-intermunicipal\/wp-json\/wp\/v2\/posts"}],"about":[{"href":"https:\/\/agora.xtec.cat\/ins-intermunicipal\/wp-json\/wp\/v2\/types\/post"}],"author":[{"embeddable":true,"href":"https:\/\/agora.xtec.cat\/ins-intermunicipal\/wp-json\/wp\/v2\/users\/8"}],"replies":[{"embeddable":true,"href":"https:\/\/agora.xtec.cat\/ins-intermunicipal\/wp-json\/wp\/v2\/comments?post=2378"}],"version-history":[{"count":1,"href":"https:\/\/agora.xtec.cat\/ins-intermunicipal\/wp-json\/wp\/v2\/posts\/2378\/revisions"}],"predecessor-version":[{"id":2379,"href":"https:\/\/agora.xtec.cat\/ins-intermunicipal\/wp-json\/wp\/v2\/posts\/2378\/revisions\/2379"}],"wp:attachment":[{"href":"https:\/\/agora.xtec.cat\/ins-intermunicipal\/wp-json\/wp\/v2\/media?parent=2378"}],"wp:term":[{"taxonomy":"category","embeddable":true,"href":"https:\/\/agora.xtec.cat\/ins-intermunicipal\/wp-json\/wp\/v2\/categories?post=2378"},{"taxonomy":"post_tag","embeddable":true,"href":"https:\/\/agora.xtec.cat\/ins-intermunicipal\/wp-json\/wp\/v2\/tags?post=2378"}],"curies":[{"name":"wp","href":"https:\/\/api.w.org\/{rel}","templated":true}]}}