{"id":2353,"date":"2024-03-12T13:48:10","date_gmt":"2024-03-12T12:48:10","guid":{"rendered":"https:\/\/agora.xtec.cat\/ins-intermunicipal\/?p=2353"},"modified":"2024-03-12T13:58:10","modified_gmt":"2024-03-12T12:58:10","slug":"actes-de-la-setmana-de-lorientacio-a-linter","status":"publish","type":"post","link":"https:\/\/agora.xtec.cat\/ins-intermunicipal\/general\/actes-de-la-setmana-de-lorientacio-a-linter\/","title":{"rendered":"Actes de La Setmana de l&#8217;Orientaci\u00f3 a l&#8217;\u00cdnter"},"content":{"rendered":"<p style=\"text-align: justify;\"><span style=\"font-family: Arial, sans-serif;\"><a style=\"font-family: Arial, sans-serif; text-align: justify;\" href=\"https:\/\/agora.xtec.cat\/ins-intermunicipal\/wp-content\/uploads\/usu2220\/2024\/03\/Logo-Setmana-Orientacio-Negre.png\"><img loading=\"lazy\" decoding=\"async\" class=\"wp-image-2202  alignright\" src=\"https:\/\/agora.xtec.cat\/ins-intermunicipal\/wp-content\/uploads\/usu2220\/2024\/03\/Logo-Setmana-Orientacio-Negre-300x300.png\" alt=\"\" width=\"383\" height=\"383\" srcset=\"https:\/\/agora.xtec.cat\/ins-intermunicipal\/wp-content\/uploads\/usu2220\/2024\/03\/Logo-Setmana-Orientacio-Negre-300x300.png 300w, https:\/\/agora.xtec.cat\/ins-intermunicipal\/wp-content\/uploads\/usu2220\/2024\/03\/Logo-Setmana-Orientacio-Negre-150x150.png 150w, https:\/\/agora.xtec.cat\/ins-intermunicipal\/wp-content\/uploads\/usu2220\/2024\/03\/Logo-Setmana-Orientacio-Negre.png 500w\" sizes=\"auto, (max-width: 383px) 100vw, 383px\" \/><\/a>Amb la intenci\u00f3 de potenciar l\u2019orientaci\u00f3 respecte dels ensenyaments postobligatoris al nostre institut i per donar visibilitat als estudis de Batxillerat i de Formaci\u00f3 Professional, especialment els del CFGM de Farm\u00e0cia i Parafarm\u00e0cia i el del CFGS d\u2019Integraci\u00f3 Social que ens han estat atorgats aquest curs, aquesta setmana portem a terme una s\u00e8rie d\u2019activitats dins de <a href=\"https:\/\/agora.xtec.cat\/ins-intermunicipal\/general\/la-setmana-de-lorientacio-a-linter\/\" target=\"_blank\" rel=\"noopener\">La Setmana de l&#8217;Orientaci\u00f3 a l&#8217;\u00cdnter.<\/a>\u00a0<\/span><\/p>\n<p style=\"text-align: justify;\"><span style=\"font-family: Arial, sans-serif;\">Aquestes activitats que ompliran el centre tant d\u2019alumnes, com de fam\u00edlies i docents, s\u00f3n les seg\u00fcents: <\/span><\/p>\n<ul>\n<li style=\"text-align: justify;\"><span style=\"font-family: Arial, sans-serif;\"><b>Visites guiades <\/b>de l\u2019alumnat de 6\u00e8 de prim\u00e0ria de les escoles adscrites al nostre institut.<\/span><\/li>\n<li>\n<p style=\"text-align: justify;\"><span style=\"font-family: Arial, sans-serif;\"><strong>Dimarts 12 a les 18:30h<\/strong>: <a href=\"https:\/\/agora.xtec.cat\/ins-intermunicipal\/wp-content\/uploads\/usu2220\/2024\/03\/GHAzQ_kXIAAd6GI.jpeg\" target=\"_blank\" rel=\"noopener\">Xerrada sobre les opcions de l&#8217;etapa postobligat\u00f2ria<\/a><b><\/b>a c\u00e0rrec de Sergi Badenes, director del centre, i de Montse Enajas, Pep Bertran i N\u00faria P\u00e9rez, caps d\u2019estudis d\u2019ESO i Batxillerat i d\u2019FP. S\u2019exposaran les diferents opcio<\/span><span style=\"font-family: Arial, sans-serif; font-size: 1em;\">ns que hi ha despr\u00e9s de l\u2019ESO an l\u2019actual sistema educatiu i s\u2019explicar\u00e0, tamb\u00e9, com s\u2019organitzen el Batxillerat i l\u2019FP al nostre centre. Us podeu inscriure <\/span><a style=\"font-family: Arial, sans-serif; font-size: 1em;\" href=\"https:\/\/docs.google.com\/forms\/d\/e\/1FAIpQLSckpB6PpfCJRBf2vihkoS5rY6LlZypvfUn8aQE954BcNnE0eA\/viewform?pli=1\" target=\"_blank\" rel=\"noopener\">aqu\u00ed<\/a><span style=\"font-family: Arial, sans-serif; font-size: 1em;\">.<\/span><\/p>\n<\/li>\n<li style=\"text-align: justify;\"><span style=\"font-family: Arial, sans-serif;\">.<strong>Dimecres 13 a les 13:00h<\/strong>: <span style=\"color: #008000;\">Xerrada amb l\u2019alumnat de 4t d\u2019ESO<\/span> a c\u00e0rrec de Pep Bertran i Montse Enajas, caps d\u2019estudis d\u2019FP i d\u2019ESO i Batxillerat respectivament. S\u2019explicar\u00e0 als alumnes com s\u2019organitzen els estudis d\u2019FP i de Batxillerat al nostre institut.<\/span><\/li>\n<li style=\"text-align: justify;\"><span style=\"font-family: Arial, sans-serif;\"><strong>Dimecres 13<\/strong> a les hores de tutoria s\u2019explicar\u00e0 als alumnes de 3r d\u2019ESO quines s\u00f3n les mat\u00e8ries optatives de 4t d\u2019ESO.<\/span><\/li>\n<li style=\"text-align: justify;\"><span style=\"font-family: Arial, sans-serif;\"><strong>Dijous 14 des de les 13:00h fins a les 15:00h<\/strong>: <b><a href=\"https:\/\/drive.google.com\/file\/d\/1ci6rDshHTvpR3dupkJkaNvd1doqdNp4V\/view\" target=\"_blank\" rel=\"noopener\">Sal\u00f3 de l\u2019Ensenyament de l\u2019\u00cdnter<\/a>, <\/b>moment i espai durant el qual els alumnes de 4t d\u2019ESO del nostre institut podran preguntar als seus companys de Batxillerat i d\u2019FP tots aquells dubtes que tinguin.<\/span><\/li>\n<li style=\"text-align: justify;\"><span style=\"font-family: Arial, sans-serif;\"><strong>Divendres 15 des de les 14:00h fins a les 16:00h<\/strong>: <b><a href=\"https:\/\/drive.google.com\/file\/d\/1ci6rDshHTvpR3dupkJkaNvd1doqdNp4V\/view\" target=\"_blank\" rel=\"noopener\">Sal\u00f3 de l\u2019Ensenyament de l\u2019\u00cdnter<\/a>. <\/b>Durant aquestes dues hores, els alumnes de 4t d\u2019ESO d\u2019altres centres de Sant sadurn\u00ed d\u2019Anoia (Escola Vedruna Sant Sadurn\u00ed o Institut Escola Jacint Verdaguer) podran expressar les seves inquietuds o formular les preguntes que tinguin als nostres alumnes de Batxillerat i d\u2019FP.<\/span><\/li>\n<li>\n<p style=\"text-align: justify;\"><span style=\"font-family: Arial, sans-serif;\"><strong>Divendres 15<\/strong>: Visita al<b><a href=\"https:\/\/www.ensenyament.com\/ca\/\" target=\"_blank\" rel=\"noopener\">Sal\u00f3 de l\u2019Ensenyament <\/a><\/b>de Barcelona dels nostres alumnes de 4t d\u2019ESO.<\/span><\/p>\n<\/li>\n<\/ul>\n","protected":false},"excerpt":{"rendered":"<p><a style=\"font-family: Arial, sans-serif; text-align: justify;\" href=\"https:\/\/agora.xtec.cat\/ins-intermunicipal\/wp-content\/uploads\/usu2220\/2024\/03\/Logo-Setmana-Orientacio-Negre.png\"><\/a>Amb la intenci\u00f3 de potenciar l\u2019orientaci\u00f3 respecte dels ensenyaments postobligatoris al nostre institut i per donar visibilitat als estudis de Batxillerat i de Formaci\u00f3 Professional, especialment els del CFGM de Farm\u00e0cia i Parafarm\u00e0cia i el del CFGS d\u2019Integraci\u00f3 Social&hellip;  <a href=\"https:\/\/agora.xtec.cat\/ins-intermunicipal\/general\/actes-de-la-setmana-de-lorientacio-a-linter\/\" title=\"Read Actes de La Setmana de l&#8217;Orientaci\u00f3 a l&#8217;\u00cdnter\">Llegeix m\u00e9s\u00bb<\/a><\/p>\n","protected":false},"author":7,"featured_media":2198,"comment_status":"closed","ping_status":"closed","sticky":false,"template":"","format":"standard","meta":{"_bbp_topic_count":0,"_bbp_reply_count":0,"_bbp_total_topic_count":0,"_bbp_total_reply_count":0,"_bbp_voice_count":0,"_bbp_anonymous_reply_count":0,"_bbp_topic_count_hidden":0,"_bbp_reply_count_hidden":0,"_bbp_forum_subforum_count":0,"footnotes":""},"categories":[7,8,3,30,1,29],"tags":[170,171,203,414,339,412,413,381],"class_list":["post-2353","post","type-post","status-publish","format-standard","has-post-thumbnail","hentry","category-4eso","category-bat","category-eso","category-formacio-professional","category-general","category-portada","tag-batxillerat","tag-cfgm","tag-cfgs","tag-les-opcions-de-letapa-postobligatoria","tag-orientacio","tag-salo-de-lensenyament","tag-salo-de-lensenyament-de-linter","tag-setmana-de-lorientacio"],"post_mailing_queue_ids":[],"_links":{"self":[{"href":"https:\/\/agora.xtec.cat\/ins-intermunicipal\/wp-json\/wp\/v2\/posts\/2353","targetHints":{"allow":["GET"]}}],"collection":[{"href":"https:\/\/agora.xtec.cat\/ins-intermunicipal\/wp-json\/wp\/v2\/posts"}],"about":[{"href":"https:\/\/agora.xtec.cat\/ins-intermunicipal\/wp-json\/wp\/v2\/types\/post"}],"author":[{"embeddable":true,"href":"https:\/\/agora.xtec.cat\/ins-intermunicipal\/wp-json\/wp\/v2\/users\/7"}],"replies":[{"embeddable":true,"href":"https:\/\/agora.xtec.cat\/ins-intermunicipal\/wp-json\/wp\/v2\/comments?post=2353"}],"version-history":[{"count":6,"href":"https:\/\/agora.xtec.cat\/ins-intermunicipal\/wp-json\/wp\/v2\/posts\/2353\/revisions"}],"predecessor-version":[{"id":2367,"href":"https:\/\/agora.xtec.cat\/ins-intermunicipal\/wp-json\/wp\/v2\/posts\/2353\/revisions\/2367"}],"wp:featuredmedia":[{"embeddable":true,"href":"https:\/\/agora.xtec.cat\/ins-intermunicipal\/wp-json\/wp\/v2\/media\/2198"}],"wp:attachment":[{"href":"https:\/\/agora.xtec.cat\/ins-intermunicipal\/wp-json\/wp\/v2\/media?parent=2353"}],"wp:term":[{"taxonomy":"category","embeddable":true,"href":"https:\/\/agora.xtec.cat\/ins-intermunicipal\/wp-json\/wp\/v2\/categories?post=2353"},{"taxonomy":"post_tag","embeddable":true,"href":"https:\/\/agora.xtec.cat\/ins-intermunicipal\/wp-json\/wp\/v2\/tags?post=2353"}],"curies":[{"name":"wp","href":"https:\/\/api.w.org\/{rel}","templated":true}]}}