{"id":2327,"date":"2024-03-10T09:38:40","date_gmt":"2024-03-10T08:38:40","guid":{"rendered":"https:\/\/agora.xtec.cat\/ins-intermunicipal\/?p=2327"},"modified":"2024-03-11T19:48:05","modified_gmt":"2024-03-11T18:48:05","slug":"ep-si-tens-el-7112-has-guanyat-la-panera","status":"publish","type":"post","link":"https:\/\/agora.xtec.cat\/ins-intermunicipal\/general\/ep-si-tens-el-7112-has-guanyat-la-panera\/","title":{"rendered":"Ep! Si tens el 7112, has guanyat la panera!"},"content":{"rendered":"<p style=\"text-align: justify;\"><a href=\"https:\/\/agora.xtec.cat\/ins-intermunicipal\/wp-content\/uploads\/usu2220\/2024\/03\/media-e1710182681346.jpeg\"><img loading=\"lazy\" decoding=\"async\" class=\"alignleft wp-image-2328 size-thumbnail\" src=\"https:\/\/agora.xtec.cat\/ins-intermunicipal\/wp-content\/uploads\/usu2220\/2024\/03\/media-150x150.jpeg\" alt=\"\" width=\"150\" height=\"150\" \/><\/a>Ep, el <strong>7112<\/strong>! Tens el <strong>7112<\/strong>? S\u00ed, el <strong>7112<\/strong>. Si \u00e9s que s\u00ed no ho dubtis m\u00e9s, vol dir que has guanyat la rifa de la panera de les Jornades Culturals 2024. Afanya\u2019t i recull-la a consergeria ensenyant el tiquet v\u00e0lid del n\u00famero guanyador. Entra <span style=\"color: #339966;\"><a style=\"color: #339966;\" href=\"https:\/\/sites.google.com\/intermunicipal.cat\/jornadesculturals2024\/panera\" target=\"_blank\" rel=\"noopener\"><strong>aqu\u00ed<\/strong><\/a><\/span> i veur\u00e0s tot el que t&#8217;emportes i com fer-ho per recollir-ho.<\/p>\n","protected":false},"excerpt":{"rendered":"<p><a href=\"https:\/\/agora.xtec.cat\/ins-intermunicipal\/wp-content\/uploads\/usu2220\/2024\/03\/media-e1710182681346.jpeg\"><\/a>Ep, el 7112! Tens el 7112? S\u00ed, el 7112. Si \u00e9s que s\u00ed no ho dubtis m\u00e9s, vol dir que has guanyat la rifa de la panera de les Jornades Culturals 2024. Afanya\u2019t i recull-la a consergeria ensenyant el tiquet v\u00e0lid del n\u00famero guanyador.&hellip;  <a href=\"https:\/\/agora.xtec.cat\/ins-intermunicipal\/general\/ep-si-tens-el-7112-has-guanyat-la-panera\/\" title=\"Read Ep! Si tens el 7112, has guanyat la panera!\">Llegeix m\u00e9s\u00bb<\/a><\/p>\n","protected":false},"author":7,"featured_media":2328,"comment_status":"closed","ping_status":"closed","sticky":false,"template":"","format":"standard","meta":{"_bbp_topic_count":0,"_bbp_reply_count":0,"_bbp_total_topic_count":0,"_bbp_total_reply_count":0,"_bbp_voice_count":0,"_bbp_anonymous_reply_count":0,"_bbp_topic_count_hidden":0,"_bbp_reply_count_hidden":0,"_bbp_forum_subforum_count":0,"footnotes":""},"categories":[8,3,1,29],"tags":[327,358],"class_list":["post-2327","post","type-post","status-publish","format-standard","has-post-thumbnail","hentry","category-bat","category-eso","category-general","category-portada","tag-jornades-culturals","tag-panera"],"post_mailing_queue_ids":[],"_links":{"self":[{"href":"https:\/\/agora.xtec.cat\/ins-intermunicipal\/wp-json\/wp\/v2\/posts\/2327","targetHints":{"allow":["GET"]}}],"collection":[{"href":"https:\/\/agora.xtec.cat\/ins-intermunicipal\/wp-json\/wp\/v2\/posts"}],"about":[{"href":"https:\/\/agora.xtec.cat\/ins-intermunicipal\/wp-json\/wp\/v2\/types\/post"}],"author":[{"embeddable":true,"href":"https:\/\/agora.xtec.cat\/ins-intermunicipal\/wp-json\/wp\/v2\/users\/7"}],"replies":[{"embeddable":true,"href":"https:\/\/agora.xtec.cat\/ins-intermunicipal\/wp-json\/wp\/v2\/comments?post=2327"}],"version-history":[{"count":2,"href":"https:\/\/agora.xtec.cat\/ins-intermunicipal\/wp-json\/wp\/v2\/posts\/2327\/revisions"}],"predecessor-version":[{"id":2330,"href":"https:\/\/agora.xtec.cat\/ins-intermunicipal\/wp-json\/wp\/v2\/posts\/2327\/revisions\/2330"}],"wp:featuredmedia":[{"embeddable":true,"href":"https:\/\/agora.xtec.cat\/ins-intermunicipal\/wp-json\/wp\/v2\/media\/2328"}],"wp:attachment":[{"href":"https:\/\/agora.xtec.cat\/ins-intermunicipal\/wp-json\/wp\/v2\/media?parent=2327"}],"wp:term":[{"taxonomy":"category","embeddable":true,"href":"https:\/\/agora.xtec.cat\/ins-intermunicipal\/wp-json\/wp\/v2\/categories?post=2327"},{"taxonomy":"post_tag","embeddable":true,"href":"https:\/\/agora.xtec.cat\/ins-intermunicipal\/wp-json\/wp\/v2\/tags?post=2327"}],"curies":[{"name":"wp","href":"https:\/\/api.w.org\/{rel}","templated":true}]}}