{"id":2289,"date":"2024-03-10T18:56:38","date_gmt":"2024-03-10T17:56:38","guid":{"rendered":"https:\/\/agora.xtec.cat\/ins-intermunicipal\/?p=2289"},"modified":"2024-03-10T19:14:34","modified_gmt":"2024-03-10T18:14:34","slug":"xerrada-sobre-les-opcions-de-letapa-postobligatoria","status":"publish","type":"post","link":"https:\/\/agora.xtec.cat\/ins-intermunicipal\/general\/xerrada-sobre-les-opcions-de-letapa-postobligatoria\/","title":{"rendered":"Xerrada sobre les opcions de l&#8217;etapa postobligat\u00f2ria"},"content":{"rendered":"<p style=\"text-align: justify;\"><a style=\"color: #2795b6;\" href=\"https:\/\/agora.xtec.cat\/ins-intermunicipal\/wp-content\/uploads\/usu2220\/2024\/03\/GHAzQ_kXIAAd6GI.jpeg\"><img loading=\"lazy\" decoding=\"async\" class=\"alignleft wp-image-2290 \" style=\"border-width: medium;\" src=\"https:\/\/agora.xtec.cat\/ins-intermunicipal\/wp-content\/uploads\/usu2220\/2024\/03\/GHAzQ_kXIAAd6GI-212x300.jpeg\" alt=\"\" width=\"334\" height=\"473\" srcset=\"https:\/\/agora.xtec.cat\/ins-intermunicipal\/wp-content\/uploads\/usu2220\/2024\/03\/GHAzQ_kXIAAd6GI-212x300.jpeg 212w, https:\/\/agora.xtec.cat\/ins-intermunicipal\/wp-content\/uploads\/usu2220\/2024\/03\/GHAzQ_kXIAAd6GI-724x1024.jpeg 724w, https:\/\/agora.xtec.cat\/ins-intermunicipal\/wp-content\/uploads\/usu2220\/2024\/03\/GHAzQ_kXIAAd6GI-768x1087.jpeg 768w, https:\/\/agora.xtec.cat\/ins-intermunicipal\/wp-content\/uploads\/usu2220\/2024\/03\/GHAzQ_kXIAAd6GI.jpeg 800w\" sizes=\"auto, (max-width: 334px) 100vw, 334px\" \/><\/a>Aquest dimarts, 12 de mar\u00e7 a les 18:30h, es far\u00e0 al nostre institut una xerrada sobre les opcions formatives despr\u00e9s de l&#8217;ESO. I m\u00e9s concretament, es parlar\u00e0 tamb\u00e9 del Batxillerat i la Formaci\u00f3 Professional a l&#8217;Institut Intermunicipal del Pened\u00e8s.<\/p>\n<p style=\"text-align: justify;\">Si hi esteu interessats, us podeu inscriure per participar-hi a trav\u00e9s del codi QR que hi ha a la base del cartell adjunt o a trav\u00e9s d&#8217;aquest <span style=\"color: #339966;\"><strong><a style=\"color: #339966;\" href=\"https:\/\/docs.google.com\/forms\/d\/e\/1FAIpQLSckpB6PpfCJRBf2vihkoS5rY6LlZypvfUn8aQE954BcNnE0eA\/viewform?pli=1\" target=\"_blank\" rel=\"noopener\">formulari d&#8217;inscripci\u00f3.<\/a><\/strong><\/span><a href=\"https:\/\/agora.xtec.cat\/ins-intermunicipal\/wp-content\/uploads\/usu2220\/2024\/03\/GHAzQ_kXIAAd6GI.jpeg\"><br \/>\n<\/a><\/p>\n","protected":false},"excerpt":{"rendered":"<p><a style=\"color: #2795b6;\" href=\"https:\/\/agora.xtec.cat\/ins-intermunicipal\/wp-content\/uploads\/usu2220\/2024\/03\/GHAzQ_kXIAAd6GI.jpeg\"><\/a>Aquest dimarts, 12 de mar\u00e7 a les 18:30h, es far\u00e0 al nostre institut una xerrada sobre les opcions formatives despr\u00e9s de l&#8217;ESO. I m\u00e9s concretament, es parlar\u00e0 tamb\u00e9 del Batxillerat i la Formaci\u00f3 Professional a l&#8217;Institut Intermunicipal del Pened\u00e8s.<br \/>\nSi hi esteu interessats,&hellip;  <a href=\"https:\/\/agora.xtec.cat\/ins-intermunicipal\/general\/xerrada-sobre-les-opcions-de-letapa-postobligatoria\/\" title=\"Read Xerrada sobre les opcions de l&#8217;etapa postobligat\u00f2ria\">Llegeix m\u00e9s\u00bb<\/a><\/p>\n","protected":false},"author":7,"featured_media":2292,"comment_status":"closed","ping_status":"closed","sticky":false,"template":"","format":"standard","meta":{"_bbp_topic_count":0,"_bbp_reply_count":0,"_bbp_total_topic_count":0,"_bbp_total_reply_count":0,"_bbp_voice_count":0,"_bbp_anonymous_reply_count":0,"_bbp_topic_count_hidden":0,"_bbp_reply_count_hidden":0,"_bbp_forum_subforum_count":0,"footnotes":""},"categories":[31,8,30,1,29],"tags":[382,339,338],"class_list":["post-2289","post","type-post","status-publish","format-standard","has-post-thumbnail","hentry","category-ampa","category-bat","category-formacio-professional","category-general","category-portada","tag-letapa-postobligatoria","tag-orientacio","tag-xerrada"],"post_mailing_queue_ids":[],"_links":{"self":[{"href":"https:\/\/agora.xtec.cat\/ins-intermunicipal\/wp-json\/wp\/v2\/posts\/2289","targetHints":{"allow":["GET"]}}],"collection":[{"href":"https:\/\/agora.xtec.cat\/ins-intermunicipal\/wp-json\/wp\/v2\/posts"}],"about":[{"href":"https:\/\/agora.xtec.cat\/ins-intermunicipal\/wp-json\/wp\/v2\/types\/post"}],"author":[{"embeddable":true,"href":"https:\/\/agora.xtec.cat\/ins-intermunicipal\/wp-json\/wp\/v2\/users\/7"}],"replies":[{"embeddable":true,"href":"https:\/\/agora.xtec.cat\/ins-intermunicipal\/wp-json\/wp\/v2\/comments?post=2289"}],"version-history":[{"count":6,"href":"https:\/\/agora.xtec.cat\/ins-intermunicipal\/wp-json\/wp\/v2\/posts\/2289\/revisions"}],"predecessor-version":[{"id":2297,"href":"https:\/\/agora.xtec.cat\/ins-intermunicipal\/wp-json\/wp\/v2\/posts\/2289\/revisions\/2297"}],"wp:featuredmedia":[{"embeddable":true,"href":"https:\/\/agora.xtec.cat\/ins-intermunicipal\/wp-json\/wp\/v2\/media\/2292"}],"wp:attachment":[{"href":"https:\/\/agora.xtec.cat\/ins-intermunicipal\/wp-json\/wp\/v2\/media?parent=2289"}],"wp:term":[{"taxonomy":"category","embeddable":true,"href":"https:\/\/agora.xtec.cat\/ins-intermunicipal\/wp-json\/wp\/v2\/categories?post=2289"},{"taxonomy":"post_tag","embeddable":true,"href":"https:\/\/agora.xtec.cat\/ins-intermunicipal\/wp-json\/wp\/v2\/tags?post=2289"}],"curies":[{"name":"wp","href":"https:\/\/api.w.org\/{rel}","templated":true}]}}