{"id":2253,"date":"2024-03-08T11:37:09","date_gmt":"2024-03-08T10:37:09","guid":{"rendered":"https:\/\/agora.xtec.cat\/ins-intermunicipal\/?p=2253"},"modified":"2024-03-08T11:37:53","modified_gmt":"2024-03-08T10:37:53","slug":"cronica-de-les-jornades-culturals-dia-2","status":"publish","type":"post","link":"https:\/\/agora.xtec.cat\/ins-intermunicipal\/general\/cronica-de-les-jornades-culturals-dia-2\/","title":{"rendered":"Cr\u00f2nica de les Jornades Culturals, dia 2"},"content":{"rendered":"<p><a style=\"color: #2795b6; font-family: Arial, sans-serif; font-size: medium; text-align: justify;\" href=\"https:\/\/agora.xtec.cat\/ins-intermunicipal\/wp-content\/uploads\/usu2220\/2024\/03\/IMG_20240307_112242095_HDR-1-rotated.jpg\"><img loading=\"lazy\" decoding=\"async\" class=\"wp-image-2268 alignleft\" src=\"https:\/\/agora.xtec.cat\/ins-intermunicipal\/wp-content\/uploads\/usu2220\/2024\/03\/IMG_20240307_112242095_HDR-1-225x300.jpg\" alt=\"\" width=\"300\" height=\"400\" srcset=\"https:\/\/agora.xtec.cat\/ins-intermunicipal\/wp-content\/uploads\/usu2220\/2024\/03\/IMG_20240307_112242095_HDR-1-225x300.jpg 225w, https:\/\/agora.xtec.cat\/ins-intermunicipal\/wp-content\/uploads\/usu2220\/2024\/03\/IMG_20240307_112242095_HDR-1-rotated.jpg 675w\" sizes=\"auto, (max-width: 300px) 100vw, 300px\" \/><\/a><span style=\"color: #000000;\"><span style=\"font-family: Arial, sans-serif;\"><span style=\"font-size: medium;\"><i>(Aquesta informaci\u00f3 ha estat elaborada per les alumnes Paula Custodio, Laila Ramon i Olga Urbano)<\/i><\/span><\/span><\/span><\/p>\n<p align=\"justify\"><span style=\"color: #000000;\"><span style=\"font-family: Arial, sans-serif;\"><span style=\"font-size: medium;\">Dijous, segon dia de les Jornades Culturals de l\u2019\u00cdnter, els alumnes vam continuar amb els tallers que hav\u00edem escollit per aquesta edici\u00f3 de les jornades. D\u2019entre els tallers oferts, vam visitar el de Banjara, el de Boxa o el de Retrojocs a m\u00e9s d\u2019alguns altres.<\/span><\/span><\/span><\/p>\n<p align=\"justify\"><span style=\"color: #000000;\"><span style=\"font-family: Arial, sans-serif;\"><span style=\"font-size: medium;\">Durant la visita al taller de teles organitzat per <\/span><\/span><\/span><a href=\"http:\/\/www.banjarastudio.es\/\" target=\"_blank\" rel=\"noopener\"><span style=\"color: #339966;\"><span style=\"font-family: Arial, sans-serif;\"><span style=\"font-size: medium;\"><b>Banjara<\/b><\/span><\/span><\/span><\/a><span style=\"color: #000000;\"><span style=\"font-family: Arial, sans-serif;\"><span style=\"font-size: medium;\">, vam poder parlar amb alguns alumnes i organitzadors i ens van explicar que durant els tres dies de les Jornades Culturals tenen previst fer diverses activitats: dimecres van fer Dancehall i Hip-Hop, ahir dijous van aprendre a fer acrob\u00e0cies i alguns moviments amb l\u2019aro\u00a0 i avui divendres havien previst fer teles. Gr\u00e0cies a aquest taller els alumnes podran apropar-se a aquest esport coneixent les activitats m\u00e9s b\u00e0siques que engloba.<\/span><\/span><\/span><\/p>\n<p align=\"justify\"><span style=\"color: #000000;\"><span style=\"font-family: Arial, sans-serif;\"><span style=\"font-size: medium;\">A m\u00e9s a m\u00e9s, tamb\u00e9 vam parlar amb el director de l\u2019<\/span><\/span><\/span><span style=\"color: #000000;\"><span style=\"font-family: Arial, sans-serif;\"><span style=\"font-size: medium;\"><b>Escola de Boxa de Sant Sadurn\u00ed<\/b><\/span><\/span><\/span><span style=\"color: #000000;\"><span style=\"font-family: Arial, sans-serif;\"><span style=\"font-size: medium;\">, <\/span><\/span><\/span><strong><a href=\"https:\/\/santsadurni.cat\/document.php?id=2555\" target=\"_blank\" rel=\"noopener\"><span style=\"color: #339966;\"><span style=\"font-family: Arial, sans-serif;\"><span style=\"font-size: medium;\">Xavi Urp\u00ed<\/span><\/span><\/span><\/a><\/strong><span style=\"color: #000000;\"><span style=\"font-family: Arial, sans-serif;\"><span style=\"font-size: medium;\">, que va ser campi\u00f3 de la categoria de pes mosca. Ens va explicar el pla dels tres dies: treballar les nocions b\u00e0siques de boxa el primer dia, el segon fer entrenament f\u00edsic i el tercer posar en pr\u00e0ctica els coneixements adquirits amb un sparring al cos. Tamb\u00e9 ens va fer una xerrada inspiradora sobre el valor de l\u2019esfor\u00e7 i la disciplina i va parlar-nos de com la pr\u00e0ctica de la boxa contribueix a augmentar l\u2019autoestima i a aprendre a controlar les emocions. A m\u00e9s, ens va animar a seguir els nostres somnis i a esfor\u00e7ar-nos.<\/span><\/span><\/span><\/p>\n<p align=\"justify\"><span style=\"color: #000000;\"><span style=\"font-family: Arial, sans-serif;\"><span style=\"font-size: medium;\">Tamb\u00e9 durant la jornada d\u2019ahir, vam poder gaudir del concurs de talents on hi participaven els alumnes de l&#8217;institut per tal de mostrar les seves habilitats davant del p\u00fablic, a m\u00e9s el mag<\/span><\/span><\/span> <a href=\"https:\/\/www.mistergrau.com\/\" target=\"_blank\" rel=\"noopener\"><span style=\"color: #339966;\"><span style=\"font-family: Arial, sans-serif;\"><span style=\"font-size: medium;\"><b>Mr. Grau<\/b><\/span><\/span><\/span><\/a> <span style=\"color: #000000;\"><span style=\"font-family: Arial, sans-serif;\"><span style=\"font-size: medium;\">ens va oferir un espectacle de m\u00e0gia al gimn\u00e0s i al pati vam poder presenciar un concert de <\/span><\/span><\/span><a href=\"https:\/\/www.youtube.com\/user\/PulmonBeatbox\" target=\"_blank\" rel=\"noopener\"><span style=\"color: #339966;\"><span style=\"font-family: Arial, sans-serif;\"><span style=\"font-size: medium;\"><b>Pulmon Beatbox<\/b><\/span><\/span><\/span><span style=\"color: #000000;\"><span style=\"font-family: Arial, sans-serif;\"><span style=\"font-size: medium;\">.<\/span><\/span><\/span><\/a><\/p>\n<p align=\"justify\"><span style=\"color: #000000;\"><span style=\"font-family: Arial, sans-serif;\"><span style=\"font-size: medium;\">A banda de tot aix\u00f2, vam poder assistir a diverses xerrades molt interessants, entre elles la de la <\/span><\/span><\/span><a href=\"https:\/\/www.catalandrama.cat\/autor\/daniela-feixas\/\" target=\"_blank\" rel=\"noopener\"><span style=\"color: #339966;\"><span style=\"font-family: Arial, sans-serif;\"><span style=\"font-size: medium;\"><b>Daniela Feixas<\/b><\/span><\/span><\/span><\/a><span style=\"color: #000000;\"><span style=\"font-family: Arial, sans-serif;\"><span style=\"font-size: medium;\">, actriu i guionista que havia estat alumna del nostre centre, la de l\u2019<\/span><\/span><\/span><a href=\"https:\/\/ca.wikipedia.org\/wiki\/Ariadna_Farr%C3%A9s_Basiana\" target=\"_blank\" rel=\"noopener\"><span style=\"color: #339966;\"><span style=\"font-family: Arial, sans-serif;\"><span style=\"font-size: medium;\"><b>Ariadna Farr\u00e9s<\/b><\/span><\/span><\/span><\/a><span style=\"color: #000000;\"><span style=\"font-family: Arial, sans-serif;\"><span style=\"font-size: medium;\">, investigadora de la NASA, sobre el<\/span><\/span><\/span> <a href=\"https:\/\/cosmocaixa.org\/ca\/p\/live-talk-de-la-terra-a-mart-la-missio-hypatia-i_a165922316\" target=\"_blank\" rel=\"noopener\"><span style=\"color: #339966;\"><span style=\"font-family: Arial, sans-serif;\"><span style=\"font-size: medium;\"><b>De la Terra a Mart. La missi\u00f3 Hypathia I<\/b><\/span><\/span><\/span><\/a><span style=\"color: #000000;\"><span style=\"font-family: Arial, sans-serif;\"><span style=\"font-size: medium;\">, o la xerrada<\/span><\/span><\/span> <span style=\"color: #000000;\"><span style=\"font-family: Arial, sans-serif;\"><span style=\"font-size: medium;\"><b>Caminant per l\u2019Atlas<\/b><\/span><\/span><\/span> <span style=\"color: #000000;\"><span style=\"font-family: Arial, sans-serif;\"><span style=\"font-size: medium;\">realitzada per la <\/span><\/span><\/span><span style=\"color: #000000;\"><span style=\"font-family: Arial, sans-serif;\"><span style=\"font-size: medium;\"><b>Marta Angl\u00e8s<\/b><\/span><\/span><\/span><span style=\"color: #000000;\"><span style=\"font-family: Arial, sans-serif;\"><span style=\"font-size: medium;\">, professora nostra i membre de la junta de la <\/span><\/span><\/span><strong><a href=\"https:\/\/www.feec.cat\/\"><span style=\"color: #339966;\"><span style=\"font-family: Arial, sans-serif;\"><span style=\"font-size: medium;\">FEEC<\/span><\/span><\/span><\/a><\/strong><span style=\"color: #000000;\"><span style=\"font-family: Arial, sans-serif;\"><span style=\"font-size: medium;\">. Finalment, vam assistir a la xerrada de la <\/span><\/span><\/span><a href=\"https:\/\/ca.wikipedia.org\/wiki\/Rosa_Codina_Codina\" target=\"_blank\" rel=\"noopener\"><span style=\"color: #339966;\"><span style=\"font-family: Arial, sans-serif;\"><span style=\"font-size: medium;\"><b>Rosa Codina<\/b><\/span><\/span><\/span><\/a> <span style=\"color: #000000;\"><span style=\"font-family: Arial, sans-serif;\"><span style=\"font-size: medium;\">sobre <\/span><\/span><\/span><span style=\"color: #000000;\"><span style=\"font-family: Arial, sans-serif;\"><span style=\"font-size: medium;\"><b>El paper de la dona en el m\u00f3n del c\u00f2mic<\/b><\/span><\/span><\/span><span style=\"color: #000000;\"><span style=\"font-family: Arial, sans-serif;\"><span style=\"font-size: medium;\">, durant la qual ens va parlar de la seva experi\u00e8ncia.<\/span><\/span><\/span><\/p>\n<p align=\"justify\"><span style=\"font-family: Arial, sans-serif;\">Ah! I com sempre, els nostres companys de <b>La Barraca<\/b> es cuiden de qu\u00e8 no passem ni gana ni set.<\/span><\/p>\n<p align=\"justify\"><a href=\"https:\/\/agora.xtec.cat\/ins-intermunicipal\/wp-content\/uploads\/usu2220\/2024\/03\/IMG-20240308-WA0000-1.jpg\"><img loading=\"lazy\" decoding=\"async\" class=\"alignnone wp-image-2258 size-medium\" src=\"https:\/\/agora.xtec.cat\/ins-intermunicipal\/wp-content\/uploads\/usu2220\/2024\/03\/IMG-20240308-WA0000-1-300x225.jpg\" alt=\"\" width=\"300\" height=\"225\" srcset=\"https:\/\/agora.xtec.cat\/ins-intermunicipal\/wp-content\/uploads\/usu2220\/2024\/03\/IMG-20240308-WA0000-1-300x225.jpg 300w, https:\/\/agora.xtec.cat\/ins-intermunicipal\/wp-content\/uploads\/usu2220\/2024\/03\/IMG-20240308-WA0000-1-768x576.jpg 768w, https:\/\/agora.xtec.cat\/ins-intermunicipal\/wp-content\/uploads\/usu2220\/2024\/03\/IMG-20240308-WA0000-1-200x150.jpg 200w, https:\/\/agora.xtec.cat\/ins-intermunicipal\/wp-content\/uploads\/usu2220\/2024\/03\/IMG-20240308-WA0000-1.jpg 900w\" sizes=\"auto, (max-width: 300px) 100vw, 300px\" \/><\/a><a href=\"https:\/\/agora.xtec.cat\/ins-intermunicipal\/wp-content\/uploads\/usu2220\/2024\/03\/1709840566052-1.jpg\"><img loading=\"lazy\" decoding=\"async\" class=\"alignnone wp-image-2262 size-medium\" src=\"https:\/\/agora.xtec.cat\/ins-intermunicipal\/wp-content\/uploads\/usu2220\/2024\/03\/1709840566052-1-300x225.jpg\" alt=\"\" width=\"300\" height=\"225\" srcset=\"https:\/\/agora.xtec.cat\/ins-intermunicipal\/wp-content\/uploads\/usu2220\/2024\/03\/1709840566052-1-300x225.jpg 300w, https:\/\/agora.xtec.cat\/ins-intermunicipal\/wp-content\/uploads\/usu2220\/2024\/03\/1709840566052-1-768x576.jpg 768w, https:\/\/agora.xtec.cat\/ins-intermunicipal\/wp-content\/uploads\/usu2220\/2024\/03\/1709840566052-1-200x150.jpg 200w, https:\/\/agora.xtec.cat\/ins-intermunicipal\/wp-content\/uploads\/usu2220\/2024\/03\/1709840566052-1.jpg 900w\" sizes=\"auto, (max-width: 300px) 100vw, 300px\" \/><\/a><a href=\"https:\/\/agora.xtec.cat\/ins-intermunicipal\/wp-content\/uploads\/usu2220\/2024\/03\/IMG_20240307_090605-1.jpg\"><img loading=\"lazy\" decoding=\"async\" class=\"alignnone wp-image-2263 size-medium\" src=\"https:\/\/agora.xtec.cat\/ins-intermunicipal\/wp-content\/uploads\/usu2220\/2024\/03\/IMG_20240307_090605-1-300x225.jpg\" alt=\"\" width=\"300\" height=\"225\" srcset=\"https:\/\/agora.xtec.cat\/ins-intermunicipal\/wp-content\/uploads\/usu2220\/2024\/03\/IMG_20240307_090605-1-300x225.jpg 300w, https:\/\/agora.xtec.cat\/ins-intermunicipal\/wp-content\/uploads\/usu2220\/2024\/03\/IMG_20240307_090605-1-768x576.jpg 768w, https:\/\/agora.xtec.cat\/ins-intermunicipal\/wp-content\/uploads\/usu2220\/2024\/03\/IMG_20240307_090605-1-200x150.jpg 200w, https:\/\/agora.xtec.cat\/ins-intermunicipal\/wp-content\/uploads\/usu2220\/2024\/03\/IMG_20240307_090605-1.jpg 900w\" sizes=\"auto, (max-width: 300px) 100vw, 300px\" \/><\/a><a href=\"https:\/\/agora.xtec.cat\/ins-intermunicipal\/wp-content\/uploads\/usu2220\/2024\/03\/IMG_20240307_101053-1.jpg\"><img loading=\"lazy\" decoding=\"async\" class=\"alignnone wp-image-2264 size-medium\" src=\"https:\/\/agora.xtec.cat\/ins-intermunicipal\/wp-content\/uploads\/usu2220\/2024\/03\/IMG_20240307_101053-1-300x225.jpg\" alt=\"\" width=\"300\" height=\"225\" srcset=\"https:\/\/agora.xtec.cat\/ins-intermunicipal\/wp-content\/uploads\/usu2220\/2024\/03\/IMG_20240307_101053-1-300x225.jpg 300w, https:\/\/agora.xtec.cat\/ins-intermunicipal\/wp-content\/uploads\/usu2220\/2024\/03\/IMG_20240307_101053-1-768x576.jpg 768w, https:\/\/agora.xtec.cat\/ins-intermunicipal\/wp-content\/uploads\/usu2220\/2024\/03\/IMG_20240307_101053-1-200x150.jpg 200w, https:\/\/agora.xtec.cat\/ins-intermunicipal\/wp-content\/uploads\/usu2220\/2024\/03\/IMG_20240307_101053-1.jpg 900w\" sizes=\"auto, (max-width: 300px) 100vw, 300px\" \/><\/a><a href=\"https:\/\/agora.xtec.cat\/ins-intermunicipal\/wp-content\/uploads\/usu2220\/2024\/03\/IMG_20240307_122430-1.jpg\"><img loading=\"lazy\" decoding=\"async\" class=\"alignnone wp-image-2266 size-medium\" src=\"https:\/\/agora.xtec.cat\/ins-intermunicipal\/wp-content\/uploads\/usu2220\/2024\/03\/IMG_20240307_122430-1-300x226.jpg\" alt=\"\" width=\"300\" height=\"226\" srcset=\"https:\/\/agora.xtec.cat\/ins-intermunicipal\/wp-content\/uploads\/usu2220\/2024\/03\/IMG_20240307_122430-1-300x226.jpg 300w, https:\/\/agora.xtec.cat\/ins-intermunicipal\/wp-content\/uploads\/usu2220\/2024\/03\/IMG_20240307_122430-1-768x579.jpg 768w, https:\/\/agora.xtec.cat\/ins-intermunicipal\/wp-content\/uploads\/usu2220\/2024\/03\/IMG_20240307_122430-1-200x150.jpg 200w, https:\/\/agora.xtec.cat\/ins-intermunicipal\/wp-content\/uploads\/usu2220\/2024\/03\/IMG_20240307_122430-1.jpg 900w\" sizes=\"auto, (max-width: 300px) 100vw, 300px\" \/><\/a><a href=\"https:\/\/agora.xtec.cat\/ins-intermunicipal\/wp-content\/uploads\/usu2220\/2024\/03\/IMG_20240307_115332-1.jpg\"><img loading=\"lazy\" decoding=\"async\" class=\"alignnone wp-image-2265 size-medium\" src=\"https:\/\/agora.xtec.cat\/ins-intermunicipal\/wp-content\/uploads\/usu2220\/2024\/03\/IMG_20240307_115332-1-300x225.jpg\" alt=\"\" width=\"300\" height=\"225\" srcset=\"https:\/\/agora.xtec.cat\/ins-intermunicipal\/wp-content\/uploads\/usu2220\/2024\/03\/IMG_20240307_115332-1-300x225.jpg 300w, https:\/\/agora.xtec.cat\/ins-intermunicipal\/wp-content\/uploads\/usu2220\/2024\/03\/IMG_20240307_115332-1-768x576.jpg 768w, https:\/\/agora.xtec.cat\/ins-intermunicipal\/wp-content\/uploads\/usu2220\/2024\/03\/IMG_20240307_115332-1-200x150.jpg 200w, https:\/\/agora.xtec.cat\/ins-intermunicipal\/wp-content\/uploads\/usu2220\/2024\/03\/IMG_20240307_115332-1.jpg 900w\" sizes=\"auto, (max-width: 300px) 100vw, 300px\" \/><\/a><a href=\"https:\/\/agora.xtec.cat\/ins-intermunicipal\/wp-content\/uploads\/usu2220\/2024\/03\/IMG_20240307_123121-1.jpg\"><img loading=\"lazy\" decoding=\"async\" class=\"alignnone wp-image-2267 size-medium\" src=\"https:\/\/agora.xtec.cat\/ins-intermunicipal\/wp-content\/uploads\/usu2220\/2024\/03\/IMG_20240307_123121-1-300x226.jpg\" alt=\"\" width=\"300\" height=\"226\" srcset=\"https:\/\/agora.xtec.cat\/ins-intermunicipal\/wp-content\/uploads\/usu2220\/2024\/03\/IMG_20240307_123121-1-300x226.jpg 300w, https:\/\/agora.xtec.cat\/ins-intermunicipal\/wp-content\/uploads\/usu2220\/2024\/03\/IMG_20240307_123121-1-768x579.jpg 768w, https:\/\/agora.xtec.cat\/ins-intermunicipal\/wp-content\/uploads\/usu2220\/2024\/03\/IMG_20240307_123121-1-200x150.jpg 200w, https:\/\/agora.xtec.cat\/ins-intermunicipal\/wp-content\/uploads\/usu2220\/2024\/03\/IMG_20240307_123121-1.jpg 900w\" sizes=\"auto, (max-width: 300px) 100vw, 300px\" \/><\/a><a href=\"https:\/\/agora.xtec.cat\/ins-intermunicipal\/wp-content\/uploads\/usu2220\/2024\/03\/IMG_20240307_101110-2.jpg\"><img loading=\"lazy\" decoding=\"async\" class=\"alignnone wp-image-2270 size-medium\" src=\"https:\/\/agora.xtec.cat\/ins-intermunicipal\/wp-content\/uploads\/usu2220\/2024\/03\/IMG_20240307_101110-2-300x225.jpg\" alt=\"\" width=\"300\" height=\"225\" srcset=\"https:\/\/agora.xtec.cat\/ins-intermunicipal\/wp-content\/uploads\/usu2220\/2024\/03\/IMG_20240307_101110-2-300x225.jpg 300w, https:\/\/agora.xtec.cat\/ins-intermunicipal\/wp-content\/uploads\/usu2220\/2024\/03\/IMG_20240307_101110-2-768x576.jpg 768w, https:\/\/agora.xtec.cat\/ins-intermunicipal\/wp-content\/uploads\/usu2220\/2024\/03\/IMG_20240307_101110-2-200x150.jpg 200w, https:\/\/agora.xtec.cat\/ins-intermunicipal\/wp-content\/uploads\/usu2220\/2024\/03\/IMG_20240307_101110-2.jpg 900w\" sizes=\"auto, (max-width: 300px) 100vw, 300px\" \/><\/a><a href=\"https:\/\/agora.xtec.cat\/ins-intermunicipal\/wp-content\/uploads\/usu2220\/2024\/03\/IMG-20240307-WA0046-1.jpg\"><img loading=\"lazy\" decoding=\"async\" class=\"alignnone wp-image-2272 size-medium\" src=\"https:\/\/agora.xtec.cat\/ins-intermunicipal\/wp-content\/uploads\/usu2220\/2024\/03\/IMG-20240307-WA0046-1-300x224.jpg\" alt=\"\" width=\"300\" height=\"224\" srcset=\"https:\/\/agora.xtec.cat\/ins-intermunicipal\/wp-content\/uploads\/usu2220\/2024\/03\/IMG-20240307-WA0046-1-300x224.jpg 300w, https:\/\/agora.xtec.cat\/ins-intermunicipal\/wp-content\/uploads\/usu2220\/2024\/03\/IMG-20240307-WA0046-1-768x574.jpg 768w, https:\/\/agora.xtec.cat\/ins-intermunicipal\/wp-content\/uploads\/usu2220\/2024\/03\/IMG-20240307-WA0046-1-200x150.jpg 200w, https:\/\/agora.xtec.cat\/ins-intermunicipal\/wp-content\/uploads\/usu2220\/2024\/03\/IMG-20240307-WA0046-1.jpg 900w\" sizes=\"auto, (max-width: 300px) 100vw, 300px\" \/><\/a><a href=\"https:\/\/agora.xtec.cat\/ins-intermunicipal\/wp-content\/uploads\/usu2220\/2024\/03\/IMG-20240308-WA0008.jpg\"><img loading=\"lazy\" decoding=\"async\" class=\"alignnone wp-image-2271 \" src=\"https:\/\/agora.xtec.cat\/ins-intermunicipal\/wp-content\/uploads\/usu2220\/2024\/03\/IMG-20240308-WA0008-225x300.jpg\" alt=\"\" width=\"191\" height=\"255\" srcset=\"https:\/\/agora.xtec.cat\/ins-intermunicipal\/wp-content\/uploads\/usu2220\/2024\/03\/IMG-20240308-WA0008-225x300.jpg 225w, https:\/\/agora.xtec.cat\/ins-intermunicipal\/wp-content\/uploads\/usu2220\/2024\/03\/IMG-20240308-WA0008-768x1024.jpg 768w, https:\/\/agora.xtec.cat\/ins-intermunicipal\/wp-content\/uploads\/usu2220\/2024\/03\/IMG-20240308-WA0008-1152x1536.jpg 1152w, https:\/\/agora.xtec.cat\/ins-intermunicipal\/wp-content\/uploads\/usu2220\/2024\/03\/IMG-20240308-WA0008.jpg 1200w\" sizes=\"auto, (max-width: 191px) 100vw, 191px\" \/><\/a><a href=\"https:\/\/agora.xtec.cat\/ins-intermunicipal\/wp-content\/uploads\/usu2220\/2024\/03\/20240307_133453-1-rotated.jpg\"><img loading=\"lazy\" decoding=\"async\" class=\"alignnone wp-image-2261 \" src=\"https:\/\/agora.xtec.cat\/ins-intermunicipal\/wp-content\/uploads\/usu2220\/2024\/03\/20240307_133453-1-225x300.jpg\" alt=\"\" width=\"190\" height=\"253\" srcset=\"https:\/\/agora.xtec.cat\/ins-intermunicipal\/wp-content\/uploads\/usu2220\/2024\/03\/20240307_133453-1-225x300.jpg 225w, https:\/\/agora.xtec.cat\/ins-intermunicipal\/wp-content\/uploads\/usu2220\/2024\/03\/20240307_133453-1-rotated.jpg 675w\" sizes=\"auto, (max-width: 190px) 100vw, 190px\" \/><\/a><a href=\"https:\/\/agora.xtec.cat\/ins-intermunicipal\/wp-content\/uploads\/usu2220\/2024\/03\/IMG-20240307-WA0089-1.jpg\"><img loading=\"lazy\" decoding=\"async\" class=\"wp-image-2269 alignnone\" src=\"https:\/\/agora.xtec.cat\/ins-intermunicipal\/wp-content\/uploads\/usu2220\/2024\/03\/IMG-20240307-WA0089-1-300x135.jpg\" alt=\"\" width=\"556\" height=\"250\" srcset=\"https:\/\/agora.xtec.cat\/ins-intermunicipal\/wp-content\/uploads\/usu2220\/2024\/03\/IMG-20240307-WA0089-1-300x135.jpg 300w, https:\/\/agora.xtec.cat\/ins-intermunicipal\/wp-content\/uploads\/usu2220\/2024\/03\/IMG-20240307-WA0089-1-768x345.jpg 768w, https:\/\/agora.xtec.cat\/ins-intermunicipal\/wp-content\/uploads\/usu2220\/2024\/03\/IMG-20240307-WA0089-1.jpg 899w\" sizes=\"auto, (max-width: 556px) 100vw, 556px\" \/><\/a><\/p>\n<p>&nbsp;<\/p>\n","protected":false},"excerpt":{"rendered":"<p><a style=\"color: #2795b6; font-family: Arial, sans-serif; font-size: medium; text-align: justify;\" href=\"https:\/\/agora.xtec.cat\/ins-intermunicipal\/wp-content\/uploads\/usu2220\/2024\/03\/IMG_20240307_112242095_HDR-1-rotated.jpg\"><\/a>(Aquesta informaci\u00f3 ha estat elaborada per les alumnes Paula Custodio, Laila Ramon i Olga Urbano)<br \/>\nDijous, segon dia de les Jornades Culturals de l\u2019\u00cdnter, els alumnes vam continuar amb els tallers que hav\u00edem escollit per aquesta&hellip;  <a href=\"https:\/\/agora.xtec.cat\/ins-intermunicipal\/general\/cronica-de-les-jornades-culturals-dia-2\/\" title=\"Read Cr\u00f2nica de les Jornades Culturals, dia 2\">Llegeix m\u00e9s\u00bb<\/a><\/p>\n","protected":false},"author":7,"featured_media":2258,"comment_status":"closed","ping_status":"closed","sticky":false,"template":"","format":"standard","meta":{"_bbp_topic_count":0,"_bbp_reply_count":0,"_bbp_total_topic_count":0,"_bbp_total_reply_count":0,"_bbp_voice_count":0,"_bbp_anonymous_reply_count":0,"_bbp_topic_count_hidden":0,"_bbp_reply_count_hidden":0,"_bbp_forum_subforum_count":0,"footnotes":""},"categories":[8,3,1,29],"tags":[367,394,395,365,393,399,397,398,396],"class_list":["post-2253","post","type-post","status-publish","format-standard","has-post-thumbnail","hentry","category-bat","category-eso","category-general","category-portada","tag-ariadna-farres","tag-banjara","tag-boxa","tag-daniela-feixas","tag-jornades-culturals-2024","tag-marta-angles-rosa-codina","tag-mr-grau","tag-pulmon-beatbox","tag-xavi-urpi"],"post_mailing_queue_ids":[],"_links":{"self":[{"href":"https:\/\/agora.xtec.cat\/ins-intermunicipal\/wp-json\/wp\/v2\/posts\/2253","targetHints":{"allow":["GET"]}}],"collection":[{"href":"https:\/\/agora.xtec.cat\/ins-intermunicipal\/wp-json\/wp\/v2\/posts"}],"about":[{"href":"https:\/\/agora.xtec.cat\/ins-intermunicipal\/wp-json\/wp\/v2\/types\/post"}],"author":[{"embeddable":true,"href":"https:\/\/agora.xtec.cat\/ins-intermunicipal\/wp-json\/wp\/v2\/users\/7"}],"replies":[{"embeddable":true,"href":"https:\/\/agora.xtec.cat\/ins-intermunicipal\/wp-json\/wp\/v2\/comments?post=2253"}],"version-history":[{"count":6,"href":"https:\/\/agora.xtec.cat\/ins-intermunicipal\/wp-json\/wp\/v2\/posts\/2253\/revisions"}],"predecessor-version":[{"id":2275,"href":"https:\/\/agora.xtec.cat\/ins-intermunicipal\/wp-json\/wp\/v2\/posts\/2253\/revisions\/2275"}],"wp:featuredmedia":[{"embeddable":true,"href":"https:\/\/agora.xtec.cat\/ins-intermunicipal\/wp-json\/wp\/v2\/media\/2258"}],"wp:attachment":[{"href":"https:\/\/agora.xtec.cat\/ins-intermunicipal\/wp-json\/wp\/v2\/media?parent=2253"}],"wp:term":[{"taxonomy":"category","embeddable":true,"href":"https:\/\/agora.xtec.cat\/ins-intermunicipal\/wp-json\/wp\/v2\/categories?post=2253"},{"taxonomy":"post_tag","embeddable":true,"href":"https:\/\/agora.xtec.cat\/ins-intermunicipal\/wp-json\/wp\/v2\/tags?post=2253"}],"curies":[{"name":"wp","href":"https:\/\/api.w.org\/{rel}","templated":true}]}}