{"id":2231,"date":"2024-03-07T11:38:00","date_gmt":"2024-03-07T10:38:00","guid":{"rendered":"https:\/\/agora.xtec.cat\/ins-intermunicipal\/?p=2231"},"modified":"2024-03-08T09:52:23","modified_gmt":"2024-03-08T08:52:23","slug":"cronica-de-les-jornades-culturals-dia-1","status":"publish","type":"post","link":"https:\/\/agora.xtec.cat\/ins-intermunicipal\/general\/cronica-de-les-jornades-culturals-dia-1\/","title":{"rendered":"Cr\u00f2nica de les Jornades Culturals, dia 1"},"content":{"rendered":"<p align=\"justify\"><em><span style=\"color: #000000;\"><span style=\"font-family: Calibri, sans-serif;\"><span style=\"font-size: medium;\">(Aquesta informaci\u00f3 ha estat elaborada per les alumnes Paula Custodio, Laila Ramon i Olga Urbano)<\/span><\/span><\/span><\/em><\/p>\n<p align=\"justify\"><span style=\"color: #000000;\"><span style=\"font-family: Calibri, sans-serif;\"><span style=\"font-size: medium;\"><a href=\"https:\/\/agora.xtec.cat\/ins-intermunicipal\/wp-content\/uploads\/usu2220\/2024\/03\/IMG_20240306_093534-1-rotated.jpg\"><img loading=\"lazy\" decoding=\"async\" class=\"wp-image-2234 alignleft\" src=\"https:\/\/agora.xtec.cat\/ins-intermunicipal\/wp-content\/uploads\/usu2220\/2024\/03\/IMG_20240306_093534-1-135x300.jpg\" alt=\"\" width=\"266\" height=\"592\" srcset=\"https:\/\/agora.xtec.cat\/ins-intermunicipal\/wp-content\/uploads\/usu2220\/2024\/03\/IMG_20240306_093534-1-135x300.jpg 135w, https:\/\/agora.xtec.cat\/ins-intermunicipal\/wp-content\/uploads\/usu2220\/2024\/03\/IMG_20240306_093534-1-rotated.jpg 405w\" sizes=\"auto, (max-width: 266px) 100vw, 266px\" \/><\/a>Durant la jornada d&#8217;ahir es va inaugurar la 42a edici\u00f3 de les Jornades Culturals a l&#8217;Institut Intermunicipal del Pened\u00e8s. <\/span><\/span><\/span><span style=\"color: #000000;\"><span style=\"font-family: Calibri, sans-serif;\"><span style=\"font-size: medium;\">Aquest any s\u2019ofereixen un total de 51 tallers de diverses tipologies: esports, arts i cultura popular, ci\u00e8ncia i llengua, manualitats, cuina, jocs, benestar i imatge personal, ci\u00e8ncies socials i hist\u00f2ria. <\/span><\/span><\/span><span style=\"color: #000000;\"><span style=\"font-family: Calibri, sans-serif;\"><span style=\"font-size: medium;\">Durant els tres dies de les jornades est\u00e0 oberta<strong> La Barraca<\/strong>, a c\u00e0rrec dels alumnes de l&#8217;aula oberta, on s\u2019ofereixen diversos aperitius i tamb\u00e9 es pot gaudir d\u2019un Espai de Circ per qui vulgui mostrar les seves habilitats art\u00edstiques.<\/span><\/span><\/span><\/p>\n<p align=\"justify\"><span style=\"color: #000000;\"><span style=\"font-family: Calibri, sans-serif;\"><span style=\"font-size: medium;\">Pel que fa a ahir, es van oferir una s\u00e8rie d&#8217;activitats pels alumnes de l&#8217;escola entre les qual podem destacar la xerrada de la Meritxell Grimal, manager dels<a href=\"https:\/\/thetyets.com\/\" target=\"_blank\" rel=\"noopener\"> The Tyets<\/a>, la projecci\u00f3 de 3 curtmetratges i xerrada a c\u00e0rrec del creador Ignasi L\u00f3pez, la xerrada de <a href=\"https:\/\/ca.wikipedia.org\/wiki\/Guillem_Cabestany_Vives\" target=\"_blank\" rel=\"noopener\">Guillem Cabestany<\/a> i <a href=\"https:\/\/linktr.ee\/ceskfreixas\" target=\"_blank\" rel=\"noopener\">Cesk Freixas<\/a>, entrenador de la selecci\u00f3 d&#8217;hoquei i cantautor respectivament, a m\u00e9s de ser tots dos exalumnes del nostre institut. A l\u2019hora, hi va haver hi havia un micro obert per tothom qui volgu\u00e9s recitar Lectures Dramatitzades, un Scaperoom i diferents torneigs esportius.<\/span><\/span><\/span><\/p>\n<p align=\"justify\"><span style=\"color: #000000;\"><span style=\"font-family: Calibri, sans-serif;\"><span style=\"font-size: medium;\">Primerament, vam entrevistar la N\u00faria P\u00e9rez, encarregada del taller de macram\u00e9, que ens va explicar que el macram\u00e9 es una t\u00e8cnica en la qual es fan nusos amb fils de cot\u00f3 per a aconseguir un patr\u00f3. Amb aquesta t\u00e8cnica es poden fer tapissos, suports per a testos, etc. En aquest taller s&#8217;ensenya als alumnes aquesta t\u00e8cnica perqu\u00e8 puguin practicar a casa.<\/span><\/span><\/span><\/p>\n<p align=\"justify\"><span style=\"color: #000000;\"><span style=\"font-family: Calibri, sans-serif;\"><span style=\"font-size: medium;\">Posteriorment, ens vam dirigir al taller d&#8217;Origami, on el professor Francesc Forcada ens va explicar l&#8217;origen d&#8217;aquesta pr\u00e0ctica mentre la transmetia als alumnes. Ens va dir que l\u2019origen de l\u2019Origami es al Jap\u00f3 i que ell la va con\u00e8ixer a trav\u00e9s de les matem\u00e0tiques, concretament de la Geometria.<\/span><\/span><\/span><\/p>\n<p align=\"justify\"><span style=\"color: #000000;\"><span style=\"font-family: Calibri, sans-serif;\"><span style=\"font-size: medium;\">En tercer lloc<\/span><\/span><\/span><span style=\"color: #000000;\"><span style=\"font-family: Calibri, sans-serif;\"><span style=\"font-size: medium;\"> vam visitar el taller Retrojocs, a c\u00e0rrec de dos alumnes d\u2019ESO, on ens <\/span><\/span><\/span><span style=\"color: #000000;\"><span style=\"font-family: Calibri, sans-serif;\"><span style=\"font-size: medium;\">hi <\/span><\/span><\/span><span style=\"color: #000000;\"><span style=\"font-family: Calibri, sans-serif;\"><span style=\"font-size: medium;\">vam <\/span><\/span><\/span><span style=\"color: #000000;\"><span style=\"font-family: Calibri, sans-serif;\"><span style=\"font-size: medium;\">passar <\/span><\/span><\/span><span style=\"color: #000000;\"><span style=\"font-family: Calibri, sans-serif;\"><span style=\"font-size: medium;\">una bona estona provant els videojocs m\u00e9s m\u00edtics d\u2019entre els anys <\/span><\/span><\/span><span style=\"color: #000000;\"><span style=\"font-family: Calibri, sans-serif;\"><span style=\"font-size: medium;\">19<\/span><\/span><\/span><span style=\"color: #000000;\"><span style=\"font-family: Calibri, sans-serif;\"><span style=\"font-size: medium;\">90 i 2000, com el Super Smash Bros Browl, el Super Mario Bros o el Wii Party.<\/span><\/span><\/span><\/p>\n<p align=\"justify\"><span style=\"color: #000000;\"><span style=\"font-family: Calibri, sans-serif;\"><span style=\"font-size: medium;\">Despr\u00e9s del pati i una visita a La Barraca, vam arribar a temps per a veure el final de la xerrada de la Meritxell Grimal, manager de la banda de Matar\u00f3 The Thyets, amb la qual vam poder parlar una estoneta. La Meritxell porta treballant amb The Thyets des del seu inici i ens va parlar una mica de la dedicaci\u00f3 que hi ha darrere de l\u2019\u00faltim \u00e0lbum, \u00c8pic Solete, molt recomanable. Ens va parlar tamb\u00e9 de la import\u00e0ncia d\u2019acompanyar l\u2019artista i tenir-hi una relaci\u00f3 m\u00e9s enll\u00e0 del negoci per a saber qu\u00e8 necessita.<\/span><\/span><\/span><\/p>\n<p align=\"justify\"><span style=\"color: #000000;\"><span style=\"font-family: Calibri, sans-serif;\"><span style=\"font-size: medium;\">Despr\u00e9s d\u2019<\/span><\/span><span style=\"font-family: Calibri, sans-serif;\"><span style=\"font-size: medium;\">aquest dia tan complet vam tornar al pati a escoltar la m\u00fasica que posaven.<\/span><\/span><\/span><\/p>\n<p align=\"justify\"><a href=\"https:\/\/agora.xtec.cat\/ins-intermunicipal\/wp-content\/uploads\/usu2220\/2024\/03\/20240306_091432-1.jpg\"><img loading=\"lazy\" decoding=\"async\" class=\"alignnone wp-image-2233 \" src=\"https:\/\/agora.xtec.cat\/ins-intermunicipal\/wp-content\/uploads\/usu2220\/2024\/03\/20240306_091432-1-300x135.jpg\" alt=\"\" width=\"397\" height=\"179\" srcset=\"https:\/\/agora.xtec.cat\/ins-intermunicipal\/wp-content\/uploads\/usu2220\/2024\/03\/20240306_091432-1-300x135.jpg 300w, https:\/\/agora.xtec.cat\/ins-intermunicipal\/wp-content\/uploads\/usu2220\/2024\/03\/20240306_091432-1-768x346.jpg 768w, https:\/\/agora.xtec.cat\/ins-intermunicipal\/wp-content\/uploads\/usu2220\/2024\/03\/20240306_091432-1.jpg 900w\" sizes=\"auto, (max-width: 397px) 100vw, 397px\" \/><\/a><a href=\"https:\/\/agora.xtec.cat\/ins-intermunicipal\/wp-content\/uploads\/usu2220\/2024\/03\/IMG_20240306_092742-1.jpg\"><img loading=\"lazy\" decoding=\"async\" class=\"alignnone wp-image-2238 \" src=\"https:\/\/agora.xtec.cat\/ins-intermunicipal\/wp-content\/uploads\/usu2220\/2024\/03\/IMG_20240306_092742-1-300x135.jpg\" alt=\"\" width=\"395\" height=\"178\" srcset=\"https:\/\/agora.xtec.cat\/ins-intermunicipal\/wp-content\/uploads\/usu2220\/2024\/03\/IMG_20240306_092742-1-300x135.jpg 300w, https:\/\/agora.xtec.cat\/ins-intermunicipal\/wp-content\/uploads\/usu2220\/2024\/03\/IMG_20240306_092742-1-768x346.jpg 768w, https:\/\/agora.xtec.cat\/ins-intermunicipal\/wp-content\/uploads\/usu2220\/2024\/03\/IMG_20240306_092742-1.jpg 899w\" sizes=\"auto, (max-width: 395px) 100vw, 395px\" \/><\/a> <a href=\"https:\/\/agora.xtec.cat\/ins-intermunicipal\/wp-content\/uploads\/usu2220\/2024\/03\/20240306_124246-1.jpg\"><img loading=\"lazy\" decoding=\"async\" class=\"alignnone wp-image-2236\" src=\"https:\/\/agora.xtec.cat\/ins-intermunicipal\/wp-content\/uploads\/usu2220\/2024\/03\/20240306_124246-1-300x135.jpg\" alt=\"\" width=\"495\" height=\"223\" srcset=\"https:\/\/agora.xtec.cat\/ins-intermunicipal\/wp-content\/uploads\/usu2220\/2024\/03\/20240306_124246-1-300x135.jpg 300w, https:\/\/agora.xtec.cat\/ins-intermunicipal\/wp-content\/uploads\/usu2220\/2024\/03\/20240306_124246-1-768x346.jpg 768w, https:\/\/agora.xtec.cat\/ins-intermunicipal\/wp-content\/uploads\/usu2220\/2024\/03\/20240306_124246-1.jpg 900w\" sizes=\"auto, (max-width: 495px) 100vw, 495px\" \/><\/a><a href=\"https:\/\/agora.xtec.cat\/ins-intermunicipal\/wp-content\/uploads\/usu2220\/2024\/03\/1709742610219-1.jpg\"><img loading=\"lazy\" decoding=\"async\" class=\"alignnone wp-image-2235 \" src=\"https:\/\/agora.xtec.cat\/ins-intermunicipal\/wp-content\/uploads\/usu2220\/2024\/03\/1709742610219-1-300x224.jpg\" alt=\"\" width=\"296\" height=\"221\" srcset=\"https:\/\/agora.xtec.cat\/ins-intermunicipal\/wp-content\/uploads\/usu2220\/2024\/03\/1709742610219-1-300x224.jpg 300w, https:\/\/agora.xtec.cat\/ins-intermunicipal\/wp-content\/uploads\/usu2220\/2024\/03\/1709742610219-1-768x574.jpg 768w, https:\/\/agora.xtec.cat\/ins-intermunicipal\/wp-content\/uploads\/usu2220\/2024\/03\/1709742610219-1-200x150.jpg 200w, https:\/\/agora.xtec.cat\/ins-intermunicipal\/wp-content\/uploads\/usu2220\/2024\/03\/1709742610219-1.jpg 900w\" sizes=\"auto, (max-width: 296px) 100vw, 296px\" \/><\/a> \u00a0 <a href=\"https:\/\/agora.xtec.cat\/ins-intermunicipal\/wp-content\/uploads\/usu2220\/2024\/03\/IMG_20240306_113703-2.jpg\"><img loading=\"lazy\" decoding=\"async\" class=\"alignnone wp-image-2237 \" src=\"https:\/\/agora.xtec.cat\/ins-intermunicipal\/wp-content\/uploads\/usu2220\/2024\/03\/IMG_20240306_113703-2-300x225.jpg\" alt=\"\" width=\"340\" height=\"255\" srcset=\"https:\/\/agora.xtec.cat\/ins-intermunicipal\/wp-content\/uploads\/usu2220\/2024\/03\/IMG_20240306_113703-2-300x225.jpg 300w, https:\/\/agora.xtec.cat\/ins-intermunicipal\/wp-content\/uploads\/usu2220\/2024\/03\/IMG_20240306_113703-2-768x575.jpg 768w, https:\/\/agora.xtec.cat\/ins-intermunicipal\/wp-content\/uploads\/usu2220\/2024\/03\/IMG_20240306_113703-2-200x150.jpg 200w, https:\/\/agora.xtec.cat\/ins-intermunicipal\/wp-content\/uploads\/usu2220\/2024\/03\/IMG_20240306_113703-2.jpg 899w\" sizes=\"auto, (max-width: 340px) 100vw, 340px\" \/><\/a><a href=\"https:\/\/agora.xtec.cat\/ins-intermunicipal\/wp-content\/uploads\/usu2220\/2024\/03\/IMG20240306144416-1.jpg\"><img loading=\"lazy\" decoding=\"async\" class=\"alignnone wp-image-2244 \" src=\"https:\/\/agora.xtec.cat\/ins-intermunicipal\/wp-content\/uploads\/usu2220\/2024\/03\/IMG20240306144416-1-300x169.jpg\" alt=\"\" width=\"451\" height=\"254\" srcset=\"https:\/\/agora.xtec.cat\/ins-intermunicipal\/wp-content\/uploads\/usu2220\/2024\/03\/IMG20240306144416-1-300x169.jpg 300w, https:\/\/agora.xtec.cat\/ins-intermunicipal\/wp-content\/uploads\/usu2220\/2024\/03\/IMG20240306144416-1-768x432.jpg 768w, https:\/\/agora.xtec.cat\/ins-intermunicipal\/wp-content\/uploads\/usu2220\/2024\/03\/IMG20240306144416-1.jpg 900w\" sizes=\"auto, (max-width: 451px) 100vw, 451px\" \/><\/a><\/p>\n<p>&nbsp;<\/p>\n<p>&nbsp;<\/p>\n","protected":false},"excerpt":{"rendered":"<p>(Aquesta informaci\u00f3 ha estat elaborada per les alumnes Paula Custodio, Laila Ramon i Olga Urbano)<br \/>\n<a href=\"https:\/\/agora.xtec.cat\/ins-intermunicipal\/wp-content\/uploads\/usu2220\/2024\/03\/IMG_20240306_093534-1-rotated.jpg\"><\/a>Durant la jornada d&#8217;ahir es va inaugurar la 42a edici\u00f3 de les Jornades Culturals a l&#8217;Institut Intermunicipal del Pened\u00e8s. Aquest any s\u2019ofereixen un total de 51 tallers de diverses tipologies:&hellip;  <a href=\"https:\/\/agora.xtec.cat\/ins-intermunicipal\/general\/cronica-de-les-jornades-culturals-dia-1\/\" title=\"Read Cr\u00f2nica de les Jornades Culturals, dia 1\">Llegeix m\u00e9s\u00bb<\/a><\/p>\n","protected":false},"author":7,"featured_media":2237,"comment_status":"closed","ping_status":"closed","sticky":false,"template":"","format":"standard","meta":{"_bbp_topic_count":0,"_bbp_reply_count":0,"_bbp_total_topic_count":0,"_bbp_total_reply_count":0,"_bbp_voice_count":0,"_bbp_anonymous_reply_count":0,"_bbp_topic_count_hidden":0,"_bbp_reply_count_hidden":0,"_bbp_forum_subforum_count":0,"footnotes":""},"categories":[8,3,1,29],"tags":[369,387,370,391,327,393,386,390,366,389,388,392],"class_list":["post-2231","post","type-post","status-publish","format-standard","has-post-thumbnail","hentry","category-bat","category-eso","category-general","category-portada","tag-cesk-freixas","tag-francesc-forcada","tag-guillem-cabestany","tag-ignasi-lopez","tag-jornades-culturals","tag-jornades-culturals-2024","tag-la-barraca","tag-macrame","tag-meritxell-grimal","tag-nuria-perez","tag-origami","tag-retrojocs"],"post_mailing_queue_ids":[],"_links":{"self":[{"href":"https:\/\/agora.xtec.cat\/ins-intermunicipal\/wp-json\/wp\/v2\/posts\/2231","targetHints":{"allow":["GET"]}}],"collection":[{"href":"https:\/\/agora.xtec.cat\/ins-intermunicipal\/wp-json\/wp\/v2\/posts"}],"about":[{"href":"https:\/\/agora.xtec.cat\/ins-intermunicipal\/wp-json\/wp\/v2\/types\/post"}],"author":[{"embeddable":true,"href":"https:\/\/agora.xtec.cat\/ins-intermunicipal\/wp-json\/wp\/v2\/users\/7"}],"replies":[{"embeddable":true,"href":"https:\/\/agora.xtec.cat\/ins-intermunicipal\/wp-json\/wp\/v2\/comments?post=2231"}],"version-history":[{"count":6,"href":"https:\/\/agora.xtec.cat\/ins-intermunicipal\/wp-json\/wp\/v2\/posts\/2231\/revisions"}],"predecessor-version":[{"id":2257,"href":"https:\/\/agora.xtec.cat\/ins-intermunicipal\/wp-json\/wp\/v2\/posts\/2231\/revisions\/2257"}],"wp:featuredmedia":[{"embeddable":true,"href":"https:\/\/agora.xtec.cat\/ins-intermunicipal\/wp-json\/wp\/v2\/media\/2237"}],"wp:attachment":[{"href":"https:\/\/agora.xtec.cat\/ins-intermunicipal\/wp-json\/wp\/v2\/media?parent=2231"}],"wp:term":[{"taxonomy":"category","embeddable":true,"href":"https:\/\/agora.xtec.cat\/ins-intermunicipal\/wp-json\/wp\/v2\/categories?post=2231"},{"taxonomy":"post_tag","embeddable":true,"href":"https:\/\/agora.xtec.cat\/ins-intermunicipal\/wp-json\/wp\/v2\/tags?post=2231"}],"curies":[{"name":"wp","href":"https:\/\/api.w.org\/{rel}","templated":true}]}}