{"id":2226,"date":"2024-03-07T09:22:16","date_gmt":"2024-03-07T08:22:16","guid":{"rendered":"https:\/\/agora.xtec.cat\/ins-intermunicipal\/?p=2226"},"modified":"2024-03-07T09:23:23","modified_gmt":"2024-03-07T08:23:23","slug":"els-alumnes-de-2n-de-batxillerat-a-roma","status":"publish","type":"post","link":"https:\/\/agora.xtec.cat\/ins-intermunicipal\/general\/els-alumnes-de-2n-de-batxillerat-a-roma\/","title":{"rendered":"Els alumnes de 2n de Batxillerat a Roma"},"content":{"rendered":"<p style=\"text-align: justify;\">Entre el 14 i el 17 de febrer els alumnes de 2n de Batxillerat, acompanyats pels seus tutors, van viatjar a Roma. Aquest viatge els va permetre visitar els Museus Vaticans i la Capella Sixtina o la Bas\u00edlica de Sant Pere a m\u00e9s de molts dels monuments m\u00e9s importants de la ciutat com el Coliseum, el Forum o el Pante\u00f3 entre molts altres.<\/p>\n<p>Els alumnes valoren molt b\u00e9 haver pogut admirar directament moltes de les obres que havien estudiat a classe i consideren que aquest viatge ha estat una experi\u00e8ncia molt enriquidora.<\/p>\n<p><a href=\"https:\/\/agora.xtec.cat\/ins-intermunicipal\/wp-content\/uploads\/usu2220\/2024\/03\/IMG-20240215-WA0022.jpg\"><img loading=\"lazy\" decoding=\"async\" class=\"alignnone wp-image-2228 \" src=\"https:\/\/agora.xtec.cat\/ins-intermunicipal\/wp-content\/uploads\/usu2220\/2024\/03\/IMG-20240215-WA0022-300x225.jpg\" alt=\"\" width=\"447\" height=\"335\" srcset=\"https:\/\/agora.xtec.cat\/ins-intermunicipal\/wp-content\/uploads\/usu2220\/2024\/03\/IMG-20240215-WA0022-300x225.jpg 300w, https:\/\/agora.xtec.cat\/ins-intermunicipal\/wp-content\/uploads\/usu2220\/2024\/03\/IMG-20240215-WA0022-768x576.jpg 768w, https:\/\/agora.xtec.cat\/ins-intermunicipal\/wp-content\/uploads\/usu2220\/2024\/03\/IMG-20240215-WA0022-200x150.jpg 200w, https:\/\/agora.xtec.cat\/ins-intermunicipal\/wp-content\/uploads\/usu2220\/2024\/03\/IMG-20240215-WA0022.jpg 900w\" sizes=\"auto, (max-width: 447px) 100vw, 447px\" \/><\/a><a href=\"https:\/\/agora.xtec.cat\/ins-intermunicipal\/wp-content\/uploads\/usu2220\/2024\/03\/IMG-20240214-WA0020.jpg\"><img loading=\"lazy\" decoding=\"async\" class=\"alignnone wp-image-2229 \" src=\"https:\/\/agora.xtec.cat\/ins-intermunicipal\/wp-content\/uploads\/usu2220\/2024\/03\/IMG-20240214-WA0020-300x225.jpg\" alt=\"\" width=\"445\" height=\"334\" srcset=\"https:\/\/agora.xtec.cat\/ins-intermunicipal\/wp-content\/uploads\/usu2220\/2024\/03\/IMG-20240214-WA0020-300x225.jpg 300w, https:\/\/agora.xtec.cat\/ins-intermunicipal\/wp-content\/uploads\/usu2220\/2024\/03\/IMG-20240214-WA0020-768x576.jpg 768w, https:\/\/agora.xtec.cat\/ins-intermunicipal\/wp-content\/uploads\/usu2220\/2024\/03\/IMG-20240214-WA0020-200x150.jpg 200w, https:\/\/agora.xtec.cat\/ins-intermunicipal\/wp-content\/uploads\/usu2220\/2024\/03\/IMG-20240214-WA0020.jpg 900w\" sizes=\"auto, (max-width: 445px) 100vw, 445px\" \/><\/a><\/p>\n<p>&nbsp;<\/p>\n<p>&nbsp;<\/p>\n","protected":false},"excerpt":{"rendered":"<p>Entre el 14 i el 17 de febrer els alumnes de 2n de Batxillerat, acompanyats pels seus tutors, van viatjar a Roma. Aquest viatge els va permetre visitar els Museus Vaticans i la Capella Sixtina o la Bas\u00edlica de Sant Pere a m\u00e9s de molts&hellip;  <a href=\"https:\/\/agora.xtec.cat\/ins-intermunicipal\/general\/els-alumnes-de-2n-de-batxillerat-a-roma\/\" title=\"Read Els alumnes de 2n de Batxillerat a Roma\">Llegeix m\u00e9s\u00bb<\/a><\/p>\n","protected":false},"author":7,"featured_media":2227,"comment_status":"closed","ping_status":"closed","sticky":false,"template":"","format":"standard","meta":{"_bbp_topic_count":0,"_bbp_reply_count":0,"_bbp_total_topic_count":0,"_bbp_total_reply_count":0,"_bbp_voice_count":0,"_bbp_anonymous_reply_count":0,"_bbp_topic_count_hidden":0,"_bbp_reply_count_hidden":0,"_bbp_forum_subforum_count":0,"footnotes":""},"categories":[107,8,1,29],"tags":[331,385],"class_list":["post-2226","post","type-post","status-publish","format-standard","has-post-thumbnail","hentry","category-bat2","category-bat","category-general","category-portada","tag-2n-batxillerat","tag-roma"],"post_mailing_queue_ids":[],"_links":{"self":[{"href":"https:\/\/agora.xtec.cat\/ins-intermunicipal\/wp-json\/wp\/v2\/posts\/2226","targetHints":{"allow":["GET"]}}],"collection":[{"href":"https:\/\/agora.xtec.cat\/ins-intermunicipal\/wp-json\/wp\/v2\/posts"}],"about":[{"href":"https:\/\/agora.xtec.cat\/ins-intermunicipal\/wp-json\/wp\/v2\/types\/post"}],"author":[{"embeddable":true,"href":"https:\/\/agora.xtec.cat\/ins-intermunicipal\/wp-json\/wp\/v2\/users\/7"}],"replies":[{"embeddable":true,"href":"https:\/\/agora.xtec.cat\/ins-intermunicipal\/wp-json\/wp\/v2\/comments?post=2226"}],"version-history":[{"count":1,"href":"https:\/\/agora.xtec.cat\/ins-intermunicipal\/wp-json\/wp\/v2\/posts\/2226\/revisions"}],"predecessor-version":[{"id":2230,"href":"https:\/\/agora.xtec.cat\/ins-intermunicipal\/wp-json\/wp\/v2\/posts\/2226\/revisions\/2230"}],"wp:featuredmedia":[{"embeddable":true,"href":"https:\/\/agora.xtec.cat\/ins-intermunicipal\/wp-json\/wp\/v2\/media\/2227"}],"wp:attachment":[{"href":"https:\/\/agora.xtec.cat\/ins-intermunicipal\/wp-json\/wp\/v2\/media?parent=2226"}],"wp:term":[{"taxonomy":"category","embeddable":true,"href":"https:\/\/agora.xtec.cat\/ins-intermunicipal\/wp-json\/wp\/v2\/categories?post=2226"},{"taxonomy":"post_tag","embeddable":true,"href":"https:\/\/agora.xtec.cat\/ins-intermunicipal\/wp-json\/wp\/v2\/tags?post=2226"}],"curies":[{"name":"wp","href":"https:\/\/api.w.org\/{rel}","templated":true}]}}