{"id":2219,"date":"2026-02-20T21:46:11","date_gmt":"2026-02-20T20:46:11","guid":{"rendered":"https:\/\/agora.xtec.cat\/ins-intermunicipal\/?p=2219"},"modified":"2026-04-29T11:27:04","modified_gmt":"2026-04-29T09:27:04","slug":"preinscripcio-eso-curs-2024-25-telematica","status":"publish","type":"post","link":"https:\/\/agora.xtec.cat\/ins-intermunicipal\/eso\/preinscripcio-eso-curs-2024-25-telematica\/","title":{"rendered":"Preinscripci\u00f3 ESO Curs 2026\/27 &#8211; Telem\u00e0tica"},"content":{"rendered":"<p>Les sol\u00b7licituds s\u2019han de presentar en format telem\u00e0tic,\u00a0<strong>no hi ha la possibilitat de full de preinscripci\u00f3 en paper.<\/strong><\/p>\n<p><span class=\"gmail_default\">El tr\u00e0mit es pot fer en l\u00ednia a trav\u00e9s del portal<\/span><a href=\"https:\/\/preinscripcio.gencat.cat\/ca\/estudis\/eso\/inici\/\" target=\"_blank\" rel=\"noopener\"><span class=\"gmail_default\"> https:\/\/preinscripcio.gencat.cat\/ca\/estudis\/eso\/inici\/<\/span>\u00a0<\/a><span class=\"gmail_default\">\u00a0\u00a0<\/span><\/p>\n<p><strong>Sol\u00b7licitud Electr\u00f2nica:<\/strong>\u00a0cal identificaci\u00f3 digital<\/p>\n<ul>\n<li>Per fer aquesta sol\u00b7licitud caldr\u00e0 identificar-se amb un certificat digital (DNIe, Cl@ve, T-CAT). Si no es disposa de certificat digital, us en podeu generar un de forma f\u00e0cil amb <a href=\"https:\/\/web.gencat.cat\/ca\/tramits\/suport-tramitacio\/durant-la-tramitacio\/signatura-identificacio-digital\/idcat-mobil\/\" target=\"_blank\" rel=\"noopener\">l\u2019IdCat M\u00f2bil<\/a><\/li>\n<li><a href=\"https:\/\/www.youtube.com\/watch?v=sMFIjSzpaBQ&amp;list=PLazEIAgE4NMg721drwRTzhOs92_fvM7wl&amp;index=1\" target=\"_blank\" rel=\"noopener\">Tutorial: com obtenir l\u2019IdCat M\u00f2bil<\/a><\/li>\n<li><a href=\"https:\/\/educacio.gencat.cat\/ca\/tramits\/tramits-temes\/identificador-alumne\" target=\"_blank\" rel=\"noopener\">Cercador RALC\/IDALU de l\u2019alumne\/a<\/a><\/li>\n<li><a href=\"https:\/\/tramits.gencat.cat\/ca\/tramits\/tramits-temes\/perinscripcio-obligatoris?moda=3\" target=\"_blank\" rel=\"noopener\">Formulari preinscripci\u00f3 (codi del centre 08077472)<\/a>:\u00a0<strong>disponible del 6 al 18 de mar\u00e7 de 2026.<\/strong><\/li>\n<\/ul>\n<hr \/>\n<p><strong style=\"font-family: inherit; font-size: 1em;\">Formulari de tria de les mat\u00e8ries optatives de 1r d&#8217;ESO 2026\/27:<\/strong><\/p>\n<p><a href=\"https:\/\/view.genially.com\/65d8602b4b485a001449c1ab\/interactive-content-tria-optatives-eso1\" target=\"_blank\" rel=\"noopener\"><img loading=\"lazy\" decoding=\"async\" class=\"alignnone wp-image-4411\" src=\"https:\/\/agora.xtec.cat\/ins-intermunicipal\/wp-content\/uploads\/usu2220\/2024\/03\/banner_optatives_eso1_2526.png\" alt=\"\" width=\"386\" height=\"136\" srcset=\"https:\/\/agora.xtec.cat\/ins-intermunicipal\/wp-content\/uploads\/usu2220\/2024\/03\/banner_optatives_eso1_2526.png 340w, https:\/\/agora.xtec.cat\/ins-intermunicipal\/wp-content\/uploads\/usu2220\/2024\/03\/banner_optatives_eso1_2526-300x106.png 300w\" sizes=\"auto, (max-width: 386px) 100vw, 386px\" \/><\/a><\/p>\n<hr \/>\n<p><strong>Cal fer la matr\u00edcula del 22 al 30 de juny de 2026: <\/strong>Enlla\u00e7 a la matr\u00edcula (*pendent)<\/p>\n<hr \/>\n<p><em><strong>Enlla\u00e7os i consultes sobre la preinscripci\u00f3:<\/strong><\/em><\/p>\n<ul>\n<li><a href=\"https:\/\/preinscripcio.gencat.cat\/ca\/estudis\/eso\/informat\/calendari\/\" target=\"_blank\" rel=\"noopener\">Calendari preinscripci\u00f3<\/a><\/li>\n<li><a href=\"https:\/\/preinscripcio.gencat.cat\/ca\/estudis\/eso\/ajuda\/pindoles-multimedia\/\" target=\"_blank\" rel=\"noopener\">Dubtes de com emplenar la sol\u00b7licitud de preinscripci\u00f3<\/a>\u00a0(v\u00eddeos explicatius)<\/li>\n<li><a href=\"https:\/\/preinscripcio.gencat.cat\/ca\/estudis\/eso\/preinscriute\/seguiment-sollicitud\/\" target=\"_blank\" rel=\"noopener\">Fes el seguiment de la teva preinscripci\u00f3<\/a><\/li>\n<li><a href=\"https:\/\/preinscripcio.gencat.cat\/ca\/estudis\/eso\/inici\/\" target=\"_blank\" rel=\"noopener noreferrer\">Web del Departament d\u2019Educaci\u00f3<\/a><\/li>\n<\/ul>\n<p>Si teniu dubtes, podeu trucar al Centre de 09:00 h a 14:00 h al 938912061.<\/p>\n<hr \/>\n<p><strong>Llistats Preinscripci\u00f3 ESO 2026\/27<\/strong><\/p>\n<ul>\n<li style=\"list-style-type: none;\">\n<ul>\n<li>Llista oferta inicial de places: <a href=\"https:\/\/agora.xtec.cat\/ins-intermunicipal\/wp-content\/uploads\/usu2220\/2026\/03\/INFORME_OFERTA_OME_INFORME_OFERTA_ESO_2627.pdf\" target=\"_blank\" rel=\"noopener\">Veure llistat (PDF)<\/a><\/li>\n<li>Llista de sol\u00b7licituds que han demanat el centre i l&#8217;ensenyament en primera petici\u00f3 ordenada (29\/04\/2026):\u00a0 <a href=\"https:\/\/agora.xtec.cat\/ins-intermunicipal\/wp-content\/uploads\/usu2220\/2026\/04\/INFORME_BAREM_DEFINITIU_BAREM_ESO_2627.pdf\" target=\"_blank\" rel=\"noopener\">Veure llistat (PDF)<\/a><\/li>\n<\/ul>\n<\/li>\n<\/ul>\n<p>&nbsp;<\/p>\n","protected":false},"excerpt":{"rendered":"<p>Les sol\u00b7licituds s\u2019han de presentar en format telem\u00e0tic,\u00a0no hi ha la possibilitat de full de preinscripci\u00f3 en paper.<br \/>\nEl tr\u00e0mit es pot fer en l\u00ednia a trav\u00e9s del portal<a href=\"https:\/\/preinscripcio.gencat.cat\/ca\/estudis\/eso\/inici\/\" target=\"_blank\" rel=\"noopener\"> https:\/\/preinscripcio.gencat.cat\/ca\/estudis\/eso\/inici\/\u00a0<\/a>\u00a0\u00a0<br \/>\nSol\u00b7licitud Electr\u00f2nica:\u00a0cal identificaci\u00f3 digital<\/p>\n<ul>\n<li>Per fer aquesta sol\u00b7licitud caldr\u00e0 identificar-se amb un certificat digital (DNIe,&hellip;  <a href=\"https:\/\/agora.xtec.cat\/ins-intermunicipal\/eso\/preinscripcio-eso-curs-2024-25-telematica\/\" title=\"Read Preinscripci\u00f3 ESO Curs 2026\/27 &#8211; Telem\u00e0tica\">Llegeix m\u00e9s\u00bb<\/a><br \/>\n","protected":false},"author":6,"featured_media":5682,"comment_status":"closed","ping_status":"closed","sticky":false,"template":"","format":"standard","meta":{"_bbp_topic_count":0,"_bbp_reply_count":0,"_bbp_total_topic_count":0,"_bbp_total_reply_count":0,"_bbp_voice_count":0,"_bbp_anonymous_reply_count":0,"_bbp_topic_count_hidden":0,"_bbp_reply_count_hidden":0,"_bbp_forum_subforum_count":0,"footnotes":""},"categories":[3,29],"tags":[773,220,383],"class_list":["post-2219","post","type-post","status-publish","format-standard","has-post-thumbnail","hentry","category-eso","category-portada","tag-curs-2026-27","tag-eso","tag-preinscripcio"],"post_mailing_queue_ids":[],"_links":{"self":[{"href":"https:\/\/agora.xtec.cat\/ins-intermunicipal\/wp-json\/wp\/v2\/posts\/2219","targetHints":{"allow":["GET"]}}],"collection":[{"href":"https:\/\/agora.xtec.cat\/ins-intermunicipal\/wp-json\/wp\/v2\/posts"}],"about":[{"href":"https:\/\/agora.xtec.cat\/ins-intermunicipal\/wp-json\/wp\/v2\/types\/post"}],"author":[{"embeddable":true,"href":"https:\/\/agora.xtec.cat\/ins-intermunicipal\/wp-json\/wp\/v2\/users\/6"}],"replies":[{"embeddable":true,"href":"https:\/\/agora.xtec.cat\/ins-intermunicipal\/wp-json\/wp\/v2\/comments?post=2219"}],"version-history":[{"count":7,"href":"https:\/\/agora.xtec.cat\/ins-intermunicipal\/wp-json\/wp\/v2\/posts\/2219\/revisions"}],"predecessor-version":[{"id":5860,"href":"https:\/\/agora.xtec.cat\/ins-intermunicipal\/wp-json\/wp\/v2\/posts\/2219\/revisions\/5860"}],"wp:featuredmedia":[{"embeddable":true,"href":"https:\/\/agora.xtec.cat\/ins-intermunicipal\/wp-json\/wp\/v2\/media\/5682"}],"wp:attachment":[{"href":"https:\/\/agora.xtec.cat\/ins-intermunicipal\/wp-json\/wp\/v2\/media?parent=2219"}],"wp:term":[{"taxonomy":"category","embeddable":true,"href":"https:\/\/agora.xtec.cat\/ins-intermunicipal\/wp-json\/wp\/v2\/categories?post=2219"},{"taxonomy":"post_tag","embeddable":true,"href":"https:\/\/agora.xtec.cat\/ins-intermunicipal\/wp-json\/wp\/v2\/tags?post=2219"}],"curies":[{"name":"wp","href":"https:\/\/api.w.org\/{rel}","templated":true}]}}