{"id":2210,"date":"2024-03-06T12:45:11","date_gmt":"2024-03-06T11:45:11","guid":{"rendered":"https:\/\/agora.xtec.cat\/ins-intermunicipal\/?p=2210"},"modified":"2024-03-06T13:05:25","modified_gmt":"2024-03-06T12:05:25","slug":"5a-jornada-del-pla-de-salut-escola-i-comunitat-psec","status":"publish","type":"post","link":"https:\/\/agora.xtec.cat\/ins-intermunicipal\/general\/5a-jornada-del-pla-de-salut-escola-i-comunitat-psec\/","title":{"rendered":"5a Jornada del Pla de Salut Escola i Comunitat (PSEC)"},"content":{"rendered":"<p align=\"justify\"><span style=\"color: #000000;\"><span style=\"font-family: arial, sans-serif;\"><a href=\"https:\/\/agora.xtec.cat\/ins-intermunicipal\/wp-content\/uploads\/usu2220\/2024\/03\/5a-Jornada-PSEC-Relacions-afectivosexuals-positives_page-0001-1.jpg\"><img loading=\"lazy\" decoding=\"async\" class=\"wp-image-2211 alignleft\" src=\"https:\/\/agora.xtec.cat\/ins-intermunicipal\/wp-content\/uploads\/usu2220\/2024\/03\/5a-Jornada-PSEC-Relacions-afectivosexuals-positives_page-0001-1.jpg\" alt=\"\" width=\"314\" height=\"444\" srcset=\"https:\/\/agora.xtec.cat\/ins-intermunicipal\/wp-content\/uploads\/usu2220\/2024\/03\/5a-Jornada-PSEC-Relacions-afectivosexuals-positives_page-0001-1.jpg 900w, https:\/\/agora.xtec.cat\/ins-intermunicipal\/wp-content\/uploads\/usu2220\/2024\/03\/5a-Jornada-PSEC-Relacions-afectivosexuals-positives_page-0001-1-212x300.jpg 212w, https:\/\/agora.xtec.cat\/ins-intermunicipal\/wp-content\/uploads\/usu2220\/2024\/03\/5a-Jornada-PSEC-Relacions-afectivosexuals-positives_page-0001-1-724x1024.jpg 724w, https:\/\/agora.xtec.cat\/ins-intermunicipal\/wp-content\/uploads\/usu2220\/2024\/03\/5a-Jornada-PSEC-Relacions-afectivosexuals-positives_page-0001-1-768x1086.jpg 768w\" sizes=\"auto, (max-width: 314px) 100vw, 314px\" \/><\/a>Dem\u00e0<\/span> <span style=\"font-family: arial, sans-serif;\">7 de mar\u00e7 de 2024<\/span><b> <\/b><span style=\"font-family: arial, sans-serif;\">es far\u00e0<\/span><span style=\"font-family: arial, sans-serif;\"> la <\/span><a href=\"https:\/\/aplicacions.gestioeducativa.gencat.cat\/pls\/soloas\/pk_for_mod_ins.p_for_detall_activitat?p_header=Llista%20d%27activitats^pk_for_mod_ins.p_for_cons_activitats?p_crp=201%26p_any=2023-2024%26p_totes=s%26p_inici=1%26p_excloure_crp_rec=F&amp;p_codi=2010401201&amp;p_curs=2023-2024&amp;p_excloure_crp_rec=F\" target=\"_blank\" rel=\"noopener\"><span style=\"font-family: arial, sans-serif;\"><b>5<\/b><\/span><span style=\"font-family: arial, sans-serif;\"><b>a<\/b><\/span><b> <\/b><span style=\"font-family: arial, sans-serif;\"><b>J<\/b><\/span><span style=\"font-family: arial, sans-serif;\"><b>ornada del P<\/b><\/span><span style=\"font-family: arial, sans-serif;\"><b>la de Salut Escola i Comunitat<\/b><\/span><\/a><span style=\"font-family: arial, sans-serif;\">(PSEC) a <\/span><span style=\"font-family: arial, sans-serif;\"><b>l&#8217;Espai la Nau a Vilafranca del Pened\u00e8s.<\/b><\/span><span style=\"font-family: arial, sans-serif;\"> \u00c9s una jornada organitzada per la representaci\u00f3 dels diferents agents de salut de la comarca i prov\u00edncia.<\/span><\/span><\/p>\n<p align=\"justify\"><span style=\"color: #000000;\"><span style=\"font-family: arial, sans-serif;\">En aquesta 5a edici\u00f3, s&#8217;abordaran <b>Les relacions afectivosexuals positives <\/b>i s&#8217;exposaran diferents programes de salut del territori.<\/span><\/span><\/p>\n<p align=\"justify\"><span style=\"color: #000000;\"><span style=\"font-family: arial, sans-serif;\">L\u2019objectiu de la jornada \u00e9s potenciar l&#8217;educaci\u00f3 per a la salut dels infants i dels joves a partir de propostes educatives d&#8217;\u00e0mbit local i comarcal. En nom dels <strong><a href=\"https:\/\/serveiseducatius.xtec.cat\/altpenedes\/categoria\/psec\/\" target=\"_blank\" rel=\"noopener\">centres EPSAP i IPSAP<\/a><\/strong> i juntament amb Iolanda Bertran i Foix Ortiz, hi intervindr\u00e0 la nostra companya Merc\u00e8 Mompel, responsable del <a href=\"https:\/\/agora.xtec.cat\/ins-intermunicipal\/general\/lipsap-un-projecte-de-salut-pels-joves\/\" target=\"_blank\" rel=\"noopener\">projecte<\/a><\/span><\/span><span style=\"color: #000000;\"><span style=\"font-family: arial, sans-serif;\"><a href=\"https:\/\/agora.xtec.cat\/ins-intermunicipal\/general\/lipsap-un-projecte-de-salut-pels-joves\/\" target=\"_blank\" rel=\"noopener\"> IPSAP<\/a> del nostre institut.\u00a0 Podeu accedir a la totalitat del programa de la jornada clicant <a href=\"https:\/\/serveiseducatius.xtec.cat\/altpenedes\/portada\/5a-jornada-psec-les-relacions-afectivosexuals-positives\/\" target=\"_blank\" rel=\"noopener\"><strong>aquest enlla\u00e7.<\/strong><\/a><\/span><\/span><\/p>\n","protected":false},"excerpt":{"rendered":"<p><a href=\"https:\/\/agora.xtec.cat\/ins-intermunicipal\/wp-content\/uploads\/usu2220\/2024\/03\/5a-Jornada-PSEC-Relacions-afectivosexuals-positives_page-0001-1.jpg\"><\/a>Dem\u00e0 7 de mar\u00e7 de 2024 es far\u00e0 la <a href=\"https:\/\/aplicacions.gestioeducativa.gencat.cat\/pls\/soloas\/pk_for_mod_ins.p_for_detall_activitat?p_header=Llista%20d%27activitats^pk_for_mod_ins.p_for_cons_activitats?p_crp=201%26p_any=2023-2024%26p_totes=s%26p_inici=1%26p_excloure_crp_rec=F&amp;p_codi=2010401201&amp;p_curs=2023-2024&amp;p_excloure_crp_rec=F\" target=\"_blank\" rel=\"noopener\">5a Jornada del Pla de Salut Escola i Comunitat<\/a>(PSEC) a l&#8217;Espai la Nau a Vilafranca del Pened\u00e8s. \u00c9s una jornada organitzada per la representaci\u00f3 dels diferents agents de salut de la comarca&hellip;  <a href=\"https:\/\/agora.xtec.cat\/ins-intermunicipal\/general\/5a-jornada-del-pla-de-salut-escola-i-comunitat-psec\/\" title=\"Read 5a Jornada del Pla de Salut Escola i Comunitat (PSEC)\">Llegeix m\u00e9s\u00bb<\/a><\/p>\n","protected":false},"author":7,"featured_media":2214,"comment_status":"closed","ping_status":"closed","sticky":false,"template":"","format":"standard","meta":{"_bbp_topic_count":0,"_bbp_reply_count":0,"_bbp_total_topic_count":0,"_bbp_total_reply_count":0,"_bbp_voice_count":0,"_bbp_anonymous_reply_count":0,"_bbp_topic_count_hidden":0,"_bbp_reply_count_hidden":0,"_bbp_forum_subforum_count":0,"footnotes":""},"categories":[31,1,29],"tags":[],"class_list":["post-2210","post","type-post","status-publish","format-standard","has-post-thumbnail","hentry","category-ampa","category-general","category-portada"],"post_mailing_queue_ids":[],"_links":{"self":[{"href":"https:\/\/agora.xtec.cat\/ins-intermunicipal\/wp-json\/wp\/v2\/posts\/2210","targetHints":{"allow":["GET"]}}],"collection":[{"href":"https:\/\/agora.xtec.cat\/ins-intermunicipal\/wp-json\/wp\/v2\/posts"}],"about":[{"href":"https:\/\/agora.xtec.cat\/ins-intermunicipal\/wp-json\/wp\/v2\/types\/post"}],"author":[{"embeddable":true,"href":"https:\/\/agora.xtec.cat\/ins-intermunicipal\/wp-json\/wp\/v2\/users\/7"}],"replies":[{"embeddable":true,"href":"https:\/\/agora.xtec.cat\/ins-intermunicipal\/wp-json\/wp\/v2\/comments?post=2210"}],"version-history":[{"count":5,"href":"https:\/\/agora.xtec.cat\/ins-intermunicipal\/wp-json\/wp\/v2\/posts\/2210\/revisions"}],"predecessor-version":[{"id":2218,"href":"https:\/\/agora.xtec.cat\/ins-intermunicipal\/wp-json\/wp\/v2\/posts\/2210\/revisions\/2218"}],"wp:featuredmedia":[{"embeddable":true,"href":"https:\/\/agora.xtec.cat\/ins-intermunicipal\/wp-json\/wp\/v2\/media\/2214"}],"wp:attachment":[{"href":"https:\/\/agora.xtec.cat\/ins-intermunicipal\/wp-json\/wp\/v2\/media?parent=2210"}],"wp:term":[{"taxonomy":"category","embeddable":true,"href":"https:\/\/agora.xtec.cat\/ins-intermunicipal\/wp-json\/wp\/v2\/categories?post=2210"},{"taxonomy":"post_tag","embeddable":true,"href":"https:\/\/agora.xtec.cat\/ins-intermunicipal\/wp-json\/wp\/v2\/tags?post=2210"}],"curies":[{"name":"wp","href":"https:\/\/api.w.org\/{rel}","templated":true}]}}