{"id":2194,"date":"2024-03-05T13:53:09","date_gmt":"2024-03-05T12:53:09","guid":{"rendered":"https:\/\/agora.xtec.cat\/ins-intermunicipal\/?p=2194"},"modified":"2024-03-05T14:15:28","modified_gmt":"2024-03-05T13:15:28","slug":"la-setmana-de-lorientacio-a-linter","status":"publish","type":"post","link":"https:\/\/agora.xtec.cat\/ins-intermunicipal\/general\/la-setmana-de-lorientacio-a-linter\/","title":{"rendered":"La Setmana de l&#8217;Orientaci\u00f3 a l&#8217;\u00cdnter"},"content":{"rendered":"<p style=\"text-align: justify;\"><span style=\"color: #222222;\"><span style=\"font-size: medium;\"><a href=\"https:\/\/agora.xtec.cat\/ins-intermunicipal\/wp-content\/uploads\/usu2220\/2024\/03\/Logo-Setmana-Orientacio-Negre.png\"><img loading=\"lazy\" decoding=\"async\" class=\" wp-image-2202 alignleft\" src=\"https:\/\/agora.xtec.cat\/ins-intermunicipal\/wp-content\/uploads\/usu2220\/2024\/03\/Logo-Setmana-Orientacio-Negre.png\" alt=\"\" width=\"272\" height=\"272\" srcset=\"https:\/\/agora.xtec.cat\/ins-intermunicipal\/wp-content\/uploads\/usu2220\/2024\/03\/Logo-Setmana-Orientacio-Negre.png 500w, https:\/\/agora.xtec.cat\/ins-intermunicipal\/wp-content\/uploads\/usu2220\/2024\/03\/Logo-Setmana-Orientacio-Negre-300x300.png 300w, https:\/\/agora.xtec.cat\/ins-intermunicipal\/wp-content\/uploads\/usu2220\/2024\/03\/Logo-Setmana-Orientacio-Negre-150x150.png 150w\" sizes=\"auto, (max-width: 272px) 100vw, 272px\" \/><\/a>Des de l\u201911 al 15 de mar\u00e7 i gr\u00e0cies a la coordinaci\u00f3 i el treball conjunt de les responsables d\u2019orientaci\u00f3 d\u2019ESO, Batxillerat i FP, es dur\u00e0 a terme<a href=\"https:\/\/drive.google.com\/file\/d\/1ci6rDshHTvpR3dupkJkaNvd1doqdNp4V\/view\" target=\"_blank\" rel=\"noopener\"> <strong>La setmana de l&#8217;Orientaci\u00f3 a l&#8217;\u00cdnter<\/strong><\/a><b>. <\/b>Durant tota la setmana hi haur\u00e0 diverses activitats i xerrades per tal que els alumnes es puguin informar sobre l\u2019etapa dels estudis postobligatoris i les opcions que tenen a l\u2019Institut Intermunicipal del Pened\u00e8s.<\/span><\/span><\/p>\n<p style=\"text-align: justify;\"><span style=\"color: #222222;\"><span style=\"font-size: medium;\">La nostra voluntat \u00e9s potenciar l\u2019orientaci\u00f3 sobre els estudis postobligatoris al nostre centre i, al mateix temps, donar m\u00e9s visibilitat als estudis de Batxillerat i de Cicles Formatius que oferim, sobretot als que ens han estat atorgats recentment, \u00e9s a dir, el CFGM de Farm\u00e0cia i Parafarm\u00e0cia i el CFGS d\u2019Integraci\u00f3 social.<\/span><\/span><\/p>\n<p style=\"text-align: justify;\"><span style=\"color: #222222;\"><span style=\"font-size: medium;\">Us convidem, tamb\u00e9, a assistir a la xerrada <a href=\"https:\/\/drive.google.com\/file\/d\/1fkVn5p4i0C6AxC42be3Df0AN0RH2vdgI\/view\" target=\"_blank\" rel=\"noopener\"><b>Les opcions de l\u2019etapa postobligat\u00f2ria <\/b><\/a>que es far\u00e0 el dimarts 12 de mar\u00e7 a les 18:30h. Aquesta xerrada ha de servir per donar a con\u00e8ixer les diverses opcions que ofereix el sistema educatiu i, especialment, per explicar com s\u2019organitzen els diferents itineraris al nostre institut. Si hi volgu\u00e9ssiu assistir, us podeu inscriure clicant l\u2019enlla\u00e7 seg\u00fcent:<a href=\"https:\/\/docs.google.com\/forms\/d\/e\/1FAIpQLSckpB6PpfCJRBf2vihkoS5rY6LlZypvfUn8aQE954BcNnE0eA\/viewform\" target=\"_blank\" rel=\"noopener\"><strong> l&#8217;etapa postobligat\u00f2ria.<\/strong><\/a><\/span><\/span><\/p>\n<p style=\"text-align: justify;\">Desitgem que les activitats d\u2019aquesta setmana serveixin als nostres alumnes a tenir m\u00e9s informaci\u00f3 i a prendre decisions conscients sobre el seu futur acad\u00e8mic, professional i personal. I aprofitem tamb\u00e9 per recordar-vos que el 18 d&#8217;abril es far\u00e0 la Jornada de Portes Obertes de Batxillerat i el 2 de maig la Jornada de Portes Obertes d&#8217;FP, tant de Cicles Formatius com del Programa de Formaci\u00f3 i Inserci\u00f3.<\/p>\n","protected":false},"excerpt":{"rendered":"<p><a href=\"https:\/\/agora.xtec.cat\/ins-intermunicipal\/wp-content\/uploads\/usu2220\/2024\/03\/Logo-Setmana-Orientacio-Negre.png\"><\/a>Des de l\u201911 al 15 de mar\u00e7 i gr\u00e0cies a la coordinaci\u00f3 i el treball conjunt de les responsables d\u2019orientaci\u00f3 d\u2019ESO, Batxillerat i FP, es dur\u00e0 a terme<a href=\"https:\/\/drive.google.com\/file\/d\/1ci6rDshHTvpR3dupkJkaNvd1doqdNp4V\/view\" target=\"_blank\" rel=\"noopener\"> La setmana de l&#8217;Orientaci\u00f3 a l&#8217;\u00cdnter<\/a>. Durant tota la setmana hi haur\u00e0 diverses&hellip;  <a href=\"https:\/\/agora.xtec.cat\/ins-intermunicipal\/general\/la-setmana-de-lorientacio-a-linter\/\" title=\"Read La Setmana de l&#8217;Orientaci\u00f3 a l&#8217;\u00cdnter\">Llegeix m\u00e9s\u00bb<\/a><\/p>\n","protected":false},"author":7,"featured_media":2204,"comment_status":"closed","ping_status":"closed","sticky":false,"template":"","format":"standard","meta":{"_bbp_topic_count":0,"_bbp_reply_count":0,"_bbp_total_topic_count":0,"_bbp_total_reply_count":0,"_bbp_voice_count":0,"_bbp_anonymous_reply_count":0,"_bbp_topic_count_hidden":0,"_bbp_reply_count_hidden":0,"_bbp_forum_subforum_count":0,"footnotes":""},"categories":[31,8,30,1,29],"tags":[170,171,203,382,381],"class_list":["post-2194","post","type-post","status-publish","format-standard","has-post-thumbnail","hentry","category-ampa","category-bat","category-formacio-professional","category-general","category-portada","tag-batxillerat","tag-cfgm","tag-cfgs","tag-letapa-postobligatoria","tag-setmana-de-lorientacio"],"post_mailing_queue_ids":[],"_links":{"self":[{"href":"https:\/\/agora.xtec.cat\/ins-intermunicipal\/wp-json\/wp\/v2\/posts\/2194","targetHints":{"allow":["GET"]}}],"collection":[{"href":"https:\/\/agora.xtec.cat\/ins-intermunicipal\/wp-json\/wp\/v2\/posts"}],"about":[{"href":"https:\/\/agora.xtec.cat\/ins-intermunicipal\/wp-json\/wp\/v2\/types\/post"}],"author":[{"embeddable":true,"href":"https:\/\/agora.xtec.cat\/ins-intermunicipal\/wp-json\/wp\/v2\/users\/7"}],"replies":[{"embeddable":true,"href":"https:\/\/agora.xtec.cat\/ins-intermunicipal\/wp-json\/wp\/v2\/comments?post=2194"}],"version-history":[{"count":6,"href":"https:\/\/agora.xtec.cat\/ins-intermunicipal\/wp-json\/wp\/v2\/posts\/2194\/revisions"}],"predecessor-version":[{"id":2209,"href":"https:\/\/agora.xtec.cat\/ins-intermunicipal\/wp-json\/wp\/v2\/posts\/2194\/revisions\/2209"}],"wp:featuredmedia":[{"embeddable":true,"href":"https:\/\/agora.xtec.cat\/ins-intermunicipal\/wp-json\/wp\/v2\/media\/2204"}],"wp:attachment":[{"href":"https:\/\/agora.xtec.cat\/ins-intermunicipal\/wp-json\/wp\/v2\/media?parent=2194"}],"wp:term":[{"taxonomy":"category","embeddable":true,"href":"https:\/\/agora.xtec.cat\/ins-intermunicipal\/wp-json\/wp\/v2\/categories?post=2194"},{"taxonomy":"post_tag","embeddable":true,"href":"https:\/\/agora.xtec.cat\/ins-intermunicipal\/wp-json\/wp\/v2\/tags?post=2194"}],"curies":[{"name":"wp","href":"https:\/\/api.w.org\/{rel}","templated":true}]}}