{"id":2067,"date":"2024-02-22T11:46:33","date_gmt":"2024-02-22T10:46:33","guid":{"rendered":"https:\/\/agora.xtec.cat\/ins-intermunicipal\/?p=2067"},"modified":"2024-02-22T11:48:18","modified_gmt":"2024-02-22T10:48:18","slug":"intervencio-a-lentitat-llambrusca","status":"publish","type":"post","link":"https:\/\/agora.xtec.cat\/ins-intermunicipal\/general\/intervencio-a-lentitat-llambrusca\/","title":{"rendered":"Intervenci\u00f3 a l&#8217;entitat Llambrusca"},"content":{"rendered":"<p><a href=\"https:\/\/agora.xtec.cat\/ins-intermunicipal\/wp-content\/uploads\/usu2220\/2024\/02\/Imatge-de-WhatsApp-2024-02-21-a-les-19.22.29_06cca8f1.jpg\"><img loading=\"lazy\" decoding=\"async\" class=\"size-medium wp-image-2072 alignright\" src=\"https:\/\/agora.xtec.cat\/ins-intermunicipal\/wp-content\/uploads\/usu2220\/2024\/02\/Imatge-de-WhatsApp-2024-02-21-a-les-19.22.29_06cca8f1-300x225.jpg\" alt=\"\" width=\"300\" height=\"225\" srcset=\"https:\/\/agora.xtec.cat\/ins-intermunicipal\/wp-content\/uploads\/usu2220\/2024\/02\/Imatge-de-WhatsApp-2024-02-21-a-les-19.22.29_06cca8f1-300x225.jpg 300w, https:\/\/agora.xtec.cat\/ins-intermunicipal\/wp-content\/uploads\/usu2220\/2024\/02\/Imatge-de-WhatsApp-2024-02-21-a-les-19.22.29_06cca8f1-1024x768.jpg 1024w, https:\/\/agora.xtec.cat\/ins-intermunicipal\/wp-content\/uploads\/usu2220\/2024\/02\/Imatge-de-WhatsApp-2024-02-21-a-les-19.22.29_06cca8f1-768x576.jpg 768w, https:\/\/agora.xtec.cat\/ins-intermunicipal\/wp-content\/uploads\/usu2220\/2024\/02\/Imatge-de-WhatsApp-2024-02-21-a-les-19.22.29_06cca8f1-1536x1152.jpg 1536w, https:\/\/agora.xtec.cat\/ins-intermunicipal\/wp-content\/uploads\/usu2220\/2024\/02\/Imatge-de-WhatsApp-2024-02-21-a-les-19.22.29_06cca8f1-200x150.jpg 200w, https:\/\/agora.xtec.cat\/ins-intermunicipal\/wp-content\/uploads\/usu2220\/2024\/02\/Imatge-de-WhatsApp-2024-02-21-a-les-19.22.29_06cca8f1.jpg 1600w\" sizes=\"auto, (max-width: 300px) 100vw, 300px\" \/><\/a>L\u2019aprenentatge servei, APS, \u00e9s una proposta educativa que combina processos d\u2019aprenentatge i de servei a la comunitat en un sol projecte, en el qual els participants es formen tot treballant sobre necessitats reals de l\u2019entorn amb l\u2019objectiu de millorar-lo. L\u2019aprenentatge servei \u00e9s, doncs, un projecte educatiu amb utilitat social. Aquesta \u00e9s la metodologia que des de fa anys es treballa en els m\u00f2duls de S\u00edntesi, pels CFGM i Projecte pels CFGS a l&#8217;\u00cdnter.<\/p>\n<p>Les imatges que trobareu en aquesta not\u00edcia s\u00f3n de les intervencions amb activitats que durant tres setmanes va preparar l&#8217;alumnat del CFGM d&#8217;Atenci\u00f3 a persones en situaci\u00f3 de depend\u00e8ncia. Van treballar la metodologia, els objectius, van preparar les activitats i ara despr\u00e9s de la intervenci\u00f3 tocar\u00e0 fer l&#8217;avaluaci\u00f3 de la feina feta.<\/p>\n<p>Llambrusca \u00e9s una entitat sense afany de lucre que t\u00e9 com a objectiu la millora en la qualitat de vida del malalt d&#8217;Alzheimer i visualitzar a la societat la malaltia. L&#8217;entitat duu a terme projectes d&#8217;intervenci\u00f3 no farmacol\u00f2gica des d&#8217;una mirada integradora que pren com a objecte d&#8217;intervenci\u00f3 l&#8217;usuari, el cuidador, fam\u00edlia i compta amb voluntariat. Llambrusca \u2013 Alzheimer Pened\u00e8s va n\u00e9ixer l\u2019any 2002 com a delegaci\u00f3 a l\u2019Alt Pened\u00e8s de l\u2019Associaci\u00f3 de Familiars d\u2019Alzheimer de Barcelona (AFAB) i a partir del 2006 es va independitzar passant a funcionar de manera aut\u00f2noma.<\/p>\n<p><a href=\"https:\/\/agora.xtec.cat\/ins-intermunicipal\/wp-content\/uploads\/usu2220\/2024\/02\/Imatge-de-WhatsApp-2024-02-21-a-les-19.23.00_58dd8d7a.jpg\"><img loading=\"lazy\" decoding=\"async\" class=\"alignnone size-medium wp-image-2071\" src=\"https:\/\/agora.xtec.cat\/ins-intermunicipal\/wp-content\/uploads\/usu2220\/2024\/02\/Imatge-de-WhatsApp-2024-02-21-a-les-19.23.00_58dd8d7a-225x300.jpg\" alt=\"\" width=\"225\" height=\"300\" srcset=\"https:\/\/agora.xtec.cat\/ins-intermunicipal\/wp-content\/uploads\/usu2220\/2024\/02\/Imatge-de-WhatsApp-2024-02-21-a-les-19.23.00_58dd8d7a-225x300.jpg 225w, https:\/\/agora.xtec.cat\/ins-intermunicipal\/wp-content\/uploads\/usu2220\/2024\/02\/Imatge-de-WhatsApp-2024-02-21-a-les-19.23.00_58dd8d7a-768x1024.jpg 768w, https:\/\/agora.xtec.cat\/ins-intermunicipal\/wp-content\/uploads\/usu2220\/2024\/02\/Imatge-de-WhatsApp-2024-02-21-a-les-19.23.00_58dd8d7a-1152x1536.jpg 1152w, https:\/\/agora.xtec.cat\/ins-intermunicipal\/wp-content\/uploads\/usu2220\/2024\/02\/Imatge-de-WhatsApp-2024-02-21-a-les-19.23.00_58dd8d7a.jpg 1200w\" sizes=\"auto, (max-width: 225px) 100vw, 225px\" \/><\/a><a href=\"https:\/\/agora.xtec.cat\/ins-intermunicipal\/wp-content\/uploads\/usu2220\/2024\/02\/Imatge-de-WhatsApp-2024-02-21-a-les-19.23.24_4aa7b8a1.jpg\"><img loading=\"lazy\" decoding=\"async\" class=\"alignnone size-medium wp-image-2070\" src=\"https:\/\/agora.xtec.cat\/ins-intermunicipal\/wp-content\/uploads\/usu2220\/2024\/02\/Imatge-de-WhatsApp-2024-02-21-a-les-19.23.24_4aa7b8a1-300x225.jpg\" alt=\"\" width=\"300\" height=\"225\" srcset=\"https:\/\/agora.xtec.cat\/ins-intermunicipal\/wp-content\/uploads\/usu2220\/2024\/02\/Imatge-de-WhatsApp-2024-02-21-a-les-19.23.24_4aa7b8a1-300x225.jpg 300w, https:\/\/agora.xtec.cat\/ins-intermunicipal\/wp-content\/uploads\/usu2220\/2024\/02\/Imatge-de-WhatsApp-2024-02-21-a-les-19.23.24_4aa7b8a1-1024x768.jpg 1024w, https:\/\/agora.xtec.cat\/ins-intermunicipal\/wp-content\/uploads\/usu2220\/2024\/02\/Imatge-de-WhatsApp-2024-02-21-a-les-19.23.24_4aa7b8a1-768x576.jpg 768w, https:\/\/agora.xtec.cat\/ins-intermunicipal\/wp-content\/uploads\/usu2220\/2024\/02\/Imatge-de-WhatsApp-2024-02-21-a-les-19.23.24_4aa7b8a1-1536x1152.jpg 1536w, https:\/\/agora.xtec.cat\/ins-intermunicipal\/wp-content\/uploads\/usu2220\/2024\/02\/Imatge-de-WhatsApp-2024-02-21-a-les-19.23.24_4aa7b8a1-200x150.jpg 200w, https:\/\/agora.xtec.cat\/ins-intermunicipal\/wp-content\/uploads\/usu2220\/2024\/02\/Imatge-de-WhatsApp-2024-02-21-a-les-19.23.24_4aa7b8a1.jpg 1600w\" sizes=\"auto, (max-width: 300px) 100vw, 300px\" \/><\/a><\/p>\n","protected":false},"excerpt":{"rendered":"<p><a href=\"https:\/\/agora.xtec.cat\/ins-intermunicipal\/wp-content\/uploads\/usu2220\/2024\/02\/Imatge-de-WhatsApp-2024-02-21-a-les-19.22.29_06cca8f1.jpg\"><\/a>L\u2019aprenentatge servei, APS, \u00e9s una proposta educativa que combina processos d\u2019aprenentatge i de servei a la comunitat en un sol projecte, en el qual els participants es formen tot treballant sobre necessitats reals de l\u2019entorn amb l\u2019objectiu de millorar-lo. L\u2019aprenentatge servei \u00e9s, doncs, un&hellip;  <a href=\"https:\/\/agora.xtec.cat\/ins-intermunicipal\/general\/intervencio-a-lentitat-llambrusca\/\" title=\"Read Intervenci\u00f3 a l&#8217;entitat Llambrusca\">Llegeix m\u00e9s\u00bb<\/a><\/p>\n","protected":false},"author":8,"featured_media":2070,"comment_status":"closed","ping_status":"closed","sticky":false,"template":"","format":"standard","meta":{"_bbp_topic_count":0,"_bbp_reply_count":0,"_bbp_total_topic_count":0,"_bbp_total_reply_count":0,"_bbp_voice_count":0,"_bbp_anonymous_reply_count":0,"_bbp_topic_count_hidden":0,"_bbp_reply_count_hidden":0,"_bbp_forum_subforum_count":0,"footnotes":""},"categories":[30,1,29],"tags":[250],"class_list":["post-2067","post","type-post","status-publish","format-standard","has-post-thumbnail","hentry","category-formacio-professional","category-general","category-portada","tag-cfgm-atencio-a-persones-en-situacio-de-dependencia"],"post_mailing_queue_ids":[],"_links":{"self":[{"href":"https:\/\/agora.xtec.cat\/ins-intermunicipal\/wp-json\/wp\/v2\/posts\/2067","targetHints":{"allow":["GET"]}}],"collection":[{"href":"https:\/\/agora.xtec.cat\/ins-intermunicipal\/wp-json\/wp\/v2\/posts"}],"about":[{"href":"https:\/\/agora.xtec.cat\/ins-intermunicipal\/wp-json\/wp\/v2\/types\/post"}],"author":[{"embeddable":true,"href":"https:\/\/agora.xtec.cat\/ins-intermunicipal\/wp-json\/wp\/v2\/users\/8"}],"replies":[{"embeddable":true,"href":"https:\/\/agora.xtec.cat\/ins-intermunicipal\/wp-json\/wp\/v2\/comments?post=2067"}],"version-history":[{"count":3,"href":"https:\/\/agora.xtec.cat\/ins-intermunicipal\/wp-json\/wp\/v2\/posts\/2067\/revisions"}],"predecessor-version":[{"id":2074,"href":"https:\/\/agora.xtec.cat\/ins-intermunicipal\/wp-json\/wp\/v2\/posts\/2067\/revisions\/2074"}],"wp:featuredmedia":[{"embeddable":true,"href":"https:\/\/agora.xtec.cat\/ins-intermunicipal\/wp-json\/wp\/v2\/media\/2070"}],"wp:attachment":[{"href":"https:\/\/agora.xtec.cat\/ins-intermunicipal\/wp-json\/wp\/v2\/media?parent=2067"}],"wp:term":[{"taxonomy":"category","embeddable":true,"href":"https:\/\/agora.xtec.cat\/ins-intermunicipal\/wp-json\/wp\/v2\/categories?post=2067"},{"taxonomy":"post_tag","embeddable":true,"href":"https:\/\/agora.xtec.cat\/ins-intermunicipal\/wp-json\/wp\/v2\/tags?post=2067"}],"curies":[{"name":"wp","href":"https:\/\/api.w.org\/{rel}","templated":true}]}}