{"id":2064,"date":"2024-02-22T10:54:36","date_gmt":"2024-02-22T09:54:36","guid":{"rendered":"https:\/\/agora.xtec.cat\/ins-intermunicipal\/?p=2064"},"modified":"2024-02-22T10:54:36","modified_gmt":"2024-02-22T09:54:36","slug":"visita-al-crae-de-vilobi","status":"publish","type":"post","link":"https:\/\/agora.xtec.cat\/ins-intermunicipal\/general\/visita-al-crae-de-vilobi\/","title":{"rendered":"Visita al CRAE de Vilob\u00ed"},"content":{"rendered":"<p>El Centre Residencial d&#8217;Acci\u00f3 Educativa, CRAE de Vilob\u00ed del Pened\u00e8s va obrir dimarts passat les portes a l&#8217;alumnat de segon curs del CFGS d&#8217;Educaci\u00f3 Infantil. Una visita commovedora i entranyable guiada pel director del centre, que ens va acollir i ens va explicar la rutina i l&#8217;organitzaci\u00f3 d&#8217;aquest espai. Un espai que avui dia acull 12 adolescents.<\/p>\n<p>Una experi\u00e8ncia molt necess\u00e0ria per mostrar tot all\u00f2 que hav\u00edem treballat a l&#8217;aula. Aquesta visita ens va fer reflexionar i ens ha perm\u00e8s aprendre que la realitat que pateixen els infants supera, malauradament, molts cops el que ens expliquen els llibres i manuals te\u00f2rics.<\/p>\n<p><a href=\"https:\/\/agora.xtec.cat\/ins-intermunicipal\/wp-content\/uploads\/usu2220\/2024\/02\/IMG-20240220-WA0047.jpg\"><img loading=\"lazy\" decoding=\"async\" class=\"alignnone size-large wp-image-2065\" src=\"https:\/\/agora.xtec.cat\/ins-intermunicipal\/wp-content\/uploads\/usu2220\/2024\/02\/IMG-20240220-WA0047-1024x768.jpg\" alt=\"\" width=\"1024\" height=\"768\" srcset=\"https:\/\/agora.xtec.cat\/ins-intermunicipal\/wp-content\/uploads\/usu2220\/2024\/02\/IMG-20240220-WA0047-1024x768.jpg 1024w, https:\/\/agora.xtec.cat\/ins-intermunicipal\/wp-content\/uploads\/usu2220\/2024\/02\/IMG-20240220-WA0047-300x225.jpg 300w, https:\/\/agora.xtec.cat\/ins-intermunicipal\/wp-content\/uploads\/usu2220\/2024\/02\/IMG-20240220-WA0047-768x576.jpg 768w, https:\/\/agora.xtec.cat\/ins-intermunicipal\/wp-content\/uploads\/usu2220\/2024\/02\/IMG-20240220-WA0047-1536x1152.jpg 1536w, https:\/\/agora.xtec.cat\/ins-intermunicipal\/wp-content\/uploads\/usu2220\/2024\/02\/IMG-20240220-WA0047-200x150.jpg 200w, https:\/\/agora.xtec.cat\/ins-intermunicipal\/wp-content\/uploads\/usu2220\/2024\/02\/IMG-20240220-WA0047.jpg 2048w\" sizes=\"auto, (max-width: 1024px) 100vw, 1024px\" \/><\/a><\/p>\n","protected":false},"excerpt":{"rendered":"<p>El Centre Residencial d&#8217;Acci\u00f3 Educativa, CRAE de Vilob\u00ed del Pened\u00e8s va obrir dimarts passat les portes a l&#8217;alumnat de segon curs del CFGS d&#8217;Educaci\u00f3 Infantil. Una visita commovedora i entranyable guiada pel director del centre, que ens va acollir i ens va explicar la rutina&hellip;  <a href=\"https:\/\/agora.xtec.cat\/ins-intermunicipal\/general\/visita-al-crae-de-vilobi\/\" title=\"Read Visita al CRAE de Vilob\u00ed\">Llegeix m\u00e9s\u00bb<\/a><\/p>\n","protected":false},"author":8,"featured_media":2065,"comment_status":"closed","ping_status":"closed","sticky":false,"template":"","format":"standard","meta":{"_bbp_topic_count":0,"_bbp_reply_count":0,"_bbp_total_topic_count":0,"_bbp_total_reply_count":0,"_bbp_voice_count":0,"_bbp_anonymous_reply_count":0,"_bbp_topic_count_hidden":0,"_bbp_reply_count_hidden":0,"_bbp_forum_subforum_count":0,"footnotes":""},"categories":[30,1,29],"tags":[252],"class_list":["post-2064","post","type-post","status-publish","format-standard","has-post-thumbnail","hentry","category-formacio-professional","category-general","category-portada","tag-cfgs-deducacio-infantil"],"post_mailing_queue_ids":[],"_links":{"self":[{"href":"https:\/\/agora.xtec.cat\/ins-intermunicipal\/wp-json\/wp\/v2\/posts\/2064","targetHints":{"allow":["GET"]}}],"collection":[{"href":"https:\/\/agora.xtec.cat\/ins-intermunicipal\/wp-json\/wp\/v2\/posts"}],"about":[{"href":"https:\/\/agora.xtec.cat\/ins-intermunicipal\/wp-json\/wp\/v2\/types\/post"}],"author":[{"embeddable":true,"href":"https:\/\/agora.xtec.cat\/ins-intermunicipal\/wp-json\/wp\/v2\/users\/8"}],"replies":[{"embeddable":true,"href":"https:\/\/agora.xtec.cat\/ins-intermunicipal\/wp-json\/wp\/v2\/comments?post=2064"}],"version-history":[{"count":1,"href":"https:\/\/agora.xtec.cat\/ins-intermunicipal\/wp-json\/wp\/v2\/posts\/2064\/revisions"}],"predecessor-version":[{"id":2066,"href":"https:\/\/agora.xtec.cat\/ins-intermunicipal\/wp-json\/wp\/v2\/posts\/2064\/revisions\/2066"}],"wp:featuredmedia":[{"embeddable":true,"href":"https:\/\/agora.xtec.cat\/ins-intermunicipal\/wp-json\/wp\/v2\/media\/2065"}],"wp:attachment":[{"href":"https:\/\/agora.xtec.cat\/ins-intermunicipal\/wp-json\/wp\/v2\/media?parent=2064"}],"wp:term":[{"taxonomy":"category","embeddable":true,"href":"https:\/\/agora.xtec.cat\/ins-intermunicipal\/wp-json\/wp\/v2\/categories?post=2064"},{"taxonomy":"post_tag","embeddable":true,"href":"https:\/\/agora.xtec.cat\/ins-intermunicipal\/wp-json\/wp\/v2\/tags?post=2064"}],"curies":[{"name":"wp","href":"https:\/\/api.w.org\/{rel}","templated":true}]}}