{"id":2059,"date":"2024-02-22T10:30:05","date_gmt":"2024-02-22T09:30:05","guid":{"rendered":"https:\/\/agora.xtec.cat\/ins-intermunicipal\/?p=2059"},"modified":"2024-02-22T10:32:13","modified_gmt":"2024-02-22T09:32:13","slug":"sessio-de-musicoterapia-a-linter","status":"publish","type":"post","link":"https:\/\/agora.xtec.cat\/ins-intermunicipal\/general\/sessio-de-musicoterapia-a-linter\/","title":{"rendered":"Sessi\u00f3 de musicoter\u00e0pia a l&#8217;\u00cdnter"},"content":{"rendered":"<p>L&#8217;alumnat de segon curs del CFGS d&#8217;Educaci\u00f3 Infantil ha gaudit aquesta setmana d&#8217;una sessi\u00f3 de musicoter\u00e0pia, a c\u00e0rrec del musicoterapeuta Oriol Vall\u00e8s. L&#8217;objectiu era con\u00e8ixer aquest recurs, dins de les activitats d&#8217;educaci\u00f3 emocional treballades al m\u00f2dul d&#8217;habilitats socials, per tal de poder fer-ne \u00fas en l&#8217;\u00e0mbit de l&#8217;educaci\u00f3 infantil.<br \/>\nHa estat una sessi\u00f3 enriquidora tamb\u00e9 en l&#8217;\u00e0mbit personal, amb un inici molt actiu amb els instruments de percussi\u00f3 i amb un final relaxant amb el bany de sons.<\/p>\n<p><a href=\"https:\/\/agora.xtec.cat\/ins-intermunicipal\/wp-content\/uploads\/usu2220\/2024\/02\/20240221_210318-scaled.jpg\"><img loading=\"lazy\" decoding=\"async\" class=\"alignnone size-large wp-image-2060\" src=\"https:\/\/agora.xtec.cat\/ins-intermunicipal\/wp-content\/uploads\/usu2220\/2024\/02\/20240221_210318-1024x1024.jpg\" alt=\"\" width=\"1024\" height=\"1024\" srcset=\"https:\/\/agora.xtec.cat\/ins-intermunicipal\/wp-content\/uploads\/usu2220\/2024\/02\/20240221_210318-1024x1024.jpg 1024w, https:\/\/agora.xtec.cat\/ins-intermunicipal\/wp-content\/uploads\/usu2220\/2024\/02\/20240221_210318-300x300.jpg 300w, https:\/\/agora.xtec.cat\/ins-intermunicipal\/wp-content\/uploads\/usu2220\/2024\/02\/20240221_210318-150x150.jpg 150w, https:\/\/agora.xtec.cat\/ins-intermunicipal\/wp-content\/uploads\/usu2220\/2024\/02\/20240221_210318-768x768.jpg 768w, https:\/\/agora.xtec.cat\/ins-intermunicipal\/wp-content\/uploads\/usu2220\/2024\/02\/20240221_210318-1536x1536.jpg 1536w, https:\/\/agora.xtec.cat\/ins-intermunicipal\/wp-content\/uploads\/usu2220\/2024\/02\/20240221_210318-2048x2048.jpg 2048w\" sizes=\"auto, (max-width: 1024px) 100vw, 1024px\" \/><\/a><\/p>\n","protected":false},"excerpt":{"rendered":"<p>L&#8217;alumnat de segon curs del CFGS d&#8217;Educaci\u00f3 Infantil ha gaudit aquesta setmana d&#8217;una sessi\u00f3 de musicoter\u00e0pia, a c\u00e0rrec del musicoterapeuta Oriol Vall\u00e8s. L&#8217;objectiu era con\u00e8ixer aquest recurs, dins de les activitats d&#8217;educaci\u00f3 emocional treballades al m\u00f2dul d&#8217;habilitats socials, per tal de poder fer-ne \u00fas en&hellip;  <a href=\"https:\/\/agora.xtec.cat\/ins-intermunicipal\/general\/sessio-de-musicoterapia-a-linter\/\" title=\"Read Sessi\u00f3 de musicoter\u00e0pia a l&#8217;\u00cdnter\">Llegeix m\u00e9s\u00bb<\/a><\/p>\n","protected":false},"author":8,"featured_media":2060,"comment_status":"closed","ping_status":"closed","sticky":false,"template":"","format":"standard","meta":{"_bbp_topic_count":0,"_bbp_reply_count":0,"_bbp_total_topic_count":0,"_bbp_total_reply_count":0,"_bbp_voice_count":0,"_bbp_anonymous_reply_count":0,"_bbp_topic_count_hidden":0,"_bbp_reply_count_hidden":0,"_bbp_forum_subforum_count":0,"footnotes":""},"categories":[30,1,29],"tags":[252],"class_list":["post-2059","post","type-post","status-publish","format-standard","has-post-thumbnail","hentry","category-formacio-professional","category-general","category-portada","tag-cfgs-deducacio-infantil"],"post_mailing_queue_ids":[],"_links":{"self":[{"href":"https:\/\/agora.xtec.cat\/ins-intermunicipal\/wp-json\/wp\/v2\/posts\/2059","targetHints":{"allow":["GET"]}}],"collection":[{"href":"https:\/\/agora.xtec.cat\/ins-intermunicipal\/wp-json\/wp\/v2\/posts"}],"about":[{"href":"https:\/\/agora.xtec.cat\/ins-intermunicipal\/wp-json\/wp\/v2\/types\/post"}],"author":[{"embeddable":true,"href":"https:\/\/agora.xtec.cat\/ins-intermunicipal\/wp-json\/wp\/v2\/users\/8"}],"replies":[{"embeddable":true,"href":"https:\/\/agora.xtec.cat\/ins-intermunicipal\/wp-json\/wp\/v2\/comments?post=2059"}],"version-history":[{"count":3,"href":"https:\/\/agora.xtec.cat\/ins-intermunicipal\/wp-json\/wp\/v2\/posts\/2059\/revisions"}],"predecessor-version":[{"id":2063,"href":"https:\/\/agora.xtec.cat\/ins-intermunicipal\/wp-json\/wp\/v2\/posts\/2059\/revisions\/2063"}],"wp:featuredmedia":[{"embeddable":true,"href":"https:\/\/agora.xtec.cat\/ins-intermunicipal\/wp-json\/wp\/v2\/media\/2060"}],"wp:attachment":[{"href":"https:\/\/agora.xtec.cat\/ins-intermunicipal\/wp-json\/wp\/v2\/media?parent=2059"}],"wp:term":[{"taxonomy":"category","embeddable":true,"href":"https:\/\/agora.xtec.cat\/ins-intermunicipal\/wp-json\/wp\/v2\/categories?post=2059"},{"taxonomy":"post_tag","embeddable":true,"href":"https:\/\/agora.xtec.cat\/ins-intermunicipal\/wp-json\/wp\/v2\/tags?post=2059"}],"curies":[{"name":"wp","href":"https:\/\/api.w.org\/{rel}","templated":true}]}}