{"id":2046,"date":"2024-02-21T20:29:02","date_gmt":"2024-02-21T19:29:02","guid":{"rendered":"https:\/\/agora.xtec.cat\/ins-intermunicipal\/?p=2046"},"modified":"2024-02-22T10:00:44","modified_gmt":"2024-02-22T09:00:44","slug":"visita-a-mas-alborna","status":"publish","type":"post","link":"https:\/\/agora.xtec.cat\/ins-intermunicipal\/general\/visita-a-mas-alborna\/","title":{"rendered":"Visita a Mas Alborn\u00e0"},"content":{"rendered":"<p>L&#8217;alumnat de primer curs del CFGS d&#8217;Integraci\u00f3 Social ha fet avui una de les visites professionals previstes en el calendari lectiu d&#8217;enguany. Aquest cop ha estat per veure dues de les instal\u00b7lacions de la Fundaci\u00f3 Mas Alborn\u00e0, una entitat sense \u00e0nim de lucre que treballa, des de la d\u00e8cada dels anys seixanta del segle passat, a l&#8217;Alt Pened\u00e8s per la diversitat, i tal com ens van mostrar, per crear oportunitats d&#8217;integraci\u00f3 a persones amb discapacitat intel\u00b7lectual, trastorn mental i persones amb risc d&#8217;exclusi\u00f3 social.<\/p>\n<p>La cap de comunicaci\u00f3 de l&#8217;entitat, Cristina Barbacil, la directora dels centres ocupacionals, J\u00falia Berezo i el director del servei a les ind\u00fastries, Jordi Jos\u00e9, van descobrir al nostre alumnat la feina que es fa al Centre Ocupacional Nord de Vilafranca del Pened\u00e8s i posteriorment a la nau de Serveis al pol\u00edgon de Sant Pere Molanta.<\/p>\n<p>Durant l&#8217;estada l&#8217;alumnat va poder veure l&#8217;\u00e0mplia oferta d&#8217;activitats que es fa als centres ocupacionals, la feina de visibilitzaci\u00f3 i integraci\u00f3 al territori que es du a terme i la metodologia de treball amb suport que caracteritza la part del centre especial d&#8217;ocupaci\u00f3.<\/p>\n<p>L&#8217;entitat va obrir les portes dels seus equipaments, va compartir amb nosaltres el seu esperit i il\u00b7lusi\u00f3 per la inclusi\u00f3 i els projectes futurs, que inclou nous equipaments a Sant Sadurn\u00ed d&#8217;Anoia i del que aviat en sentirem a dir.<\/p>\n<p>L&#8217;alumnat es va apuntar a la sortida matinal amb ganes i va participar for\u00e7a. Van marxar amb un bon regust, fins i tot amb voluntat de fer pr\u00e0ctiques i preparar-se per a quan es gradu\u00efn,\u00a0amb intenci\u00f3 de trucar les seves portes cercant feina.<\/p>\n<p>Felicitats per la feina ben feta Mas Alborn\u00e0 i gr\u00e0cies per compartir amb nosaltres un esperit que tamb\u00e9 intentem difondre a les nostres aules.<\/p>\n<p><a href=\"https:\/\/agora.xtec.cat\/ins-intermunicipal\/wp-content\/uploads\/usu2220\/2024\/02\/IMG-20240221-WA0004-1.jpg\"><img loading=\"lazy\" decoding=\"async\" class=\"alignnone size-medium wp-image-2055\" src=\"https:\/\/agora.xtec.cat\/ins-intermunicipal\/wp-content\/uploads\/usu2220\/2024\/02\/IMG-20240221-WA0004-1-300x225.jpg\" alt=\"\" width=\"300\" height=\"225\" srcset=\"https:\/\/agora.xtec.cat\/ins-intermunicipal\/wp-content\/uploads\/usu2220\/2024\/02\/IMG-20240221-WA0004-1-300x225.jpg 300w, https:\/\/agora.xtec.cat\/ins-intermunicipal\/wp-content\/uploads\/usu2220\/2024\/02\/IMG-20240221-WA0004-1-1024x768.jpg 1024w, https:\/\/agora.xtec.cat\/ins-intermunicipal\/wp-content\/uploads\/usu2220\/2024\/02\/IMG-20240221-WA0004-1-768x576.jpg 768w, https:\/\/agora.xtec.cat\/ins-intermunicipal\/wp-content\/uploads\/usu2220\/2024\/02\/IMG-20240221-WA0004-1-1536x1152.jpg 1536w, https:\/\/agora.xtec.cat\/ins-intermunicipal\/wp-content\/uploads\/usu2220\/2024\/02\/IMG-20240221-WA0004-1-200x150.jpg 200w, https:\/\/agora.xtec.cat\/ins-intermunicipal\/wp-content\/uploads\/usu2220\/2024\/02\/IMG-20240221-WA0004-1.jpg 1600w\" sizes=\"auto, (max-width: 300px) 100vw, 300px\" \/><\/a><a href=\"https:\/\/agora.xtec.cat\/ins-intermunicipal\/wp-content\/uploads\/usu2220\/2024\/02\/IMG-20240221-WA0000-1.jpg\"><img loading=\"lazy\" decoding=\"async\" class=\"alignnone size-medium wp-image-2056\" src=\"https:\/\/agora.xtec.cat\/ins-intermunicipal\/wp-content\/uploads\/usu2220\/2024\/02\/IMG-20240221-WA0000-1-300x225.jpg\" alt=\"\" width=\"300\" height=\"225\" srcset=\"https:\/\/agora.xtec.cat\/ins-intermunicipal\/wp-content\/uploads\/usu2220\/2024\/02\/IMG-20240221-WA0000-1-300x225.jpg 300w, https:\/\/agora.xtec.cat\/ins-intermunicipal\/wp-content\/uploads\/usu2220\/2024\/02\/IMG-20240221-WA0000-1-1024x768.jpg 1024w, https:\/\/agora.xtec.cat\/ins-intermunicipal\/wp-content\/uploads\/usu2220\/2024\/02\/IMG-20240221-WA0000-1-768x576.jpg 768w, https:\/\/agora.xtec.cat\/ins-intermunicipal\/wp-content\/uploads\/usu2220\/2024\/02\/IMG-20240221-WA0000-1-1536x1152.jpg 1536w, https:\/\/agora.xtec.cat\/ins-intermunicipal\/wp-content\/uploads\/usu2220\/2024\/02\/IMG-20240221-WA0000-1-200x150.jpg 200w, https:\/\/agora.xtec.cat\/ins-intermunicipal\/wp-content\/uploads\/usu2220\/2024\/02\/IMG-20240221-WA0000-1.jpg 1600w\" sizes=\"auto, (max-width: 300px) 100vw, 300px\" \/><\/a><\/p>\n<p><a href=\"https:\/\/agora.xtec.cat\/ins-intermunicipal\/wp-content\/uploads\/usu2220\/2024\/02\/1708521405849.jpg\"><img loading=\"lazy\" decoding=\"async\" class=\"alignnone size-medium wp-image-2051\" src=\"https:\/\/agora.xtec.cat\/ins-intermunicipal\/wp-content\/uploads\/usu2220\/2024\/02\/1708521405849-300x225.jpg\" alt=\"\" width=\"300\" height=\"225\" srcset=\"https:\/\/agora.xtec.cat\/ins-intermunicipal\/wp-content\/uploads\/usu2220\/2024\/02\/1708521405849-300x225.jpg 300w, https:\/\/agora.xtec.cat\/ins-intermunicipal\/wp-content\/uploads\/usu2220\/2024\/02\/1708521405849-768x576.jpg 768w, https:\/\/agora.xtec.cat\/ins-intermunicipal\/wp-content\/uploads\/usu2220\/2024\/02\/1708521405849-200x150.jpg 200w, https:\/\/agora.xtec.cat\/ins-intermunicipal\/wp-content\/uploads\/usu2220\/2024\/02\/1708521405849.jpg 1024w\" sizes=\"auto, (max-width: 300px) 100vw, 300px\" \/><\/a><a href=\"https:\/\/agora.xtec.cat\/ins-intermunicipal\/wp-content\/uploads\/usu2220\/2024\/02\/1708521362839.jpg\"><img loading=\"lazy\" decoding=\"async\" class=\"alignnone size-medium wp-image-2052\" src=\"https:\/\/agora.xtec.cat\/ins-intermunicipal\/wp-content\/uploads\/usu2220\/2024\/02\/1708521362839-300x225.jpg\" alt=\"\" width=\"300\" height=\"225\" srcset=\"https:\/\/agora.xtec.cat\/ins-intermunicipal\/wp-content\/uploads\/usu2220\/2024\/02\/1708521362839-300x225.jpg 300w, https:\/\/agora.xtec.cat\/ins-intermunicipal\/wp-content\/uploads\/usu2220\/2024\/02\/1708521362839-768x576.jpg 768w, https:\/\/agora.xtec.cat\/ins-intermunicipal\/wp-content\/uploads\/usu2220\/2024\/02\/1708521362839-200x150.jpg 200w, https:\/\/agora.xtec.cat\/ins-intermunicipal\/wp-content\/uploads\/usu2220\/2024\/02\/1708521362839.jpg 1024w\" sizes=\"auto, (max-width: 300px) 100vw, 300px\" \/><\/a><\/p>\n<p><a href=\"https:\/\/agora.xtec.cat\/ins-intermunicipal\/wp-content\/uploads\/usu2220\/2024\/02\/1708521424685-1.jpg\"><img loading=\"lazy\" decoding=\"async\" class=\"alignnone size-medium wp-image-2053\" src=\"https:\/\/agora.xtec.cat\/ins-intermunicipal\/wp-content\/uploads\/usu2220\/2024\/02\/1708521424685-1-300x225.jpg\" alt=\"\" width=\"300\" height=\"225\" srcset=\"https:\/\/agora.xtec.cat\/ins-intermunicipal\/wp-content\/uploads\/usu2220\/2024\/02\/1708521424685-1-300x225.jpg 300w, https:\/\/agora.xtec.cat\/ins-intermunicipal\/wp-content\/uploads\/usu2220\/2024\/02\/1708521424685-1-768x576.jpg 768w, https:\/\/agora.xtec.cat\/ins-intermunicipal\/wp-content\/uploads\/usu2220\/2024\/02\/1708521424685-1-200x150.jpg 200w, https:\/\/agora.xtec.cat\/ins-intermunicipal\/wp-content\/uploads\/usu2220\/2024\/02\/1708521424685-1.jpg 1024w\" sizes=\"auto, (max-width: 300px) 100vw, 300px\" \/><\/a><\/p>\n","protected":false},"excerpt":{"rendered":"<p>L&#8217;alumnat de primer curs del CFGS d&#8217;Integraci\u00f3 Social ha fet avui una de les visites professionals previstes en el calendari lectiu d&#8217;enguany. Aquest cop ha estat per veure dues de les instal\u00b7lacions de la Fundaci\u00f3 Mas Alborn\u00e0, una entitat sense \u00e0nim de lucre que treballa,&hellip;  <a href=\"https:\/\/agora.xtec.cat\/ins-intermunicipal\/general\/visita-a-mas-alborna\/\" title=\"Read Visita a Mas Alborn\u00e0\">Llegeix m\u00e9s\u00bb<\/a><\/p>\n","protected":false},"author":8,"featured_media":2048,"comment_status":"closed","ping_status":"closed","sticky":false,"template":"","format":"standard","meta":{"_bbp_topic_count":0,"_bbp_reply_count":0,"_bbp_total_topic_count":0,"_bbp_total_reply_count":0,"_bbp_voice_count":0,"_bbp_anonymous_reply_count":0,"_bbp_topic_count_hidden":0,"_bbp_reply_count_hidden":0,"_bbp_forum_subforum_count":0,"footnotes":""},"categories":[30,1,29],"tags":[263],"class_list":["post-2046","post","type-post","status-publish","format-standard","has-post-thumbnail","hentry","category-formacio-professional","category-general","category-portada","tag-cfgs-dintegracio-social"],"post_mailing_queue_ids":[],"_links":{"self":[{"href":"https:\/\/agora.xtec.cat\/ins-intermunicipal\/wp-json\/wp\/v2\/posts\/2046","targetHints":{"allow":["GET"]}}],"collection":[{"href":"https:\/\/agora.xtec.cat\/ins-intermunicipal\/wp-json\/wp\/v2\/posts"}],"about":[{"href":"https:\/\/agora.xtec.cat\/ins-intermunicipal\/wp-json\/wp\/v2\/types\/post"}],"author":[{"embeddable":true,"href":"https:\/\/agora.xtec.cat\/ins-intermunicipal\/wp-json\/wp\/v2\/users\/8"}],"replies":[{"embeddable":true,"href":"https:\/\/agora.xtec.cat\/ins-intermunicipal\/wp-json\/wp\/v2\/comments?post=2046"}],"version-history":[{"count":3,"href":"https:\/\/agora.xtec.cat\/ins-intermunicipal\/wp-json\/wp\/v2\/posts\/2046\/revisions"}],"predecessor-version":[{"id":2058,"href":"https:\/\/agora.xtec.cat\/ins-intermunicipal\/wp-json\/wp\/v2\/posts\/2046\/revisions\/2058"}],"wp:featuredmedia":[{"embeddable":true,"href":"https:\/\/agora.xtec.cat\/ins-intermunicipal\/wp-json\/wp\/v2\/media\/2048"}],"wp:attachment":[{"href":"https:\/\/agora.xtec.cat\/ins-intermunicipal\/wp-json\/wp\/v2\/media?parent=2046"}],"wp:term":[{"taxonomy":"category","embeddable":true,"href":"https:\/\/agora.xtec.cat\/ins-intermunicipal\/wp-json\/wp\/v2\/categories?post=2046"},{"taxonomy":"post_tag","embeddable":true,"href":"https:\/\/agora.xtec.cat\/ins-intermunicipal\/wp-json\/wp\/v2\/tags?post=2046"}],"curies":[{"name":"wp","href":"https:\/\/api.w.org\/{rel}","templated":true}]}}