{"id":2043,"date":"2024-02-20T17:07:38","date_gmt":"2024-02-20T16:07:38","guid":{"rendered":"https:\/\/agora.xtec.cat\/ins-intermunicipal\/?p=2043"},"modified":"2024-02-20T17:07:38","modified_gmt":"2024-02-20T16:07:38","slug":"xerrada-dels-mossos-al-cfgm-datencio-a-persones-amb-dependencia","status":"publish","type":"post","link":"https:\/\/agora.xtec.cat\/ins-intermunicipal\/general\/xerrada-dels-mossos-al-cfgm-datencio-a-persones-amb-dependencia\/","title":{"rendered":"Xerrada dels Mossos al CFGM d&#8217;Atenci\u00f3 a persones amb depend\u00e8ncia"},"content":{"rendered":"<p><a href=\"https:\/\/agora.xtec.cat\/ins-intermunicipal\/wp-content\/uploads\/usu2220\/2024\/02\/IMG-20240207-WA0009.jpg\"><img loading=\"lazy\" decoding=\"async\" class=\"size-medium wp-image-2044 alignright\" src=\"https:\/\/agora.xtec.cat\/ins-intermunicipal\/wp-content\/uploads\/usu2220\/2024\/02\/IMG-20240207-WA0009-300x300.jpg\" alt=\"\" width=\"300\" height=\"300\" srcset=\"https:\/\/agora.xtec.cat\/ins-intermunicipal\/wp-content\/uploads\/usu2220\/2024\/02\/IMG-20240207-WA0009-300x300.jpg 300w, https:\/\/agora.xtec.cat\/ins-intermunicipal\/wp-content\/uploads\/usu2220\/2024\/02\/IMG-20240207-WA0009-1024x1024.jpg 1024w, https:\/\/agora.xtec.cat\/ins-intermunicipal\/wp-content\/uploads\/usu2220\/2024\/02\/IMG-20240207-WA0009-150x150.jpg 150w, https:\/\/agora.xtec.cat\/ins-intermunicipal\/wp-content\/uploads\/usu2220\/2024\/02\/IMG-20240207-WA0009-768x768.jpg 768w, https:\/\/agora.xtec.cat\/ins-intermunicipal\/wp-content\/uploads\/usu2220\/2024\/02\/IMG-20240207-WA0009-1536x1536.jpg 1536w, https:\/\/agora.xtec.cat\/ins-intermunicipal\/wp-content\/uploads\/usu2220\/2024\/02\/IMG-20240207-WA0009.jpg 2048w\" sizes=\"auto, (max-width: 300px) 100vw, 300px\" \/><\/a>L&#8217;equip de Mossos d&#8217;Esquadra va fer el passat 7 de febrer una xerrada per l&#8217;alumnat del CFGM d&#8217;Atenci\u00f3 a persones en situaci\u00f3 de depend\u00e8ncia de primer curs. La xerrada pretenia conscienciar l&#8217;alumnat sobre les possibles situacions de risc en les que es poden trobar involucrats, tant per a menors com per a majors d&#8217;edat i les seves conseq\u00fc\u00e8ncies. Es va parlar de tinen\u00e7a de drogues, baralles&#8230;<br \/>\nVa ser molt interessant.<\/p>\n","protected":false},"excerpt":{"rendered":"<p><a href=\"https:\/\/agora.xtec.cat\/ins-intermunicipal\/wp-content\/uploads\/usu2220\/2024\/02\/IMG-20240207-WA0009.jpg\"><\/a>L&#8217;equip de Mossos d&#8217;Esquadra va fer el passat 7 de febrer una xerrada per l&#8217;alumnat del CFGM d&#8217;Atenci\u00f3 a persones en situaci\u00f3 de depend\u00e8ncia de primer curs. La xerrada pretenia conscienciar l&#8217;alumnat sobre les possibles situacions de risc en les que es poden trobar&hellip;  <a href=\"https:\/\/agora.xtec.cat\/ins-intermunicipal\/general\/xerrada-dels-mossos-al-cfgm-datencio-a-persones-amb-dependencia\/\" title=\"Read Xerrada dels Mossos al CFGM d&#8217;Atenci\u00f3 a persones amb depend\u00e8ncia\">Llegeix m\u00e9s\u00bb<\/a><\/p>\n","protected":false},"author":8,"featured_media":2044,"comment_status":"closed","ping_status":"closed","sticky":false,"template":"","format":"standard","meta":{"_bbp_topic_count":0,"_bbp_reply_count":0,"_bbp_total_topic_count":0,"_bbp_total_reply_count":0,"_bbp_voice_count":0,"_bbp_anonymous_reply_count":0,"_bbp_topic_count_hidden":0,"_bbp_reply_count_hidden":0,"_bbp_forum_subforum_count":0,"footnotes":""},"categories":[30,1,29],"tags":[250,183],"class_list":["post-2043","post","type-post","status-publish","format-standard","has-post-thumbnail","hentry","category-formacio-professional","category-general","category-portada","tag-cfgm-atencio-a-persones-en-situacio-de-dependencia","tag-fp"],"post_mailing_queue_ids":[],"_links":{"self":[{"href":"https:\/\/agora.xtec.cat\/ins-intermunicipal\/wp-json\/wp\/v2\/posts\/2043","targetHints":{"allow":["GET"]}}],"collection":[{"href":"https:\/\/agora.xtec.cat\/ins-intermunicipal\/wp-json\/wp\/v2\/posts"}],"about":[{"href":"https:\/\/agora.xtec.cat\/ins-intermunicipal\/wp-json\/wp\/v2\/types\/post"}],"author":[{"embeddable":true,"href":"https:\/\/agora.xtec.cat\/ins-intermunicipal\/wp-json\/wp\/v2\/users\/8"}],"replies":[{"embeddable":true,"href":"https:\/\/agora.xtec.cat\/ins-intermunicipal\/wp-json\/wp\/v2\/comments?post=2043"}],"version-history":[{"count":1,"href":"https:\/\/agora.xtec.cat\/ins-intermunicipal\/wp-json\/wp\/v2\/posts\/2043\/revisions"}],"predecessor-version":[{"id":2045,"href":"https:\/\/agora.xtec.cat\/ins-intermunicipal\/wp-json\/wp\/v2\/posts\/2043\/revisions\/2045"}],"wp:featuredmedia":[{"embeddable":true,"href":"https:\/\/agora.xtec.cat\/ins-intermunicipal\/wp-json\/wp\/v2\/media\/2044"}],"wp:attachment":[{"href":"https:\/\/agora.xtec.cat\/ins-intermunicipal\/wp-json\/wp\/v2\/media?parent=2043"}],"wp:term":[{"taxonomy":"category","embeddable":true,"href":"https:\/\/agora.xtec.cat\/ins-intermunicipal\/wp-json\/wp\/v2\/categories?post=2043"},{"taxonomy":"post_tag","embeddable":true,"href":"https:\/\/agora.xtec.cat\/ins-intermunicipal\/wp-json\/wp\/v2\/tags?post=2043"}],"curies":[{"name":"wp","href":"https:\/\/api.w.org\/{rel}","templated":true}]}}