{"id":2025,"date":"2024-02-15T14:24:33","date_gmt":"2024-02-15T13:24:33","guid":{"rendered":"https:\/\/agora.xtec.cat\/ins-intermunicipal\/?p=2025"},"modified":"2024-02-15T14:24:33","modified_gmt":"2024-02-15T13:24:33","slug":"el-cfgs-deducacio-infantil-visita-la-filloxereta","status":"publish","type":"post","link":"https:\/\/agora.xtec.cat\/ins-intermunicipal\/general\/el-cfgs-deducacio-infantil-visita-la-filloxereta\/","title":{"rendered":"El CFGS d&#8217;Educaci\u00f3 Infantil visita la Fil\u00b7loxereta"},"content":{"rendered":"<p><a href=\"https:\/\/agora.xtec.cat\/ins-intermunicipal\/wp-content\/uploads\/usu2220\/2024\/02\/20240214_091132-scaled.jpg\"><img loading=\"lazy\" decoding=\"async\" class=\"size-medium wp-image-2026 alignright\" src=\"https:\/\/agora.xtec.cat\/ins-intermunicipal\/wp-content\/uploads\/usu2220\/2024\/02\/20240214_091132-300x300.jpg\" alt=\"\" width=\"300\" height=\"300\" srcset=\"https:\/\/agora.xtec.cat\/ins-intermunicipal\/wp-content\/uploads\/usu2220\/2024\/02\/20240214_091132-300x300.jpg 300w, https:\/\/agora.xtec.cat\/ins-intermunicipal\/wp-content\/uploads\/usu2220\/2024\/02\/20240214_091132-1024x1024.jpg 1024w, https:\/\/agora.xtec.cat\/ins-intermunicipal\/wp-content\/uploads\/usu2220\/2024\/02\/20240214_091132-150x150.jpg 150w, https:\/\/agora.xtec.cat\/ins-intermunicipal\/wp-content\/uploads\/usu2220\/2024\/02\/20240214_091132-768x768.jpg 768w, https:\/\/agora.xtec.cat\/ins-intermunicipal\/wp-content\/uploads\/usu2220\/2024\/02\/20240214_091132-1536x1536.jpg 1536w, https:\/\/agora.xtec.cat\/ins-intermunicipal\/wp-content\/uploads\/usu2220\/2024\/02\/20240214_091132-2048x2048.jpg 2048w\" sizes=\"auto, (max-width: 300px) 100vw, 300px\" \/><\/a>L&#8217;alumnat de 1r del CFGS d&#8217;Educaci\u00f3 infantil, ha visitat l&#8217;Escola bressol municipal La Fil\u00b7loxereta de Sant Sadurn\u00ed. Aquestes visites permeten con\u00e8ixer espais educatius, recursos materials i propostes pedag\u00f2giques, continguts propis del cicle. Tamb\u00e9 ens han fet reflexionar sobre la import\u00e0ncia del vincle infant i adult en aquesta etapa. La Fil.loxereta \u00e9s centre acollidor de pr\u00e0ctiques des de sempre, Fct i Fp Dual.<\/p>\n","protected":false},"excerpt":{"rendered":"<p><a href=\"https:\/\/agora.xtec.cat\/ins-intermunicipal\/wp-content\/uploads\/usu2220\/2024\/02\/20240214_091132-scaled.jpg\"><\/a>L&#8217;alumnat de 1r del CFGS d&#8217;Educaci\u00f3 infantil, ha visitat l&#8217;Escola bressol municipal La Fil\u00b7loxereta de Sant Sadurn\u00ed. Aquestes visites permeten con\u00e8ixer espais educatius, recursos materials i propostes pedag\u00f2giques, continguts propis del cicle. Tamb\u00e9 ens han fet reflexionar sobre la import\u00e0ncia del vincle infant i&hellip;  <a href=\"https:\/\/agora.xtec.cat\/ins-intermunicipal\/general\/el-cfgs-deducacio-infantil-visita-la-filloxereta\/\" title=\"Read El CFGS d&#8217;Educaci\u00f3 Infantil visita la Fil\u00b7loxereta\">Llegeix m\u00e9s\u00bb<\/a><\/p>\n","protected":false},"author":8,"featured_media":2026,"comment_status":"closed","ping_status":"closed","sticky":false,"template":"","format":"standard","meta":{"_bbp_topic_count":0,"_bbp_reply_count":0,"_bbp_total_topic_count":0,"_bbp_total_reply_count":0,"_bbp_voice_count":0,"_bbp_anonymous_reply_count":0,"_bbp_topic_count_hidden":0,"_bbp_reply_count_hidden":0,"_bbp_forum_subforum_count":0,"footnotes":""},"categories":[30,1,29],"tags":[252,212],"class_list":["post-2025","post","type-post","status-publish","format-standard","has-post-thumbnail","hentry","category-formacio-professional","category-general","category-portada","tag-cfgs-deducacio-infantil","tag-sant-sadurni-danoia"],"post_mailing_queue_ids":[],"_links":{"self":[{"href":"https:\/\/agora.xtec.cat\/ins-intermunicipal\/wp-json\/wp\/v2\/posts\/2025","targetHints":{"allow":["GET"]}}],"collection":[{"href":"https:\/\/agora.xtec.cat\/ins-intermunicipal\/wp-json\/wp\/v2\/posts"}],"about":[{"href":"https:\/\/agora.xtec.cat\/ins-intermunicipal\/wp-json\/wp\/v2\/types\/post"}],"author":[{"embeddable":true,"href":"https:\/\/agora.xtec.cat\/ins-intermunicipal\/wp-json\/wp\/v2\/users\/8"}],"replies":[{"embeddable":true,"href":"https:\/\/agora.xtec.cat\/ins-intermunicipal\/wp-json\/wp\/v2\/comments?post=2025"}],"version-history":[{"count":1,"href":"https:\/\/agora.xtec.cat\/ins-intermunicipal\/wp-json\/wp\/v2\/posts\/2025\/revisions"}],"predecessor-version":[{"id":2027,"href":"https:\/\/agora.xtec.cat\/ins-intermunicipal\/wp-json\/wp\/v2\/posts\/2025\/revisions\/2027"}],"wp:featuredmedia":[{"embeddable":true,"href":"https:\/\/agora.xtec.cat\/ins-intermunicipal\/wp-json\/wp\/v2\/media\/2026"}],"wp:attachment":[{"href":"https:\/\/agora.xtec.cat\/ins-intermunicipal\/wp-json\/wp\/v2\/media?parent=2025"}],"wp:term":[{"taxonomy":"category","embeddable":true,"href":"https:\/\/agora.xtec.cat\/ins-intermunicipal\/wp-json\/wp\/v2\/categories?post=2025"},{"taxonomy":"post_tag","embeddable":true,"href":"https:\/\/agora.xtec.cat\/ins-intermunicipal\/wp-json\/wp\/v2\/tags?post=2025"}],"curies":[{"name":"wp","href":"https:\/\/api.w.org\/{rel}","templated":true}]}}