{"id":2013,"date":"2024-02-14T19:24:48","date_gmt":"2024-02-14T18:24:48","guid":{"rendered":"https:\/\/agora.xtec.cat\/ins-intermunicipal\/?p=2013"},"modified":"2024-02-14T20:00:02","modified_gmt":"2024-02-14T19:00:02","slug":"taula-rodona-amb-el-consell-de-families-de-linter","status":"publish","type":"post","link":"https:\/\/agora.xtec.cat\/ins-intermunicipal\/general\/taula-rodona-amb-el-consell-de-families-de-linter\/","title":{"rendered":"Taula rodona amb les fam\u00edlies de l&#8217;\u00cdnter"},"content":{"rendered":"<div style=\"text-align: justify;\">\n<p><span style=\"font-family: Arial, sans-serif;\"><img loading=\"lazy\" decoding=\"async\" class=\"wp-image-2017 alignleft\" src=\"https:\/\/agora.xtec.cat\/ins-intermunicipal\/wp-content\/uploads\/usu2220\/2024\/02\/IMG-20240214-WA0002-1024x496.jpg\" alt=\"\" width=\"554\" height=\"268\" \/>Ahir 13 de febrer a la tarda i com a continuaci\u00f3 de les que ja es van fer el curs passat, es va fer una taula rodona amb fam\u00edlies del nostre institut. A banda del Consell de Fam\u00edlies, a aquestes trobades hi s\u00f3n convidades totes les fam\u00edlies del centre i aix\u00f2 va permetre que ahir hi hagu\u00e9s pares i mares en representaci\u00f3 tant de l&#8217;alumnat d&#8217;ESO i Batxillerat com del d&#8217;FP.<\/span><\/p>\n<p><span style=\"font-family: Arial, sans-serif;\">La sessi\u00f3 es va plantejar per recollir opinions i punts de vista respecte de temes que afecten directament aspectes organitzatius i, tamb\u00e9, amb la voluntat de saber com es veuen des de les fam\u00edlies dels nostres alumnes. Concretament, ahir es van posar damunt de la taula dues q\u00fcestions: d&#8217;una banda es va parlar del marc horari pel que respecta a l&#8217;organitzaci\u00f3 dels patis i, de l&#8217;altra, tamb\u00e9 es va debatre sobre la normativa dels m\u00f2bils al centre. <\/span><span style=\"font-family: Arial, sans-serif;\">Despr\u00e9s que es debatessin aquestes q\u00fcestions en petits grups, es va fer una posta en com\u00fa entre els membres de les fam\u00edlies assistents i els membres de la Direcci\u00f3 presents a la trobada.<\/span><\/p>\n<\/div>\n<div><\/div>\n<div><\/div>\n","protected":false},"excerpt":{"rendered":"<p>Ahir 13 de febrer a la tarda i com a continuaci\u00f3 de les que ja es van fer el curs passat, es va fer una taula rodona amb fam\u00edlies del nostre institut. A banda del Consell de Fam\u00edlies, a aquestes trobades hi s\u00f3n convidades totes&hellip;  <a href=\"https:\/\/agora.xtec.cat\/ins-intermunicipal\/general\/taula-rodona-amb-el-consell-de-families-de-linter\/\" title=\"Read Taula rodona amb les fam\u00edlies de l&#8217;\u00cdnter\">Llegeix m\u00e9s\u00bb<\/a><\/p>\n","protected":false},"author":7,"featured_media":2016,"comment_status":"closed","ping_status":"closed","sticky":false,"template":"","format":"standard","meta":{"_bbp_topic_count":0,"_bbp_reply_count":0,"_bbp_total_topic_count":0,"_bbp_total_reply_count":0,"_bbp_voice_count":0,"_bbp_anonymous_reply_count":0,"_bbp_topic_count_hidden":0,"_bbp_reply_count_hidden":0,"_bbp_forum_subforum_count":0,"footnotes":""},"categories":[31,8,3,30,1,29],"tags":[359,256,362,361,360],"class_list":["post-2013","post","type-post","status-publish","format-standard","has-post-thumbnail","hentry","category-ampa","category-bat","category-eso","category-formacio-professional","category-general","category-portada","tag-consell-de-families","tag-mobils","tag-organitzacio","tag-patis","tag-taula-rodona"],"post_mailing_queue_ids":[],"_links":{"self":[{"href":"https:\/\/agora.xtec.cat\/ins-intermunicipal\/wp-json\/wp\/v2\/posts\/2013","targetHints":{"allow":["GET"]}}],"collection":[{"href":"https:\/\/agora.xtec.cat\/ins-intermunicipal\/wp-json\/wp\/v2\/posts"}],"about":[{"href":"https:\/\/agora.xtec.cat\/ins-intermunicipal\/wp-json\/wp\/v2\/types\/post"}],"author":[{"embeddable":true,"href":"https:\/\/agora.xtec.cat\/ins-intermunicipal\/wp-json\/wp\/v2\/users\/7"}],"replies":[{"embeddable":true,"href":"https:\/\/agora.xtec.cat\/ins-intermunicipal\/wp-json\/wp\/v2\/comments?post=2013"}],"version-history":[{"count":6,"href":"https:\/\/agora.xtec.cat\/ins-intermunicipal\/wp-json\/wp\/v2\/posts\/2013\/revisions"}],"predecessor-version":[{"id":2024,"href":"https:\/\/agora.xtec.cat\/ins-intermunicipal\/wp-json\/wp\/v2\/posts\/2013\/revisions\/2024"}],"wp:featuredmedia":[{"embeddable":true,"href":"https:\/\/agora.xtec.cat\/ins-intermunicipal\/wp-json\/wp\/v2\/media\/2016"}],"wp:attachment":[{"href":"https:\/\/agora.xtec.cat\/ins-intermunicipal\/wp-json\/wp\/v2\/media?parent=2013"}],"wp:term":[{"taxonomy":"category","embeddable":true,"href":"https:\/\/agora.xtec.cat\/ins-intermunicipal\/wp-json\/wp\/v2\/categories?post=2013"},{"taxonomy":"post_tag","embeddable":true,"href":"https:\/\/agora.xtec.cat\/ins-intermunicipal\/wp-json\/wp\/v2\/tags?post=2013"}],"curies":[{"name":"wp","href":"https:\/\/api.w.org\/{rel}","templated":true}]}}