{"id":2010,"date":"2024-02-14T11:15:08","date_gmt":"2024-02-14T10:15:08","guid":{"rendered":"https:\/\/agora.xtec.cat\/ins-intermunicipal\/?p=2010"},"modified":"2024-02-14T11:15:55","modified_gmt":"2024-02-14T10:15:55","slug":"sacosten-les-jornades-culturals-2024","status":"publish","type":"post","link":"https:\/\/agora.xtec.cat\/ins-intermunicipal\/general\/sacosten-les-jornades-culturals-2024\/","title":{"rendered":"S&#8217;acosten les Jornades Culturals 2024"},"content":{"rendered":"<p style=\"text-align: center;\"><span style=\"color: #000000;\"><span style=\"font-family: Arial, Helvetica, sans-serif;\"><span style=\"font-size: medium;\"><iframe loading=\"lazy\" src=\"\/\/www.youtube.com\/embed\/1ugkchW2p-Y?si=U3XJgBnoJh18U9bg\" width=\"560\" height=\"314\" allowfullscreen=\"allowfullscreen\"><\/iframe><\/span><\/span><\/span><\/p>\n<p style=\"text-align: justify;\"><span style=\"color: #000000;\"><span style=\"font-family: Arial, Helvetica, sans-serif;\"><span style=\"font-size: medium;\">S\u2019acosten les <strong>Jornades Culturals 2024<\/strong> i ja hi comen\u00e7a a haver moltes coses a punt. Els dies <strong>6, 7 i 8 de mar\u00e7<\/strong> podrem escollir participar en una cinquantena de <b>tallers, <\/b>moltes<b> xerrades<\/b>, el fam\u00f3s<b> concurs de talents<\/b> i <b>torneigs de b\u00e0squet, volei i futbol<\/b><b> <\/b>per als alumnes de 2n cicle d\u2019ESO i de Batxillerat i, tamb\u00e9, <b>torneig de mataconills<\/b><b> <\/b><b> <\/b>per a totes les classes del 1r cicle d\u2019ESO. <\/span><\/span><\/span><\/p>\n<p style=\"text-align: justify;\"><span style=\"color: #000000;\"><span style=\"font-family: Arial, Helvetica, sans-serif;\"><span style=\"font-size: medium;\">Tamb\u00e9 us podem dir que sortejarem una<b> <\/b><b>gran panera amb productes de proximitat.<\/b><b> <\/b>Els n\u00fameros per participar en el sorteig de la panera es vendran a 1\u20ac durant els patis dels dies 26,27,28 i 29 de febrer i tamb\u00e9 estaran disponibles en diferents comer\u00e7os dels diferents pobles de l\u2019\u00e0rea de l\u2019\u00cdnter. <\/span><\/span><\/span><\/p>\n<p style=\"text-align: justify;\"><span style=\"color: #000000;\"><span style=\"font-family: Arial, Helvetica, sans-serif;\"><span style=\"font-size: medium;\">Us anunciem que enguany tamb\u00e9 es far\u00e0 el<b> <\/b><b>concurs de talents<\/b><b> <\/b>per a tots els alumnes i professors i qui el guanyi obtindr\u00e0 2 entrades per anar a Port Aventura. El dijous 7 de mar\u00e7 hi haur\u00e0 les semifinals i la final i l\u2019endem\u00e0, 8 de mar\u00e7, el guanyador actuar\u00e0 per tots nosaltres. <\/span><\/span><\/span><span style=\"font-size: medium;\"><span style=\"color: #000000;\"><span style=\"font-family: Roboto, Arial, sans-serif;\">Per tant, si saps ballar, cantar, tocar el piano o el viol\u00ed, fer el Rubik en 10 segons, fer m\u00e0gia o un mon\u00f2leg, dominar els skills futbolers, etc., apunta\u2019t i participa. Per fer-ho, <\/span><\/span><span style=\"color: #000000;\"><span style=\"font-family: Roboto, Arial, sans-serif;\">abans del divendres 16 de febrer <\/span><\/span><span style=\"color: #000000;\"><span style=\"font-family: Roboto, Arial, sans-serif;\">has d\u2019omplir el formulari que trobar\u00e0s a l\u2019enlla\u00e7<strong> <a href=\"https:\/\/docs.google.com\/forms\/d\/e\/1FAIpQLSc8YHjztBNlgDEPyEmo2VHCc6JArHkt6-dzlHcAlHNLWZD1zA\/viewform\" target=\"_blank\" rel=\"noopener\">Formulari Tint un talent!<\/a><\/strong><\/span><\/span><\/span><\/p>\n<p style=\"text-align: justify;\"><span style=\"color: #202124;\"><span style=\"font-family: Roboto, Arial, sans-serif;\"><span style=\"font-size: medium;\"><span style=\"color: #000000;\">Pel<strong> torneig de mataconills<\/strong> de 1<\/span><span style=\"color: #000000;\">r<\/span><span style=\"color: #000000;\"> cicle d\u2019ESO no cal apuntar-se, per\u00f2 s\u00ed per participar als<strong> torneigs d\u2019esports<\/strong> de 2n cicle d\u2019ESO i Batxillerat. La data l\u00edmit per apuntar-se \u00e9s el 20 de febrer i ho heu de fer al<\/span><b> <\/b><span style=\"color: #000000;\"><span style=\"font-family: Arial, Helvetica, sans-serif;\"><strong><a href=\"https:\/\/forms.gle\/KAY4GCpvA9NHZC5a9\" target=\"_blank\" rel=\"noopener\">Formulari Torneigs d&#8217;esports<\/a>.<\/strong> Els torneigs es duran a terme durant el dimecres 6 de mar\u00e7 i, atenci\u00f3!, l\u2019equip guanyador disputar\u00e0 un partit <\/span><\/span><span style=\"color: #000000;\"><span style=\"font-family: Arial, Helvetica, sans-serif;\">d\u2019exhibici\u00f3 <\/span><\/span><span style=\"color: #000000;\"><span style=\"font-family: Arial, Helvetica, sans-serif;\">contra els professors!<\/span><\/span><\/span><\/span><\/span><\/p>\n<p style=\"text-align: justify;\"><span style=\"color: #000000;\"><span style=\"font-family: Arial, Helvetica, sans-serif;\"><span style=\"font-size: medium;\">Estigueu atents perqu\u00e8 aviat us donarem m\u00e9s informaci\u00f3 sobre com apuntar-vos als tallers i a les diferents activitats.<b> <\/b><\/span><\/span><\/span><\/p>\n<p>&nbsp;<\/p>\n","protected":false},"excerpt":{"rendered":"<p>S\u2019acosten les Jornades Culturals 2024 i ja hi comen\u00e7a a haver moltes coses a punt. Els dies 6, 7 i 8 de mar\u00e7 podrem escollir participar en una cinquantena de tallers, moltes xerrades, el fam\u00f3s concurs de talents i torneigs de b\u00e0squet, volei i futbol&hellip;  <a href=\"https:\/\/agora.xtec.cat\/ins-intermunicipal\/general\/sacosten-les-jornades-culturals-2024\/\" title=\"Read S&#8217;acosten les Jornades Culturals 2024\">Llegeix m\u00e9s\u00bb<\/a><\/p>\n","protected":false},"author":7,"featured_media":1999,"comment_status":"closed","ping_status":"closed","sticky":false,"template":"","format":"standard","meta":{"_bbp_topic_count":0,"_bbp_reply_count":0,"_bbp_total_topic_count":0,"_bbp_total_reply_count":0,"_bbp_voice_count":0,"_bbp_anonymous_reply_count":0,"_bbp_topic_count_hidden":0,"_bbp_reply_count_hidden":0,"_bbp_forum_subforum_count":0,"footnotes":""},"categories":[8,3,1,29],"tags":[354,327,358,357,58,355,356,44],"class_list":["post-2010","post","type-post","status-publish","format-standard","has-post-thumbnail","hentry","category-bat","category-eso","category-general","category-portada","tag-concurs-de-talents","tag-jornades-culturals","tag-panera","tag-sorteig","tag-tallers","tag-torneig-desports","tag-torneig-de-mataconills","tag-xerrades"],"post_mailing_queue_ids":[],"_links":{"self":[{"href":"https:\/\/agora.xtec.cat\/ins-intermunicipal\/wp-json\/wp\/v2\/posts\/2010","targetHints":{"allow":["GET"]}}],"collection":[{"href":"https:\/\/agora.xtec.cat\/ins-intermunicipal\/wp-json\/wp\/v2\/posts"}],"about":[{"href":"https:\/\/agora.xtec.cat\/ins-intermunicipal\/wp-json\/wp\/v2\/types\/post"}],"author":[{"embeddable":true,"href":"https:\/\/agora.xtec.cat\/ins-intermunicipal\/wp-json\/wp\/v2\/users\/7"}],"replies":[{"embeddable":true,"href":"https:\/\/agora.xtec.cat\/ins-intermunicipal\/wp-json\/wp\/v2\/comments?post=2010"}],"version-history":[{"count":2,"href":"https:\/\/agora.xtec.cat\/ins-intermunicipal\/wp-json\/wp\/v2\/posts\/2010\/revisions"}],"predecessor-version":[{"id":2012,"href":"https:\/\/agora.xtec.cat\/ins-intermunicipal\/wp-json\/wp\/v2\/posts\/2010\/revisions\/2012"}],"wp:featuredmedia":[{"embeddable":true,"href":"https:\/\/agora.xtec.cat\/ins-intermunicipal\/wp-json\/wp\/v2\/media\/1999"}],"wp:attachment":[{"href":"https:\/\/agora.xtec.cat\/ins-intermunicipal\/wp-json\/wp\/v2\/media?parent=2010"}],"wp:term":[{"taxonomy":"category","embeddable":true,"href":"https:\/\/agora.xtec.cat\/ins-intermunicipal\/wp-json\/wp\/v2\/categories?post=2010"},{"taxonomy":"post_tag","embeddable":true,"href":"https:\/\/agora.xtec.cat\/ins-intermunicipal\/wp-json\/wp\/v2\/tags?post=2010"}],"curies":[{"name":"wp","href":"https:\/\/api.w.org\/{rel}","templated":true}]}}