{"id":1987,"date":"2024-02-13T09:41:39","date_gmt":"2024-02-13T08:41:39","guid":{"rendered":"https:\/\/agora.xtec.cat\/ins-intermunicipal\/?p=1987"},"modified":"2024-02-13T09:41:39","modified_gmt":"2024-02-13T08:41:39","slug":"reciclem-el-plastic","status":"publish","type":"post","link":"https:\/\/agora.xtec.cat\/ins-intermunicipal\/general\/reciclem-el-plastic\/","title":{"rendered":"Reciclem el pl\u00e0stic!"},"content":{"rendered":"<div>\n<p style=\"text-align: center;\"><iframe loading=\"lazy\" src=\"\/\/www.youtube.com\/embed\/Os7dREQ00l4?si=R7EWkSrPD4dZT_uc\" width=\"560\" height=\"314\" allowfullscreen=\"allowfullscreen\"><\/iframe><\/p>\n<p style=\"text-align: justify;\">Durant la setmana del 26 de febrer a l&#8217;1 de mar\u00e7, tot l&#8217;alumnat de 2n d&#8217;ESO de l&#8217;\u00cdnter far\u00e0 un taller anomenat <strong>Saps com es recicla el pl\u00e0stic? <\/strong>que dirigiran monitors que formen part del projecte <strong><a href=\"https:\/\/www.preciousplastic.com\/\" target=\"_blank\" rel=\"noopener noreferrer\" data-saferedirecturl=\"https:\/\/www.google.com\/url?q=https:\/\/www.preciousplastic.com\/&amp;source=gmail&amp;ust=1707896745987000&amp;usg=AOvVaw21YYSIchEwyPEE10zHcSFr\">Precious Plastic Nomads<\/a>.<\/strong> Es tracta d&#8217;un taller de conscienciaci\u00f3 sobre l&#8217;\u00fas del pl\u00e0stic a trav\u00e9s del qual aprendre&#8217;m a reciclar-lo, com diferenciar-ne els diversos tipus i com obtenir un nou objecte amb pl\u00e0stic reciclat.<\/p>\n<\/div>\n<div style=\"text-align: justify;\">\n<div>\n<p>El taller el durem a terme al nostre institut durant les hores de desdoblament de tecnologia. Per fer el taller, ens demanen que recollim el m\u00e0xim de taps de pl\u00e0stic possibles, ja que durant el taller els triturarem i els transformarem en un nou objecte. Al cartell de l&#8217;enlla\u00e7 s&#8217;explica el que\u00a0necessitem: <a href=\"https:\/\/images.tpvescola.com\/?getfile=4%2BQ5nW6Wf475%2FN8J1NfMDIg9kOuZ%2FLzaakd4OPT4e%2Fs%3D\" target=\"_blank\" rel=\"noopener noreferrer\" data-saferedirecturl=\"https:\/\/www.google.com\/url?q=https:\/\/images.tpvescola.com\/?getfile%3D4%252BQ5nW6Wf475%252FN8J1NfMDIg9kOuZ%252FLzaakd4OPT4e%252Fs%253D&amp;source=gmail&amp;ust=1707896745987000&amp;usg=AOvVaw0hXYDwzG2md4x_eWb7RhOe\">Info recollida taps.pdf<\/a><\/p>\n<\/div>\n<\/div>\n<div>\n<div>\n<p style=\"text-align: justify;\">Us demanem, doncs, que durant aquestes setmanes guardeu els taps de les ampolles de pl\u00e0stic, bricks, refrescos, oli, detergents, sabons pel cos, xamp\u00fas, joguines, etc. i que els porteu a l&#8217;institut i els doneu a les vostres professores de tecnologia.<\/p>\n<\/div>\n<\/div>\n","protected":false},"excerpt":{"rendered":"<p>Durant la setmana del 26 de febrer a l&#8217;1 de mar\u00e7, tot l&#8217;alumnat de 2n d&#8217;ESO de l&#8217;\u00cdnter far\u00e0 un taller anomenat Saps com es recicla el pl\u00e0stic? que dirigiran monitors que formen part del projecte <a href=\"https:\/\/www.preciousplastic.com\/\" target=\"_blank\" rel=\"noopener noreferrer\" data-saferedirecturl=\"https:\/\/www.google.com\/url?q=https:\/\/www.preciousplastic.com\/&amp;source=gmail&amp;ust=1707896745987000&amp;usg=AOvVaw21YYSIchEwyPEE10zHcSFr\">Precious Plastic Nomads<\/a>. Es&hellip;  <a href=\"https:\/\/agora.xtec.cat\/ins-intermunicipal\/general\/reciclem-el-plastic\/\" title=\"Read Reciclem el pl\u00e0stic!\">Llegeix m\u00e9s\u00bb<\/a><\/p>\n","protected":false},"author":7,"featured_media":1989,"comment_status":"closed","ping_status":"closed","sticky":false,"template":"","format":"standard","meta":{"_bbp_topic_count":0,"_bbp_reply_count":0,"_bbp_total_topic_count":0,"_bbp_total_reply_count":0,"_bbp_voice_count":0,"_bbp_anonymous_reply_count":0,"_bbp_topic_count_hidden":0,"_bbp_reply_count_hidden":0,"_bbp_forum_subforum_count":0,"footnotes":""},"categories":[5,3,1,29],"tags":[346,348,347,349,293],"class_list":["post-1987","post","type-post","status-publish","format-standard","has-post-thumbnail","hentry","category-eso-2","category-eso","category-general","category-portada","tag-plastic","tag-precious-plastic-nomads","tag-reciclar","tag-taps","tag-tecnologia"],"post_mailing_queue_ids":[],"_links":{"self":[{"href":"https:\/\/agora.xtec.cat\/ins-intermunicipal\/wp-json\/wp\/v2\/posts\/1987","targetHints":{"allow":["GET"]}}],"collection":[{"href":"https:\/\/agora.xtec.cat\/ins-intermunicipal\/wp-json\/wp\/v2\/posts"}],"about":[{"href":"https:\/\/agora.xtec.cat\/ins-intermunicipal\/wp-json\/wp\/v2\/types\/post"}],"author":[{"embeddable":true,"href":"https:\/\/agora.xtec.cat\/ins-intermunicipal\/wp-json\/wp\/v2\/users\/7"}],"replies":[{"embeddable":true,"href":"https:\/\/agora.xtec.cat\/ins-intermunicipal\/wp-json\/wp\/v2\/comments?post=1987"}],"version-history":[{"count":2,"href":"https:\/\/agora.xtec.cat\/ins-intermunicipal\/wp-json\/wp\/v2\/posts\/1987\/revisions"}],"predecessor-version":[{"id":1990,"href":"https:\/\/agora.xtec.cat\/ins-intermunicipal\/wp-json\/wp\/v2\/posts\/1987\/revisions\/1990"}],"wp:featuredmedia":[{"embeddable":true,"href":"https:\/\/agora.xtec.cat\/ins-intermunicipal\/wp-json\/wp\/v2\/media\/1989"}],"wp:attachment":[{"href":"https:\/\/agora.xtec.cat\/ins-intermunicipal\/wp-json\/wp\/v2\/media?parent=1987"}],"wp:term":[{"taxonomy":"category","embeddable":true,"href":"https:\/\/agora.xtec.cat\/ins-intermunicipal\/wp-json\/wp\/v2\/categories?post=1987"},{"taxonomy":"post_tag","embeddable":true,"href":"https:\/\/agora.xtec.cat\/ins-intermunicipal\/wp-json\/wp\/v2\/tags?post=1987"}],"curies":[{"name":"wp","href":"https:\/\/api.w.org\/{rel}","templated":true}]}}