{"id":1944,"date":"2024-02-09T14:02:23","date_gmt":"2024-02-09T13:02:23","guid":{"rendered":"https:\/\/agora.xtec.cat\/ins-intermunicipal\/?p=1944"},"modified":"2024-02-09T17:38:59","modified_gmt":"2024-02-09T16:38:59","slug":"repensen-el-pati-de-linter","status":"publish","type":"post","link":"https:\/\/agora.xtec.cat\/ins-intermunicipal\/general\/repensen-el-pati-de-linter\/","title":{"rendered":"(Re)pensem el pati de l\u2019\u00cdnter"},"content":{"rendered":"<p style=\"text-align: justify;\"><a href=\"https:\/\/agora.xtec.cat\/ins-intermunicipal\/wp-content\/uploads\/usu2220\/2024\/02\/pati_page-0001.jpg\"><img loading=\"lazy\" decoding=\"async\" class=\"alignleft wp-image-1943 \" src=\"https:\/\/agora.xtec.cat\/ins-intermunicipal\/wp-content\/uploads\/usu2220\/2024\/02\/pati_page-0001-300x207.jpg\" alt=\"\" width=\"362\" height=\"250\" srcset=\"https:\/\/agora.xtec.cat\/ins-intermunicipal\/wp-content\/uploads\/usu2220\/2024\/02\/pati_page-0001-300x207.jpg 300w, https:\/\/agora.xtec.cat\/ins-intermunicipal\/wp-content\/uploads\/usu2220\/2024\/02\/pati_page-0001-768x530.jpg 768w, https:\/\/agora.xtec.cat\/ins-intermunicipal\/wp-content\/uploads\/usu2220\/2024\/02\/pati_page-0001.jpg 957w\" sizes=\"auto, (max-width: 362px) 100vw, 362px\" \/><\/a>L\u2019alumnat de Projecte de Diversificaci\u00f3 Curricular de 3r d\u2019ESO del nostre institut participen en el projecte col\u00b7lectiu de disseny i reforma del pati en col\u00b7laboraci\u00f3 amb <a href=\"https:\/\/www.arquitecturadecontacte.cat\/\" target=\"_blank\" rel=\"noopener\"><b>Arquitectura de contacte<\/b><\/a>. Aquests alumnes han intervingut en una primera fase de car\u00e0cter participatiu per detectar quines necessitats tenim i el resultat ha estat que cal recuperar un espai de calma, que seria interessant disposar d\u2019una \u00e0gora per poder-hi fer classes a l\u2019exterior i, tamb\u00e9, que caldria cultivar un jard\u00ed bot\u00e0nic i dotar el pati de bancs i taules.<\/p>\n<p align=\"justify\">Despr\u00e9s de la detecci\u00f3 de necessitats, es va encetar un proc\u00e9s de 4 sessions de treball durant els mesos de gener i de febrer. Finalment, una part del projecte es materialitzar\u00e0<span style=\"font-family: inherit; font-size: 1em;\"> a trav\u00e9s d\u2019un taller que es far\u00e0 durant les Jornades Culturals.<\/span><\/p>\n<p align=\"justify\">Aviat comen\u00e7arem a veure canvis al pati. Mentrestant, per\u00f2, us convidem a veure el document <a href=\"https:\/\/agora.xtec.cat\/ins-intermunicipal\/wp-content\/uploads\/usu2220\/2024\/02\/PresentacioIESIntermunicipal-3.pdf\" target=\"_blank\" rel=\"noopener\"><b>(Re)pensem el pati de l&#8217;Institut Intermunicipal del Pened\u00e8s<\/b><\/a> que explica tot el proc\u00e9s de treball i us deixem, tamb\u00e9, el v\u00eddeo de la presentaci\u00f3 del projecte que es va fer el dimarts 7 de febrer.<\/p>\n<p style=\"text-align: center;\" align=\"justify\"><iframe loading=\"lazy\" src=\"\/\/www.youtube.com\/embed\/7S0pzTCJrtU?si=gye80H3ZwnAHUeJv\" width=\"560\" height=\"314\" allowfullscreen=\"allowfullscreen\"><\/iframe><\/p>\n<p align=\"justify\">\n","protected":false},"excerpt":{"rendered":"<p><a href=\"https:\/\/agora.xtec.cat\/ins-intermunicipal\/wp-content\/uploads\/usu2220\/2024\/02\/pati_page-0001.jpg\"><\/a>L\u2019alumnat de Projecte de Diversificaci\u00f3 Curricular de 3r d\u2019ESO del nostre institut participen en el projecte col\u00b7lectiu de disseny i reforma del pati en col\u00b7laboraci\u00f3 amb <a href=\"https:\/\/www.arquitecturadecontacte.cat\/\" target=\"_blank\" rel=\"noopener\">Arquitectura de contacte<\/a>. Aquests alumnes han intervingut en una primera fase de car\u00e0cter participatiu per&hellip;  <a href=\"https:\/\/agora.xtec.cat\/ins-intermunicipal\/general\/repensen-el-pati-de-linter\/\" title=\"Read (Re)pensem el pati de l\u2019\u00cdnter\">Llegeix m\u00e9s\u00bb<\/a><\/p>\n","protected":false},"author":7,"featured_media":1943,"comment_status":"closed","ping_status":"closed","sticky":false,"template":"","format":"standard","meta":{"_bbp_topic_count":0,"_bbp_reply_count":0,"_bbp_total_topic_count":0,"_bbp_total_reply_count":0,"_bbp_voice_count":0,"_bbp_anonymous_reply_count":0,"_bbp_topic_count_hidden":0,"_bbp_reply_count_hidden":0,"_bbp_forum_subforum_count":0,"footnotes":""},"categories":[6,3,1,29],"tags":[341,342,344,343,340],"class_list":["post-1944","post","type-post","status-publish","format-standard","has-post-thumbnail","hentry","category-3eso","category-eso","category-general","category-portada","tag-repensem-el-pati","tag-arquitectura-de-contacte","tag-deteccio-de-necessitats","tag-participacio","tag-pdc"],"post_mailing_queue_ids":[],"_links":{"self":[{"href":"https:\/\/agora.xtec.cat\/ins-intermunicipal\/wp-json\/wp\/v2\/posts\/1944","targetHints":{"allow":["GET"]}}],"collection":[{"href":"https:\/\/agora.xtec.cat\/ins-intermunicipal\/wp-json\/wp\/v2\/posts"}],"about":[{"href":"https:\/\/agora.xtec.cat\/ins-intermunicipal\/wp-json\/wp\/v2\/types\/post"}],"author":[{"embeddable":true,"href":"https:\/\/agora.xtec.cat\/ins-intermunicipal\/wp-json\/wp\/v2\/users\/7"}],"replies":[{"embeddable":true,"href":"https:\/\/agora.xtec.cat\/ins-intermunicipal\/wp-json\/wp\/v2\/comments?post=1944"}],"version-history":[{"count":6,"href":"https:\/\/agora.xtec.cat\/ins-intermunicipal\/wp-json\/wp\/v2\/posts\/1944\/revisions"}],"predecessor-version":[{"id":1958,"href":"https:\/\/agora.xtec.cat\/ins-intermunicipal\/wp-json\/wp\/v2\/posts\/1944\/revisions\/1958"}],"wp:featuredmedia":[{"embeddable":true,"href":"https:\/\/agora.xtec.cat\/ins-intermunicipal\/wp-json\/wp\/v2\/media\/1943"}],"wp:attachment":[{"href":"https:\/\/agora.xtec.cat\/ins-intermunicipal\/wp-json\/wp\/v2\/media?parent=1944"}],"wp:term":[{"taxonomy":"category","embeddable":true,"href":"https:\/\/agora.xtec.cat\/ins-intermunicipal\/wp-json\/wp\/v2\/categories?post=1944"},{"taxonomy":"post_tag","embeddable":true,"href":"https:\/\/agora.xtec.cat\/ins-intermunicipal\/wp-json\/wp\/v2\/tags?post=1944"}],"curies":[{"name":"wp","href":"https:\/\/api.w.org\/{rel}","templated":true}]}}