{"id":1937,"date":"2024-02-08T20:35:59","date_gmt":"2024-02-08T19:35:59","guid":{"rendered":"https:\/\/agora.xtec.cat\/ins-intermunicipal\/?p=1937"},"modified":"2024-02-08T20:35:59","modified_gmt":"2024-02-08T19:35:59","slug":"cerquen-un-gerocultor-a-a-torrelavit","status":"publish","type":"post","link":"https:\/\/agora.xtec.cat\/ins-intermunicipal\/formacio-professional\/feina-fp\/cerquen-un-gerocultor-a-a-torrelavit\/","title":{"rendered":"Cerquen un gerocultor\/a a Torrelavit"},"content":{"rendered":"<p>Cerquen professionals amb la titulaci\u00f3 d&#8217;atenci\u00f3 a les persones en situaci\u00f3 de depend\u00e8ncia o cures auxiliars d&#8217;infermeria o titulaci\u00f3 equivalent, per a un centre de serveis per a Gent Gran de Torrelavit<\/p>\n<p>La persona seleccionada s&#8217;ocupar\u00e0 de realitzar l&#8217;acompanyament als usuaris del centre, participant en les diferents activitats i tallers que s&#8217;hi desenvolupen, tot vetllant per correcte estat de salut dels usuaris\/es i atenent les seves necessitats.<\/p>\n<p>S&#8217;ofereix:<\/p>\n<p>Contracte: contracte per cobrir vacances.<\/p>\n<p>Incorporaci\u00f3: 8 de mar\u00e7<\/p>\n<p>Horari: jornada completa (11-19h)<\/p>\n<p>Salari: Segons conveni Gercat.<\/p>\n<div class=\"spacing--vertical-2\"><\/div>\n<div class=\"job-description__content\">\n<p><ins>Formaci\u00f3:<\/ins><\/p>\n<p>Certificat de Professionalitat, T\u00e8cnic Cures Auxiliars d&#8217;Infermeria, o T\u00e8cnic d&#8217;Atenci\u00f3 a Persones amb Depend\u00e8ncia.<\/p>\n<p><ins>Experi\u00e8ncia:<\/ins><\/p>\n<p>Aportar experi\u00e8ncia demostrable en l&#8217;atenci\u00f3 a persones amb situaci\u00f3 de depend\u00e8ncia.<\/p>\n<p><ins>Perfil competencial:<\/ins><\/p>\n<p>Se cerquen professionals amb estil de comunicaci\u00f3 proper, empatia i assertivitat i facilitat per treballar en equip. Orientats\/des en millorar la qualitat de vida i el benestar de les persones.<\/p>\n<p><ins>Altres:<\/ins><\/p>\n<p>Cerquen professionals amb disponibilitat per realitzar diferents torns de treball.<\/p>\n<p>Tindran prioritat les candidatures que acreditin certificat de discapacitat.<\/p>\n<\/div>\n<p>Les persones interessades poden inscriure&#8217;s al web de <a href=\"https:\/\/sumaracciosocial.talentclue.com\/ca\/node\/104630345\/4590\">Sumar<\/a>.<\/p>\n","protected":false},"excerpt":{"rendered":"<p>Cerquen professionals amb la titulaci\u00f3 d&#8217;atenci\u00f3 a les persones en situaci\u00f3 de depend\u00e8ncia o cures auxiliars d&#8217;infermeria o titulaci\u00f3 equivalent, per a un centre de serveis per a Gent Gran de Torrelavit<br \/>\nLa persona seleccionada s&#8217;ocupar\u00e0 de realitzar l&#8217;acompanyament als usuaris del centre, participant en les&hellip;  <a href=\"https:\/\/agora.xtec.cat\/ins-intermunicipal\/formacio-professional\/feina-fp\/cerquen-un-gerocultor-a-a-torrelavit\/\" title=\"Read Cerquen un gerocultor\/a a Torrelavit\">Llegeix m\u00e9s\u00bb<\/a><\/p>\n","protected":false},"author":8,"featured_media":0,"comment_status":"closed","ping_status":"closed","sticky":false,"template":"","format":"standard","meta":{"_bbp_topic_count":0,"_bbp_reply_count":0,"_bbp_total_topic_count":0,"_bbp_total_reply_count":0,"_bbp_voice_count":0,"_bbp_anonymous_reply_count":0,"_bbp_topic_count_hidden":0,"_bbp_reply_count_hidden":0,"_bbp_forum_subforum_count":0,"footnotes":""},"categories":[189],"tags":[250],"class_list":["post-1937","post","type-post","status-publish","format-standard","hentry","category-feina-fp","tag-cfgm-atencio-a-persones-en-situacio-de-dependencia"],"post_mailing_queue_ids":[],"_links":{"self":[{"href":"https:\/\/agora.xtec.cat\/ins-intermunicipal\/wp-json\/wp\/v2\/posts\/1937","targetHints":{"allow":["GET"]}}],"collection":[{"href":"https:\/\/agora.xtec.cat\/ins-intermunicipal\/wp-json\/wp\/v2\/posts"}],"about":[{"href":"https:\/\/agora.xtec.cat\/ins-intermunicipal\/wp-json\/wp\/v2\/types\/post"}],"author":[{"embeddable":true,"href":"https:\/\/agora.xtec.cat\/ins-intermunicipal\/wp-json\/wp\/v2\/users\/8"}],"replies":[{"embeddable":true,"href":"https:\/\/agora.xtec.cat\/ins-intermunicipal\/wp-json\/wp\/v2\/comments?post=1937"}],"version-history":[{"count":1,"href":"https:\/\/agora.xtec.cat\/ins-intermunicipal\/wp-json\/wp\/v2\/posts\/1937\/revisions"}],"predecessor-version":[{"id":1938,"href":"https:\/\/agora.xtec.cat\/ins-intermunicipal\/wp-json\/wp\/v2\/posts\/1937\/revisions\/1938"}],"wp:attachment":[{"href":"https:\/\/agora.xtec.cat\/ins-intermunicipal\/wp-json\/wp\/v2\/media?parent=1937"}],"wp:term":[{"taxonomy":"category","embeddable":true,"href":"https:\/\/agora.xtec.cat\/ins-intermunicipal\/wp-json\/wp\/v2\/categories?post=1937"},{"taxonomy":"post_tag","embeddable":true,"href":"https:\/\/agora.xtec.cat\/ins-intermunicipal\/wp-json\/wp\/v2\/tags?post=1937"}],"curies":[{"name":"wp","href":"https:\/\/api.w.org\/{rel}","templated":true}]}}