{"id":1933,"date":"2024-02-08T20:11:48","date_gmt":"2024-02-08T19:11:48","guid":{"rendered":"https:\/\/agora.xtec.cat\/ins-intermunicipal\/?p=1933"},"modified":"2024-02-11T11:54:52","modified_gmt":"2024-02-11T10:54:52","slug":"taller-sobre-comunicacio-no-violenta-al-cfgs-deducacio-infantil","status":"publish","type":"post","link":"https:\/\/agora.xtec.cat\/ins-intermunicipal\/general\/taller-sobre-comunicacio-no-violenta-al-cfgs-deducacio-infantil\/","title":{"rendered":"Taller sobre comunicaci\u00f3 no violenta al CFGS d&#8217;Educaci\u00f3 Infantil"},"content":{"rendered":"<p>L&#8217;alumnat de 2n del CFGS d&#8217;Educaci\u00f3 Infantil, dins del m\u00f2dul d&#8217;habilitats socials, ha dut a terme aquesta setmana un taller per a con\u00e8ixer aspectes de la comunicaci\u00f3 no violenta.<br \/>\nLa comunicaci\u00f3 no violenta, segons Rosenberg, \u00e9s una manera de comunicar-nos que ens permet establir una connexi\u00f3 emp\u00e0tica amb nosaltres mateixos i amb els altres. Els passos s\u00f3n:<\/p>\n<p>1. Expressar el que observem sense jutjar.<br \/>\n2. Expressar el que sentim des del jo.<br \/>\n3. Observar el que necessitem<br \/>\n4. Expressar peticions.<br \/>\nUna introducci\u00f3 al tema que considerem molt v\u00e0lida.<\/p>\n<p><a href=\"https:\/\/agora.xtec.cat\/ins-intermunicipal\/wp-content\/uploads\/usu2220\/2024\/02\/20240208_083420-scaled.jpg\"><img loading=\"lazy\" decoding=\"async\" class=\"alignnone size-large wp-image-1934\" src=\"https:\/\/agora.xtec.cat\/ins-intermunicipal\/wp-content\/uploads\/usu2220\/2024\/02\/20240208_083420-1024x1024.jpg\" alt=\"\" width=\"1024\" height=\"1024\" srcset=\"https:\/\/agora.xtec.cat\/ins-intermunicipal\/wp-content\/uploads\/usu2220\/2024\/02\/20240208_083420-1024x1024.jpg 1024w, https:\/\/agora.xtec.cat\/ins-intermunicipal\/wp-content\/uploads\/usu2220\/2024\/02\/20240208_083420-300x300.jpg 300w, https:\/\/agora.xtec.cat\/ins-intermunicipal\/wp-content\/uploads\/usu2220\/2024\/02\/20240208_083420-150x150.jpg 150w, https:\/\/agora.xtec.cat\/ins-intermunicipal\/wp-content\/uploads\/usu2220\/2024\/02\/20240208_083420-768x768.jpg 768w, https:\/\/agora.xtec.cat\/ins-intermunicipal\/wp-content\/uploads\/usu2220\/2024\/02\/20240208_083420-1536x1536.jpg 1536w, https:\/\/agora.xtec.cat\/ins-intermunicipal\/wp-content\/uploads\/usu2220\/2024\/02\/20240208_083420-2048x2048.jpg 2048w\" sizes=\"auto, (max-width: 1024px) 100vw, 1024px\" \/><\/a><\/p>\n<p>&nbsp;<\/p>\n","protected":false},"excerpt":{"rendered":"<p>L&#8217;alumnat de 2n del CFGS d&#8217;Educaci\u00f3 Infantil, dins del m\u00f2dul d&#8217;habilitats socials, ha dut a terme aquesta setmana un taller per a con\u00e8ixer aspectes de la comunicaci\u00f3 no violenta.<br \/>\nLa comunicaci\u00f3 no violenta, segons Rosenberg, \u00e9s una manera de comunicar-nos que ens permet establir una connexi\u00f3&hellip;  <a href=\"https:\/\/agora.xtec.cat\/ins-intermunicipal\/general\/taller-sobre-comunicacio-no-violenta-al-cfgs-deducacio-infantil\/\" title=\"Read Taller sobre comunicaci\u00f3 no violenta al CFGS d&#8217;Educaci\u00f3 Infantil\">Llegeix m\u00e9s\u00bb<\/a><\/p>\n","protected":false},"author":8,"featured_media":1934,"comment_status":"closed","ping_status":"closed","sticky":false,"template":"","format":"standard","meta":{"_bbp_topic_count":0,"_bbp_reply_count":0,"_bbp_total_topic_count":0,"_bbp_total_reply_count":0,"_bbp_voice_count":0,"_bbp_anonymous_reply_count":0,"_bbp_topic_count_hidden":0,"_bbp_reply_count_hidden":0,"_bbp_forum_subforum_count":0,"footnotes":""},"categories":[30,1,29],"tags":[252],"class_list":["post-1933","post","type-post","status-publish","format-standard","has-post-thumbnail","hentry","category-formacio-professional","category-general","category-portada","tag-cfgs-deducacio-infantil"],"post_mailing_queue_ids":[],"_links":{"self":[{"href":"https:\/\/agora.xtec.cat\/ins-intermunicipal\/wp-json\/wp\/v2\/posts\/1933","targetHints":{"allow":["GET"]}}],"collection":[{"href":"https:\/\/agora.xtec.cat\/ins-intermunicipal\/wp-json\/wp\/v2\/posts"}],"about":[{"href":"https:\/\/agora.xtec.cat\/ins-intermunicipal\/wp-json\/wp\/v2\/types\/post"}],"author":[{"embeddable":true,"href":"https:\/\/agora.xtec.cat\/ins-intermunicipal\/wp-json\/wp\/v2\/users\/8"}],"replies":[{"embeddable":true,"href":"https:\/\/agora.xtec.cat\/ins-intermunicipal\/wp-json\/wp\/v2\/comments?post=1933"}],"version-history":[{"count":3,"href":"https:\/\/agora.xtec.cat\/ins-intermunicipal\/wp-json\/wp\/v2\/posts\/1933\/revisions"}],"predecessor-version":[{"id":1985,"href":"https:\/\/agora.xtec.cat\/ins-intermunicipal\/wp-json\/wp\/v2\/posts\/1933\/revisions\/1985"}],"wp:featuredmedia":[{"embeddable":true,"href":"https:\/\/agora.xtec.cat\/ins-intermunicipal\/wp-json\/wp\/v2\/media\/1934"}],"wp:attachment":[{"href":"https:\/\/agora.xtec.cat\/ins-intermunicipal\/wp-json\/wp\/v2\/media?parent=1933"}],"wp:term":[{"taxonomy":"category","embeddable":true,"href":"https:\/\/agora.xtec.cat\/ins-intermunicipal\/wp-json\/wp\/v2\/categories?post=1933"},{"taxonomy":"post_tag","embeddable":true,"href":"https:\/\/agora.xtec.cat\/ins-intermunicipal\/wp-json\/wp\/v2\/tags?post=1933"}],"curies":[{"name":"wp","href":"https:\/\/api.w.org\/{rel}","templated":true}]}}