{"id":1921,"date":"2024-02-06T12:30:55","date_gmt":"2024-02-06T11:30:55","guid":{"rendered":"https:\/\/agora.xtec.cat\/ins-intermunicipal\/?p=1921"},"modified":"2024-02-06T12:32:00","modified_gmt":"2024-02-06T11:32:00","slug":"ofertes-de-feina-2-de-febrer","status":"publish","type":"post","link":"https:\/\/agora.xtec.cat\/ins-intermunicipal\/formacio-professional\/feina-fp\/ofertes-de-feina-2-de-febrer\/","title":{"rendered":"Ofertes de feina a l&#8217;Alt Pened\u00e8s 2 de febrer"},"content":{"rendered":"<p>Compartim amb vosaltres la <a href=\"https:\/\/drive.google.com\/file\/d\/1ivX5-_lrHXHjTkUY0I2yzjPxUdzWrHJE\/view?usp=sharing\">selecci\u00f3 d&#8217;ofertes de feina<\/a> actualitzada que ens han fet arribar l&#8217;Oficina Municipal de Treball de l&#8217;Ajuntament de Vilafranca del Pened\u00e8s. Les ofertes estan vinculades als estudis d&#8217;FP que ofereix l&#8217;Institut Intermunicipal del Pened\u00e8s. A m\u00e9s, ens informen que hi ha disponibles <a href=\"https:\/\/ocupacio.vilafranca.cat\/servei-les-persones\/formacio\">cursos de formaci\u00f3<\/a> al seu servei, si us interessa.<\/p>\n","protected":false},"excerpt":{"rendered":"<p>Compartim amb vosaltres la <a href=\"https:\/\/drive.google.com\/file\/d\/1ivX5-_lrHXHjTkUY0I2yzjPxUdzWrHJE\/view?usp=sharing\">selecci\u00f3 d&#8217;ofertes de feina<\/a> actualitzada que ens han fet arribar l&#8217;Oficina Municipal de Treball de l&#8217;Ajuntament de Vilafranca del Pened\u00e8s. Les ofertes estan vinculades als estudis d&#8217;FP que ofereix l&#8217;Institut Intermunicipal del Pened\u00e8s. A m\u00e9s, ens informen que hi ha&hellip;  <a href=\"https:\/\/agora.xtec.cat\/ins-intermunicipal\/formacio-professional\/feina-fp\/ofertes-de-feina-2-de-febrer\/\" title=\"Read Ofertes de feina a l&#8217;Alt Pened\u00e8s 2 de febrer\">Llegeix m\u00e9s\u00bb<\/a><\/p>\n","protected":false},"author":8,"featured_media":0,"comment_status":"closed","ping_status":"closed","sticky":false,"template":"","format":"standard","meta":{"_bbp_topic_count":0,"_bbp_reply_count":0,"_bbp_total_topic_count":0,"_bbp_total_reply_count":0,"_bbp_voice_count":0,"_bbp_anonymous_reply_count":0,"_bbp_topic_count_hidden":0,"_bbp_reply_count_hidden":0,"_bbp_forum_subforum_count":0,"footnotes":""},"categories":[189],"tags":[183],"class_list":["post-1921","post","type-post","status-publish","format-standard","hentry","category-feina-fp","tag-fp"],"post_mailing_queue_ids":[],"_links":{"self":[{"href":"https:\/\/agora.xtec.cat\/ins-intermunicipal\/wp-json\/wp\/v2\/posts\/1921","targetHints":{"allow":["GET"]}}],"collection":[{"href":"https:\/\/agora.xtec.cat\/ins-intermunicipal\/wp-json\/wp\/v2\/posts"}],"about":[{"href":"https:\/\/agora.xtec.cat\/ins-intermunicipal\/wp-json\/wp\/v2\/types\/post"}],"author":[{"embeddable":true,"href":"https:\/\/agora.xtec.cat\/ins-intermunicipal\/wp-json\/wp\/v2\/users\/8"}],"replies":[{"embeddable":true,"href":"https:\/\/agora.xtec.cat\/ins-intermunicipal\/wp-json\/wp\/v2\/comments?post=1921"}],"version-history":[{"count":2,"href":"https:\/\/agora.xtec.cat\/ins-intermunicipal\/wp-json\/wp\/v2\/posts\/1921\/revisions"}],"predecessor-version":[{"id":1923,"href":"https:\/\/agora.xtec.cat\/ins-intermunicipal\/wp-json\/wp\/v2\/posts\/1921\/revisions\/1923"}],"wp:attachment":[{"href":"https:\/\/agora.xtec.cat\/ins-intermunicipal\/wp-json\/wp\/v2\/media?parent=1921"}],"wp:term":[{"taxonomy":"category","embeddable":true,"href":"https:\/\/agora.xtec.cat\/ins-intermunicipal\/wp-json\/wp\/v2\/categories?post=1921"},{"taxonomy":"post_tag","embeddable":true,"href":"https:\/\/agora.xtec.cat\/ins-intermunicipal\/wp-json\/wp\/v2\/tags?post=1921"}],"curies":[{"name":"wp","href":"https:\/\/api.w.org\/{rel}","templated":true}]}}